{"id":7320,"date":"2022-01-10T21:23:45","date_gmt":"2022-01-10T18:23:45","guid":{"rendered":"http:\/\/www.researchturkey.org\/the-future-of-the-british-student\/"},"modified":"2022-04-09T15:20:30","modified_gmt":"2022-04-09T12:20:30","slug":"the-future-of-the-british-student","status":"publish","type":"post","link":"http:\/\/www.researchturkey.org\/tr\/the-future-of-the-british-student\/","title":{"rendered":"\u0130ngiliz \u00d6\u011frencinin Gelece\u011fi"},"content":{"rendered":"<p><!--:en--><\/p>\n<p style=\"text-align: justify;\"><strong>Ge\u00e7en y\u0131l \u0130ngiltere\u2019de yer alan \u00f6\u011frenci protesto hareketlerinin \u2018bedava e\u011fitim\u2019 ve \u2018e\u011fitimde toplumsal e\u015fitlik\u2019 taleplerine dayanmas<\/strong>\u0131<strong>na ra\u011fmen, bir ka\u00e7 ay i\u00e7inde alevlenip h<\/strong>\u0131<strong>zla \u00e7\u00f6k\u00fc\u015fe ge\u00e7meleri bu protestolar\u0131n yanl<\/strong>\u0131<strong>zca politikac\u0131lar<\/strong>\u0131<strong> ele\u015ftirmeye y\u00f6nelik bir boyutta oldu\u011funu g\u00f6stermektedir.<\/strong><\/p>\n<p style=\"text-align: justify;\">devam\u0131 i\u00e7in t\u0131klay\u0131n\u0131z<\/p>\n<p><!--:--><!--:tr--><\/p>\n<p><!--:--><\/p>\n","protected":false},"excerpt":{"rendered":"<p>Ge\u00e7en y\u0131l \u0130ngiltere\u2019de yer alan \u00f6\u011frenci protesto hareketlerinin \u2018bedava e\u011fitim\u2019 ve \u2018e\u011fitimde toplumsal e\u015fitlik\u2019 taleplerine dayanmas\u0131na ra\u011fmen, bir ka\u00e7 ay i\u00e7inde alevlenip h\u0131zla \u00e7\u00f6k\u00fc\u015fe ge\u00e7meleri bu protestolar\u0131n yanl\u0131zca politikac\u0131lar\u0131 ele\u015ftirmeye y\u00f6nelik bir boyutta oldu\u011funu g\u00f6stermektedir. devam\u0131 i\u00e7in t\u0131klay\u0131n\u0131z<\/p>\n","protected":false},"author":194,"featured_media":7274,"comment_status":"open","ping_status":"open","sticky":false,"template":"","format":"standard","meta":{"footnotes":""},"categories":[214,215,210],"tags":[205,216,206,207,208],"_links":{"self":[{"href":"http:\/\/www.researchturkey.org\/tr\/wp-json\/wp\/v2\/posts\/7320"}],"collection":[{"href":"http:\/\/www.researchturkey.org\/tr\/wp-json\/wp\/v2\/posts"}],"about":[{"href":"http:\/\/www.researchturkey.org\/tr\/wp-json\/wp\/v2\/types\/post"}],"author":[{"embeddable":true,"href":"http:\/\/www.researchturkey.org\/tr\/wp-json\/wp\/v2\/users\/194"}],"replies":[{"embeddable":true,"href":"http:\/\/www.researchturkey.org\/tr\/wp-json\/wp\/v2\/comments?post=7320"}],"version-history":[{"count":2,"href":"http:\/\/www.researchturkey.org\/tr\/wp-json\/wp\/v2\/posts\/7320\/revisions"}],"predecessor-version":[{"id":7601,"href":"http:\/\/www.researchturkey.org\/tr\/wp-json\/wp\/v2\/posts\/7320\/revisions\/7601"}],"wp:featuredmedia":[{"embeddable":true,"href":"http:\/\/www.researchturkey.org\/tr\/wp-json\/wp\/v2\/media\/7274"}],"wp:attachment":[{"href":"http:\/\/www.researchturkey.org\/tr\/wp-json\/wp\/v2\/media?parent=7320"}],"wp:term":[{"taxonomy":"category","embeddable":true,"href":"http:\/\/www.researchturkey.org\/tr\/wp-json\/wp\/v2\/categories?post=7320"},{"taxonomy":"post_tag","embeddable":true,"href":"http:\/\/www.researchturkey.org\/tr\/wp-json\/wp\/v2\/tags?post=7320"}],"curies":[{"name":"wp","href":"https:\/\/api.w.org\/{rel}","templated":true}]}}