{"id":7328,"date":"2014-04-20T23:35:55","date_gmt":"2014-04-20T20:35:55","guid":{"rendered":"http:\/\/www.researchturkey.org\/research-turkey-public-conference-with-dr-sevinc-bermek-assessing-the-outcome-of-recent-turkish-elections-towards-a-post-akp-turkey-or-not-24-april-2014-lse\/"},"modified":"2022-06-09T15:00:06","modified_gmt":"2022-06-09T12:00:06","slug":"research-turkey-public-conference-with-dr-sevinc-bermek-assessing-the-outcome-of-recent-turkish-elections-towards-a-post-akp-turkey-or-not-24-april-2014-lse","status":"publish","type":"post","link":"http:\/\/www.researchturkey.org\/tr\/research-turkey-public-conference-with-dr-sevinc-bermek-assessing-the-outcome-of-recent-turkish-elections-towards-a-post-akp-turkey-or-not-24-april-2014-lse\/","title":{"rendered":"Research Turkey Konferans \u2013 Dr. Sevin\u00e7 Bermek: \u201cT\u00fcrkiye\u2019de Se\u00e7im Sonu\u00e7lar\u0131n\u0131 De\u011ferlendirmek: AKP Sonras\u0131 Bir T\u00fcrkiye\u2019ye Do\u011fru mu?\u201d, 24 Nisan, 2014, LSE"},"content":{"rendered":"<p><!--:en--><\/p>\n<p><strong>\u00fcrkiye Politika ve Ara\u015ft\u0131rma Merkezi (Research Turkey), edit\u00f6rlerinden\u00a0Dr. Sevin\u00e7 Bermek<\/strong>\u2018in<strong>\u00a0<\/strong>kat\u0131l\u0131m\u0131 ile\u00a0<b>\u201cT\u00fcrkiye\u2019de Se\u00e7im Sonu\u00e7lar\u0131n\u0131 De\u011ferlendirmek: AKP Sonras\u0131 Bir T\u00fcrkiye\u2019ye Do\u011fru mu?\u201d<\/b> ba\u015fl\u0131kl\u0131 bir konferans d\u00fczenleyecektir.<\/p>\n<p>Konferans,\u00a0<strong>24 Nisan 2014, Per\u015fembe\u00a0<\/strong>g\u00fcn\u00fc, saat<strong>\u00a018.30\u00a0<\/strong>ile<strong>\u00a020.00<\/strong>\u00a0aras\u0131nda,<span class=\"apple-converted-space\">\u00a0<\/span><strong>New Academic Building Room NAB.1.04, LSE, 54 Lincolns Inn Fields, WC2A 3LJ<\/strong> adresinde ger\u00e7ekle\u015ftirilecektir<b>. LSE<\/b>\u2019den<b> Do\u00e7. Dr. Jonathan Liebenau <\/b>konferans\u0131n oturum ba\u015fkanl\u0131\u011f\u0131n\u0131 y\u00fcr\u00fctecektir.<\/p>\n<p><strong>\u0130ngilizce<\/strong>\u00a0dilinde yap\u0131lacak konferans \u00fccretsiz ve halka a\u00e7\u0131kt\u0131r; ancak kat\u0131l\u0131m i\u00e7in a\u015fa\u011f\u0131daki linkten bilet alarak ya da <a href=\"https:\/\/web.archive.org\/web\/20140530075553\/mailto:events@researchturkey.org\"><b>events@researchturkey.org<\/b><\/a><b> <\/b>adresine e-posta g\u00f6nderilerek kay\u0131t olunmas\u0131 gerekmektedir.<\/p>\n<p><a href=\"https:\/\/web.archive.org\/web\/20140530075553\/http:\/\/rt-drsevincbermek-lse.eventbrite.co.uk\/\">http:\/\/rt-drsevincbermek-lse.eventbrite.co.uk<\/a><\/p>\n<p>Daha detayl\u0131 bilgi i\u00e7in bize\u00a0<a href=\"https:\/\/web.archive.org\/web\/20140530075553\/mailto:%20events@researchturkey.org\"><b>events@researchturkey.org<\/b><\/a>\u00a0adresinden ula\u015fabilirsiniz.<\/p>\n<p><!--:--><\/p>\n","protected":false},"excerpt":{"rendered":"<p>\u00fcrkiye Politika ve Ara\u015ft\u0131rma Merkezi (Research Turkey), edit\u00f6rlerinden\u00a0Dr. Sevin\u00e7 Bermek\u2018in\u00a0kat\u0131l\u0131m\u0131 ile\u00a0\u201cT\u00fcrkiye\u2019de Se\u00e7im Sonu\u00e7lar\u0131n\u0131 De\u011ferlendirmek: AKP Sonras\u0131 Bir T\u00fcrkiye\u2019ye Do\u011fru mu?\u201d ba\u015fl\u0131kl\u0131 bir konferans d\u00fczenleyecektir. Konferans,\u00a024 Nisan 2014, Per\u015fembe\u00a0g\u00fcn\u00fc, saat\u00a018.30\u00a0ile\u00a020.00\u00a0aras\u0131nda,\u00a0New Academic Building Room NAB.1.04, LSE, 54 Lincolns Inn Fields, WC2A 3LJ adresinde ger\u00e7ekle\u015ftirilecektir. LSE\u2019den Do\u00e7. Dr. Jonathan Liebenau konferans\u0131n oturum ba\u015fkanl\u0131\u011f\u0131n\u0131 y\u00fcr\u00fctecektir. \u0130ngilizce\u00a0dilinde yap\u0131lacak konferans \u00fccretsiz [&hellip;]<\/p>\n","protected":false},"author":184,"featured_media":7280,"comment_status":"open","ping_status":"open","sticky":false,"template":"","format":"standard","meta":{"footnotes":""},"categories":[237,167],"tags":[],"_links":{"self":[{"href":"http:\/\/www.researchturkey.org\/tr\/wp-json\/wp\/v2\/posts\/7328"}],"collection":[{"href":"http:\/\/www.researchturkey.org\/tr\/wp-json\/wp\/v2\/posts"}],"about":[{"href":"http:\/\/www.researchturkey.org\/tr\/wp-json\/wp\/v2\/types\/post"}],"author":[{"embeddable":true,"href":"http:\/\/www.researchturkey.org\/tr\/wp-json\/wp\/v2\/users\/184"}],"replies":[{"embeddable":true,"href":"http:\/\/www.researchturkey.org\/tr\/wp-json\/wp\/v2\/comments?post=7328"}],"version-history":[{"count":1,"href":"http:\/\/www.researchturkey.org\/tr\/wp-json\/wp\/v2\/posts\/7328\/revisions"}],"predecessor-version":[{"id":8916,"href":"http:\/\/www.researchturkey.org\/tr\/wp-json\/wp\/v2\/posts\/7328\/revisions\/8916"}],"wp:featuredmedia":[{"embeddable":true,"href":"http:\/\/www.researchturkey.org\/tr\/wp-json\/wp\/v2\/media\/7280"}],"wp:attachment":[{"href":"http:\/\/www.researchturkey.org\/tr\/wp-json\/wp\/v2\/media?parent=7328"}],"wp:term":[{"taxonomy":"category","embeddable":true,"href":"http:\/\/www.researchturkey.org\/tr\/wp-json\/wp\/v2\/categories?post=7328"},{"taxonomy":"post_tag","embeddable":true,"href":"http:\/\/www.researchturkey.org\/tr\/wp-json\/wp\/v2\/tags?post=7328"}],"curies":[{"name":"wp","href":"https:\/\/api.w.org\/{rel}","templated":true}]}}