{"id":7330,"date":"2014-04-11T23:10:31","date_gmt":"2014-04-11T20:10:31","guid":{"rendered":"http:\/\/www.researchturkey.org\/a-static-nexus-or-a-dynamic-network-rethinking-the-security-development-relationship-within-the-context-of-southeastern-anatolia-project\/"},"modified":"2022-04-09T15:29:39","modified_gmt":"2022-04-09T12:29:39","slug":"a-static-nexus-or-a-dynamic-network-rethinking-the-security-development-relationship-within-the-context-of-southeastern-anatolia-project","status":"publish","type":"post","link":"http:\/\/www.researchturkey.org\/tr\/a-static-nexus-or-a-dynamic-network-rethinking-the-security-development-relationship-within-the-context-of-southeastern-anatolia-project\/","title":{"rendered":"Kat\u0131 Bir Ba\u011f m\u0131, Dinamik Bir A\u011f m\u0131? G\u00fcvenlik ve Kalk\u0131nma Ili\u015fkisini G\u00fcneydo\u011fu Anadolu Projesi (GAP) Ba\u011flam\u0131nda Yeniden Yorumlamak"},"content":{"rendered":"<p><!--:en--><\/p>\n<h2 align=\"center\"><span style=\"color: #990000;\"><b>Kat\u0131 Bir Ba\u011f m\u0131, Dinamik Bir A\u011f m\u0131? G\u00fcvenlik ve Kalk\u0131nma Ili\u015fkisini G\u00fcneydo\u011fu Anadolu Projesi (GAP) Ba\u011flam\u0131nda Yeniden Yorumlamak<\/b><\/span><\/h2>\n<h3 align=\"center\"><span style=\"text-decoration: underline;\"><b>\u00d6zet<\/b><\/span><\/h3>\n<p style=\"text-align: justify;\">G\u00fcvenlik ve kalk\u0131nma kavramlar\u0131 Uluslararas\u0131 \u0130li\u015fkiler teori ve prati\u011finde merkezi bir yer tutmaktad\u0131r. G\u00fcvenlik ve kalk\u0131nma alanlar\u0131n\u0131n kendi i\u00e7lerinde bile tam anlam\u0131yla bir uzla\u015fma olmamas\u0131na ra\u011fmen, uluslararas\u0131 kurulu\u015flar, d\u00fc\u015f\u00fcnce kurulu\u015flar\u0131, ve \u00fcniversite bazl\u0131 ara\u015ft\u0131rmalar aras\u0131nda g\u00fcvenlik ve kalk\u0131nman\u0131n birbiriyle ba\u011fl\u0131 oldu\u011funa dair bir mutabakat vard\u0131r. Bu geli\u015fen anlay\u0131\u015fa T\u00fcrkiye Cumhuriyeti siyasi ve b\u00fcrokratik elitinin de kay\u0131ts\u0131z kalmad\u0131\u011f\u0131 ve yak\u0131n ge\u00e7mi\u015fte g\u00fcvenli\u011fi kalk\u0131nmayla, kalk\u0131nmay\u0131 da g\u00fcvenlikle ili\u015fkilendirdi\u011fi, bu ili\u015fkiden de olumlu sonu\u00e7lar elde etmeyi ama\u00e7lad\u0131\u011f\u0131 iddia edilebilir. Bu ba\u011flamda 1980\u2019li y\u0131llar\u0131n ba\u015f\u0131nda enerji \u00fcretimi ve sulamay\u0131 baz alan bir m\u00fchendislik projesi olarak G\u00fcneydo\u011fu Anadolu B\u00f6lgesi\u2019nde ba\u015flat\u0131lan G\u00fcneydo\u011fu Anadolu Projesi\u2019nin (GAP) devlet eliti taraf\u0131ndan bu \u015fekilde ele al\u0131nd\u0131\u011f\u0131, kalk\u0131nma ve GAP\u2019\u0131n K\u00fcrt sorununu \u00e7\u00f6zmek ve toplumsal bar\u0131\u015f\u0131 sa\u011flamak ad\u0131na tamamlay\u0131c\u0131 bir unsur olarak g\u00f6r\u00fcld\u00fc\u011f\u00fc \u00f6ne s\u00fcr\u00fclebilir. Bu \u00e7al\u0131\u015fma, s\u00f6z konusu g\u00fcvenlik-kalk\u0131nma \u201cba\u011f\u0131n\u0131\u201d ve g\u00fcvenlik ve kalk\u0131nman\u0131n ortak ve ayr\u0131\u015fan i\u015flevlerini incelemekte, ayr\u0131ca T\u00fcrkiye ve GAP \u00f6zeline inerek bu kavramlar\u0131n GAP \u00e7er\u00e7evesinde nas\u0131l ele al\u0131nd\u0131\u011f\u0131n\u0131 tart\u0131\u015fmaktad\u0131r. \u00c7al\u0131\u015fma ayn\u0131 zamanda g\u00fcvenlik ve kalk\u0131nma yakla\u015f\u0131mlar\u0131n\u0131 birle\u015ftirme ve iki kavram\u0131 bir \u201cba\u011f\u201d i\u00e7inde d\u00fc\u015f\u00fcnmenin gereklili\u011fini savunan \u00e7a\u011fr\u0131lara ra\u011fmen g\u00fcvenlik ve kalk\u0131nma aras\u0131ndaki ili\u015fkinin bu denli basit, kat\u0131 ve tek y\u00f6nl\u00fc olmad\u0131\u011f\u0131n\u0131 ve iki kavram\u0131 bir ba\u011f \u00e7er\u00e7evesinde d\u00fc\u015f\u00fcnmenin her zaman olumlu sonu\u00e7lar veremeyebilece\u011fini vurgulamaktad\u0131r. Bu sebeple \u00e7al\u0131\u015fma, alternatif bir yakla\u015f\u0131m ortaya koymakta ve iki alan aras\u0131ndaki ili\u015fkiyi bir ba\u011fdan ziyade, kimi zaman birbirini destekleyen, kimi zaman da birbirlerine ket vuran fikirlerin, s\u00fcre\u00e7lerin ve uygulamalar\u0131n kar\u015f\u0131l\u0131kl\u0131 etkile\u015fimde oldu\u011fu dinamik bir a\u011f gibi g\u00f6rmenin daha faydal\u0131, kapsay\u0131c\u0131, ve tutarl\u0131 olaca\u011f\u0131n\u0131n alt\u0131n\u0131 \u00e7izmektedir.<\/p>\n<h4 style=\"text-align: left;\"><a href=\"http:\/\/researchturkey.org\/articles\/arama_detay.php?id=168\">devam\u0131 i\u00e7in t\u0131klay\u0131n\u0131z&#8230;<\/a><\/h4>\n<p><!--:--><\/p>\n","protected":false},"excerpt":{"rendered":"<p>Kat\u0131 Bir Ba\u011f m\u0131, Dinamik Bir A\u011f m\u0131? G\u00fcvenlik ve Kalk\u0131nma Ili\u015fkisini G\u00fcneydo\u011fu Anadolu Projesi (GAP) Ba\u011flam\u0131nda Yeniden Yorumlamak \u00d6zet G\u00fcvenlik ve kalk\u0131nma kavramlar\u0131 Uluslararas\u0131 \u0130li\u015fkiler teori ve prati\u011finde merkezi bir yer tutmaktad\u0131r. G\u00fcvenlik ve kalk\u0131nma alanlar\u0131n\u0131n kendi i\u00e7lerinde bile tam anlam\u0131yla bir uzla\u015fma olmamas\u0131na ra\u011fmen, uluslararas\u0131 kurulu\u015flar, d\u00fc\u015f\u00fcnce kurulu\u015flar\u0131, ve \u00fcniversite bazl\u0131 ara\u015ft\u0131rmalar aras\u0131nda [&hellip;]<\/p>\n","protected":false},"author":263,"featured_media":7282,"comment_status":"open","ping_status":"open","sticky":false,"template":"","format":"standard","meta":{"footnotes":""},"categories":[238,217],"tags":[205,206,208,209],"_links":{"self":[{"href":"http:\/\/www.researchturkey.org\/tr\/wp-json\/wp\/v2\/posts\/7330"}],"collection":[{"href":"http:\/\/www.researchturkey.org\/tr\/wp-json\/wp\/v2\/posts"}],"about":[{"href":"http:\/\/www.researchturkey.org\/tr\/wp-json\/wp\/v2\/types\/post"}],"author":[{"embeddable":true,"href":"http:\/\/www.researchturkey.org\/tr\/wp-json\/wp\/v2\/users\/263"}],"replies":[{"embeddable":true,"href":"http:\/\/www.researchturkey.org\/tr\/wp-json\/wp\/v2\/comments?post=7330"}],"version-history":[{"count":2,"href":"http:\/\/www.researchturkey.org\/tr\/wp-json\/wp\/v2\/posts\/7330\/revisions"}],"predecessor-version":[{"id":7623,"href":"http:\/\/www.researchturkey.org\/tr\/wp-json\/wp\/v2\/posts\/7330\/revisions\/7623"}],"wp:featuredmedia":[{"embeddable":true,"href":"http:\/\/www.researchturkey.org\/tr\/wp-json\/wp\/v2\/media\/7282"}],"wp:attachment":[{"href":"http:\/\/www.researchturkey.org\/tr\/wp-json\/wp\/v2\/media?parent=7330"}],"wp:term":[{"taxonomy":"category","embeddable":true,"href":"http:\/\/www.researchturkey.org\/tr\/wp-json\/wp\/v2\/categories?post=7330"},{"taxonomy":"post_tag","embeddable":true,"href":"http:\/\/www.researchturkey.org\/tr\/wp-json\/wp\/v2\/tags?post=7330"}],"curies":[{"name":"wp","href":"https:\/\/api.w.org\/{rel}","templated":true}]}}