{"id":7331,"date":"2014-04-05T16:15:05","date_gmt":"2014-04-05T13:15:05","guid":{"rendered":"http:\/\/www.researchturkey.org\/turkey-the-ship-heading-east\/"},"modified":"2022-04-09T15:30:18","modified_gmt":"2022-04-09T12:30:18","slug":"turkey-the-ship-heading-east","status":"publish","type":"post","link":"http:\/\/www.researchturkey.org\/tr\/turkey-the-ship-heading-east\/","title":{"rendered":"T\u00fcrkiye: Do\u011fu\u2019ya Giden Gemi"},"content":{"rendered":"<p><!--:en--><\/p>\n<h2 align=\"center\"><span style=\"color: #990000;\"><b>T\u00fcrkiye: Do\u011fu\u2019ya Giden Gemi<\/b><\/span><\/h2>\n<p style=\"text-align: justify;\">T\u00fcrkiye, 30 Mart Pazar g\u00fcn\u00fc yeni bir se\u00e7im daha yapt\u0131. Bu asl\u0131nda s\u0131radan yerel se\u00e7imdi; ama siyasal kampla\u015fma \u00f6ylesine keskin, s\u00f6ylemler \u00f6yle d\u00fc\u015fmancayd\u0131 ki ba\u011flam\u0131n\u0131n \u00f6tesine ge\u00e7ti, \u201chayat-memat\u201d se\u00e7imi oldu \u00e7\u0131kt\u0131.<\/p>\n<p style=\"text-align: justify;\">devam\u0131 i\u00e7in <a href=\"http:\/\/researchturkey.org\/articles\/arama_detay.php?id=167\">t\u0131klay\u0131n\u0131z.<\/a><\/p>\n<p><!--:--><!--:tr--><\/p>\n<p><!--:--><\/p>\n","protected":false},"excerpt":{"rendered":"<p>T\u00fcrkiye: Do\u011fu\u2019ya Giden Gemi T\u00fcrkiye, 30 Mart Pazar g\u00fcn\u00fc yeni bir se\u00e7im daha yapt\u0131. Bu asl\u0131nda s\u0131radan yerel se\u00e7imdi; ama siyasal kampla\u015fma \u00f6ylesine keskin, s\u00f6ylemler \u00f6yle d\u00fc\u015fmancayd\u0131 ki ba\u011flam\u0131n\u0131n \u00f6tesine ge\u00e7ti, \u201chayat-memat\u201d se\u00e7imi oldu \u00e7\u0131kt\u0131. devam\u0131 i\u00e7in t\u0131klay\u0131n\u0131z.<\/p>\n","protected":false},"author":208,"featured_media":7283,"comment_status":"open","ping_status":"open","sticky":false,"template":"","format":"standard","meta":{"footnotes":""},"categories":[250,217],"tags":[239,205,251,206,252,253,254,255,256,257,258,259,260,261,262,263,209,264,265,266,228,267,268,269,270,271],"_links":{"self":[{"href":"http:\/\/www.researchturkey.org\/tr\/wp-json\/wp\/v2\/posts\/7331"}],"collection":[{"href":"http:\/\/www.researchturkey.org\/tr\/wp-json\/wp\/v2\/posts"}],"about":[{"href":"http:\/\/www.researchturkey.org\/tr\/wp-json\/wp\/v2\/types\/post"}],"author":[{"embeddable":true,"href":"http:\/\/www.researchturkey.org\/tr\/wp-json\/wp\/v2\/users\/208"}],"replies":[{"embeddable":true,"href":"http:\/\/www.researchturkey.org\/tr\/wp-json\/wp\/v2\/comments?post=7331"}],"version-history":[{"count":2,"href":"http:\/\/www.researchturkey.org\/tr\/wp-json\/wp\/v2\/posts\/7331\/revisions"}],"predecessor-version":[{"id":7626,"href":"http:\/\/www.researchturkey.org\/tr\/wp-json\/wp\/v2\/posts\/7331\/revisions\/7626"}],"wp:featuredmedia":[{"embeddable":true,"href":"http:\/\/www.researchturkey.org\/tr\/wp-json\/wp\/v2\/media\/7283"}],"wp:attachment":[{"href":"http:\/\/www.researchturkey.org\/tr\/wp-json\/wp\/v2\/media?parent=7331"}],"wp:term":[{"taxonomy":"category","embeddable":true,"href":"http:\/\/www.researchturkey.org\/tr\/wp-json\/wp\/v2\/categories?post=7331"},{"taxonomy":"post_tag","embeddable":true,"href":"http:\/\/www.researchturkey.org\/tr\/wp-json\/wp\/v2\/tags?post=7331"}],"curies":[{"name":"wp","href":"https:\/\/api.w.org\/{rel}","templated":true}]}}