{"id":7333,"date":"2022-02-25T12:19:35","date_gmt":"2022-02-25T09:19:35","guid":{"rendered":"http:\/\/www.researchturkey.org\/turkeys-eu-bid-losing-friends-trouble-ahead\/"},"modified":"2022-04-09T15:34:46","modified_gmt":"2022-04-09T12:34:46","slug":"turkeys-eu-bid-losing-friends-trouble-ahead","status":"publish","type":"post","link":"http:\/\/www.researchturkey.org\/tr\/turkeys-eu-bid-losing-friends-trouble-ahead\/","title":{"rendered":"T\u00fcrkiye\u2019nin Avrupa Birli\u011fi Hedefi: Dostlar\u0131n Kaybedilmesi ve \u0130leriye D\u00f6n\u00fck Sorunlar"},"content":{"rendered":"<p><!--:en--><\/p>\n<h2 align=\"center\"><span style=\"color: #990000;\"><b>T\u00fcrkiye\u2019nin Avrupa Birli\u011fi Hedefi: Dostlar\u0131n Kaybedilmesi ve \u0130leriye D\u00f6n\u00fck Sorunlar<\/b><\/span><\/h2>\n<h3 align=\"center\"><b><span style=\"color: #000000;\">Giri\u015f: Avrupa Parlamentosu\u2019nun 2013 T\u00fcrkiye \u0130lerleme Raporu\u2019na \u0130li\u015fkin Karar\u0131<\/span><\/b><\/h3>\n<p style=\"text-align: justify;\"><span style=\"color: #000000;\">12 Mart\u2019ta, Avrupa Parlamentosu (AP) Genel Kurul toplant\u0131s\u0131nda, T\u00fcrkiye\u2019ye dair y\u0131ll\u0131k ilerleme raporuna ili\u015fkin karar\u0131 kabul etti.<\/span><a title=\"\" href=\"file:\/\/internal.vanquisbank.co.uk\/dfs1\/Desktop\/toyonur\/Onur\/RT_Yeni%20Yazi_tr.docx#_edn1\">[i]<\/a><span style=\"color: #000000;\"> Bu, AP\u2019nin T\u00fcrkiye\u2019nin Avrupa Birli\u011fi hedefi konusundaki g\u00f6r\u00fc\u015flerini i\u00e7eren ancak ba\u011flay\u0131c\u0131 olmayan belge, ezici bir \u00e7o\u011funlukla; 153\u2019e kar\u015f\u0131 475 oy ile kabul edildi.43 parlementer ise \u00e7ekimser kald\u0131.<\/span><a title=\"\" href=\"file:\/\/internal.vanquisbank.co.uk\/dfs1\/Desktop\/toyonur\/Onur\/RT_Yeni%20Yazi_tr.docx#_edn2\">[ii]<\/a><\/p>\n<p style=\"text-align: justify;\"><span style=\"color: #000000;\"><span style=\"caret-color: #000000;\">devam\u0131 i\u00e7in<a href=\"http:\/\/researchturkey.org\/articles\/arama_detay.php?id=164\"> t\u0131klay\u0131n\u0131z &#8230;<\/a><\/span><\/span><\/p>\n<p><!--:--><!--:tr--><\/p>\n<p><!--:--><\/p>\n","protected":false},"excerpt":{"rendered":"<p>T\u00fcrkiye\u2019nin Avrupa Birli\u011fi Hedefi: Dostlar\u0131n Kaybedilmesi ve \u0130leriye D\u00f6n\u00fck Sorunlar Giri\u015f: Avrupa Parlamentosu\u2019nun 2013 T\u00fcrkiye \u0130lerleme Raporu\u2019na \u0130li\u015fkin Karar\u0131 12 Mart\u2019ta, Avrupa Parlamentosu (AP) Genel Kurul toplant\u0131s\u0131nda, T\u00fcrkiye\u2019ye dair y\u0131ll\u0131k ilerleme raporuna ili\u015fkin karar\u0131 kabul etti.[i] Bu, AP\u2019nin T\u00fcrkiye\u2019nin Avrupa Birli\u011fi hedefi konusundaki g\u00f6r\u00fc\u015flerini i\u00e7eren ancak ba\u011flay\u0131c\u0131 olmayan belge, ezici bir \u00e7o\u011funlukla; 153\u2019e kar\u015f\u0131 475 [&hellip;]<\/p>\n","protected":false},"author":244,"featured_media":7298,"comment_status":"open","ping_status":"open","sticky":false,"template":"","format":"standard","meta":{"footnotes":""},"categories":[211,214,273],"tags":[205,206,208,209],"_links":{"self":[{"href":"http:\/\/www.researchturkey.org\/tr\/wp-json\/wp\/v2\/posts\/7333"}],"collection":[{"href":"http:\/\/www.researchturkey.org\/tr\/wp-json\/wp\/v2\/posts"}],"about":[{"href":"http:\/\/www.researchturkey.org\/tr\/wp-json\/wp\/v2\/types\/post"}],"author":[{"embeddable":true,"href":"http:\/\/www.researchturkey.org\/tr\/wp-json\/wp\/v2\/users\/244"}],"replies":[{"embeddable":true,"href":"http:\/\/www.researchturkey.org\/tr\/wp-json\/wp\/v2\/comments?post=7333"}],"version-history":[{"count":2,"href":"http:\/\/www.researchturkey.org\/tr\/wp-json\/wp\/v2\/posts\/7333\/revisions"}],"predecessor-version":[{"id":7633,"href":"http:\/\/www.researchturkey.org\/tr\/wp-json\/wp\/v2\/posts\/7333\/revisions\/7633"}],"wp:featuredmedia":[{"embeddable":true,"href":"http:\/\/www.researchturkey.org\/tr\/wp-json\/wp\/v2\/media\/7298"}],"wp:attachment":[{"href":"http:\/\/www.researchturkey.org\/tr\/wp-json\/wp\/v2\/media?parent=7333"}],"wp:term":[{"taxonomy":"category","embeddable":true,"href":"http:\/\/www.researchturkey.org\/tr\/wp-json\/wp\/v2\/categories?post=7333"},{"taxonomy":"post_tag","embeddable":true,"href":"http:\/\/www.researchturkey.org\/tr\/wp-json\/wp\/v2\/tags?post=7333"}],"curies":[{"name":"wp","href":"https:\/\/api.w.org\/{rel}","templated":true}]}}