{"id":7380,"date":"2013-10-02T11:53:47","date_gmt":"2013-10-02T08:53:47","guid":{"rendered":"http:\/\/www.researchturkey.org\/turkeys-looming-immigration-crisis-syrian-refugees-and-others\/"},"modified":"2022-04-09T16:37:35","modified_gmt":"2022-04-09T13:37:35","slug":"turkeys-looming-immigration-crisis-syrian-refugees-and-others","status":"publish","type":"post","link":"http:\/\/www.researchturkey.org\/tr\/turkeys-looming-immigration-crisis-syrian-refugees-and-others\/","title":{"rendered":"T\u00fcrkiye\u2019nin Yakla\u015fan G\u00f6\u00e7men Krizi:  Suriyeli M\u00fclteciler ve Di\u011ferleri\u00a0"},"content":{"rendered":"<p><!--:en--><\/p>\n<h2 style=\"text-align: center;\"><span style=\"color: #800000;\"><b>T\u00fcrkiye\u2019nin Yakla\u015fan G\u00f6\u00e7men Krizi: <\/b><\/span><\/h2>\n<h2 style=\"text-align: center;\"><span style=\"color: #800000;\"><b>Suriyeli M\u00fclteciler ve Di\u011ferleri<\/b><\/span><b style=\"color: #800000; font-size: 1.5em; text-align: center;\">\u00a0<\/b><\/h2>\n<p style=\"text-align: justify;\">\u0130nsan hareketlili\u011fi analizi ve tahmin edilmesi g\u00fc\u00e7 olgulardan birisi. Bunun temel nedeni s\u00fcrecin karma\u015f\u0131kl\u0131\u011f\u0131, verilerin yetersizli\u011fi ve kuramsal \u00e7er\u00e7evenin hen\u00fcz olgunla\u015famam\u0131\u015f olmas\u0131d\u0131r. Uzun s\u00fcredir \u00e7at\u0131\u015fmalar \u00fczerine kurulu bir kuramsal modeli savunuyorum. Bu modelde \u00e7at\u0131\u015fma, bireyler aras\u0131nda a\u00e7\u0131\u011fa \u00e7\u0131kmam\u0131\u015f gerilimlerden \u015fiddetli \u00e7at\u0131\u015fmalara kadar uzanan geni\u015f bir yelpazede tan\u0131mlanmakta [i]. Dolay\u0131s\u0131yla genel ortam ve ger\u00e7eklik bir ucunda i\u015fbirli\u011fi, di\u011fer ucunda ise sava\u015flar olan bir s\u00fcrem (continuum) \u00fczerinde tarif edilir. Bu, bireylerin ve gruplar\u0131n yine benzer \u015fekilde, g\u00fcvende olmaktan g\u00fcvensiz duruma giden s\u00fcrem \u00fczerinde g\u00f6sterilen ger\u00e7eklik alg\u0131s\u0131nda yans\u0131mas\u0131n\u0131 bulur. \u0130nsanlar, insani g\u00fcvensizlik durumunu dayan\u0131lmaz bulduklar\u0131nda g\u00f6\u00e7 etme e\u011filimindedirler. \u00c7at\u0131\u015fma ile ba\u015f edebileceklerini d\u00fc\u015f\u00fcnd\u00fcklerinde veya g\u00f6\u00e7 etme kabiliyetleri d\u00fc\u015f\u00fckse olduklar\u0131 yerde kalma e\u011filimindedirler. Belirgin bir g\u00f6\u00e7 k\u00fclt\u00fcr\u00fcn\u00fcn varl\u0131\u011f\u0131 hareketlili\u011fi kolayla\u015ft\u0131r\u0131r ve genel \u00e7evrede de\u011fi\u015fiklikler olsa bile baz\u0131 b\u00f6lgeler ve \u00fclkelerden g\u00f6\u00e7 devaml\u0131l\u0131k g\u00f6sterir [ii]. T\u00fcrkiye hem i\u00e7eride hem kom\u015fu \u00fclkelerdeki \u00e7at\u0131\u015fmalar\u0131n bol oldu\u011fu bir co\u011frafya. Dolay\u0131s\u0131yla T\u00fcrkiye\u2019nin kom\u015fular\u0131ndan b\u00f6yle bir \u00e7at\u0131\u015fma-g\u00f6\u00e7 modeline bol miktarda \u00f6rnek bulmam\u0131z m\u00fcmk\u00fcn. Ancak g\u00f6\u00e7 ve s\u0131\u011f\u0131nma istatistiklerindeki [iii] sorunlar ve olgunun do\u011fas\u0131ndan kaynakl\u0131 sorunlar, T\u00fcrkiye\u2019ye, T\u00fcrkiye\u2019den ve T\u00fcrkiye i\u00e7indeki n\u00fcfus hareketlerinin daha kesin analizine olanak tan\u0131m\u0131yor. Dolay\u0131s\u0131yla bu k\u0131sa analizde, dolayl\u0131 ve d\u0131\u015fsal bir tak\u0131m g\u00f6stergelere ve hesaplamalara bakarak T\u00fcrkiye\u2019deki g\u00f6\u00e7\u00fcn ger\u00e7ek b\u00fcy\u00fckl\u00fc\u011f\u00fcne dair bir de\u011ferlendirme ama\u00e7lad\u0131m.<\/p>\n<p style=\"text-align: justify;\"><a href=\"http:\/\/researchturkey.org\/articles\/arama_detay.php?id=140\">devam\u0131 i\u00e7in t\u0131klay\u0131n\u0131z<\/a><\/p>\n<p><!--:--><!--:tr--><\/p>\n<p><!--:--><\/p>\n","protected":false},"excerpt":{"rendered":"<p>T\u00fcrkiye\u2019nin Yakla\u015fan G\u00f6\u00e7men Krizi: Suriyeli M\u00fclteciler ve Di\u011ferleri\u00a0 \u0130nsan hareketlili\u011fi analizi ve tahmin edilmesi g\u00fc\u00e7 olgulardan birisi. Bunun temel nedeni s\u00fcrecin karma\u015f\u0131kl\u0131\u011f\u0131, verilerin yetersizli\u011fi ve kuramsal \u00e7er\u00e7evenin hen\u00fcz olgunla\u015famam\u0131\u015f olmas\u0131d\u0131r. Uzun s\u00fcredir \u00e7at\u0131\u015fmalar \u00fczerine kurulu bir kuramsal modeli savunuyorum. Bu modelde \u00e7at\u0131\u015fma, bireyler aras\u0131nda a\u00e7\u0131\u011fa \u00e7\u0131kmam\u0131\u015f gerilimlerden \u015fiddetli \u00e7at\u0131\u015fmalara kadar uzanan geni\u015f bir yelpazede tan\u0131mlanmakta [&hellip;]<\/p>\n","protected":false},"author":249,"featured_media":7754,"comment_status":"open","ping_status":"open","sticky":false,"template":"","format":"standard","meta":{"footnotes":""},"categories":[211],"tags":[205,206,207,208,209],"_links":{"self":[{"href":"http:\/\/www.researchturkey.org\/tr\/wp-json\/wp\/v2\/posts\/7380"}],"collection":[{"href":"http:\/\/www.researchturkey.org\/tr\/wp-json\/wp\/v2\/posts"}],"about":[{"href":"http:\/\/www.researchturkey.org\/tr\/wp-json\/wp\/v2\/types\/post"}],"author":[{"embeddable":true,"href":"http:\/\/www.researchturkey.org\/tr\/wp-json\/wp\/v2\/users\/249"}],"replies":[{"embeddable":true,"href":"http:\/\/www.researchturkey.org\/tr\/wp-json\/wp\/v2\/comments?post=7380"}],"version-history":[{"count":2,"href":"http:\/\/www.researchturkey.org\/tr\/wp-json\/wp\/v2\/posts\/7380\/revisions"}],"predecessor-version":[{"id":7758,"href":"http:\/\/www.researchturkey.org\/tr\/wp-json\/wp\/v2\/posts\/7380\/revisions\/7758"}],"wp:featuredmedia":[{"embeddable":true,"href":"http:\/\/www.researchturkey.org\/tr\/wp-json\/wp\/v2\/media\/7754"}],"wp:attachment":[{"href":"http:\/\/www.researchturkey.org\/tr\/wp-json\/wp\/v2\/media?parent=7380"}],"wp:term":[{"taxonomy":"category","embeddable":true,"href":"http:\/\/www.researchturkey.org\/tr\/wp-json\/wp\/v2\/categories?post=7380"},{"taxonomy":"post_tag","embeddable":true,"href":"http:\/\/www.researchturkey.org\/tr\/wp-json\/wp\/v2\/tags?post=7380"}],"curies":[{"name":"wp","href":"https:\/\/api.w.org\/{rel}","templated":true}]}}