{"id":7385,"date":"2013-09-14T09:53:41","date_gmt":"2013-09-14T06:53:41","guid":{"rendered":"http:\/\/www.researchturkey.org\/the-syrian-quagmire-and-erdogans-coalition-of-the-willing-more-difficult-times-ahead-for-turkey-eu-relations\/"},"modified":"2022-04-09T16:50:20","modified_gmt":"2022-04-09T13:50:20","slug":"the-syrian-quagmire-and-erdogans-coalition-of-the-willing-more-difficult-times-ahead-for-turkey-eu-relations","status":"publish","type":"post","link":"http:\/\/www.researchturkey.org\/tr\/the-syrian-quagmire-and-erdogans-coalition-of-the-willing-more-difficult-times-ahead-for-turkey-eu-relations\/","title":{"rendered":"Suriye Bata\u011f\u0131 ve Erdo\u011fan\u2019\u0131n G\u00f6n\u00fcll\u00fcler Koalisyonu: T\u00fcrkiye-AB \u0130li\u015fkilerinde Daha da Zor Zamanlar m\u0131 G\u00f6z\u00fck\u00fcyor?"},"content":{"rendered":"<p><!--:en--><\/p>\n<h2 style=\"text-align: center;\"><span style=\"color: #990000;\"><b>Suriye Bata<\/b><b>\u011f\u0131 ve Erdo\u011fan\u2019\u0131n G\u00f6n\u00fcll\u00fcler Koalisyonu:<br \/>\nT\u00fcrkiye-AB \u0130li\u015fkilerinde Daha da Zor Zamanlar m\u0131 G\u00f6z\u00fck\u00fcyor?<\/b><\/span><\/h2>\n<p style=\"text-align: justify;\">\u0130ki bu\u00e7uk y\u0131l \u00f6nce Suriye\u2019de i\u00e7 sava\u015f patlak verdi\u011finden beri, T\u00fcrkiye\u2019nin Ba\u015fbakan\u0131 Recep Tayyip Erdo\u011fan, Suriye\u2019nin Ba\u015fkan\u0131 \u2013ve Diktat\u00f6r\u00fc \u2013Be\u015f\u015far Haf\u0131z Esad\u2019\u0131n en kararl\u0131 ve en g\u00f6z \u00f6n\u00fcnde olan muhaliflerinden biri oldu. 21 A\u011fustosta \u015eam\u2019\u0131n kenar mahallelerinde ilk defa kimyasal silah kullan\u0131m\u0131 \u00fczerine \u2013\u00f6l\u00fc say\u0131s\u0131 yakla\u015f\u0131k 1.429 olarak tahmin ediliyor\u2013 \u015fa\u015f\u0131rt\u0131c\u0131 olmayan bir bi\u00e7imde Erdo\u011fan, ABD Ba\u015fkan\u0131 Barack Obama\u2018n\u0131n Suriye\u2019deki \u00e7at\u0131\u015fmaya m\u00fcdahale \u00e7a\u011fr\u0131s\u0131na destek verdi.<\/p>\n<p style=\"text-align: justify;\"><a href=\"http:\/\/researchturkey.org\/articles\/arama_detay.php?id=138\">devam\u0131 i\u00e7in t\u0131klay\u0131n\u0131z&#8230;<\/a><\/p>\n<p style=\"text-align: justify;\">\n<p><!--:--><!--:tr--><\/p>\n<p><!--:--><\/p>\n","protected":false},"excerpt":{"rendered":"<p>Suriye Bata\u011f\u0131 ve Erdo\u011fan\u2019\u0131n G\u00f6n\u00fcll\u00fcler Koalisyonu: T\u00fcrkiye-AB \u0130li\u015fkilerinde Daha da Zor Zamanlar m\u0131 G\u00f6z\u00fck\u00fcyor? \u0130ki bu\u00e7uk y\u0131l \u00f6nce Suriye\u2019de i\u00e7 sava\u015f patlak verdi\u011finden beri, T\u00fcrkiye\u2019nin Ba\u015fbakan\u0131 Recep Tayyip Erdo\u011fan, Suriye\u2019nin Ba\u015fkan\u0131 \u2013ve Diktat\u00f6r\u00fc \u2013Be\u015f\u015far Haf\u0131z Esad\u2019\u0131n en kararl\u0131 ve en g\u00f6z \u00f6n\u00fcnde olan muhaliflerinden biri oldu. 21 A\u011fustosta \u015eam\u2019\u0131n kenar mahallelerinde ilk defa kimyasal silah [&hellip;]<\/p>\n","protected":false},"author":244,"featured_media":7780,"comment_status":"open","ping_status":"open","sticky":false,"template":"","format":"standard","meta":{"footnotes":""},"categories":[211],"tags":[205,206,207,208,209],"_links":{"self":[{"href":"http:\/\/www.researchturkey.org\/tr\/wp-json\/wp\/v2\/posts\/7385"}],"collection":[{"href":"http:\/\/www.researchturkey.org\/tr\/wp-json\/wp\/v2\/posts"}],"about":[{"href":"http:\/\/www.researchturkey.org\/tr\/wp-json\/wp\/v2\/types\/post"}],"author":[{"embeddable":true,"href":"http:\/\/www.researchturkey.org\/tr\/wp-json\/wp\/v2\/users\/244"}],"replies":[{"embeddable":true,"href":"http:\/\/www.researchturkey.org\/tr\/wp-json\/wp\/v2\/comments?post=7385"}],"version-history":[{"count":2,"href":"http:\/\/www.researchturkey.org\/tr\/wp-json\/wp\/v2\/posts\/7385\/revisions"}],"predecessor-version":[{"id":7783,"href":"http:\/\/www.researchturkey.org\/tr\/wp-json\/wp\/v2\/posts\/7385\/revisions\/7783"}],"wp:featuredmedia":[{"embeddable":true,"href":"http:\/\/www.researchturkey.org\/tr\/wp-json\/wp\/v2\/media\/7780"}],"wp:attachment":[{"href":"http:\/\/www.researchturkey.org\/tr\/wp-json\/wp\/v2\/media?parent=7385"}],"wp:term":[{"taxonomy":"category","embeddable":true,"href":"http:\/\/www.researchturkey.org\/tr\/wp-json\/wp\/v2\/categories?post=7385"},{"taxonomy":"post_tag","embeddable":true,"href":"http:\/\/www.researchturkey.org\/tr\/wp-json\/wp\/v2\/tags?post=7385"}],"curies":[{"name":"wp","href":"https:\/\/api.w.org\/{rel}","templated":true}]}}