{"id":7393,"date":"2013-08-15T23:10:56","date_gmt":"2013-08-15T20:10:56","guid":{"rendered":"http:\/\/www.researchturkey.org\/?p=7393"},"modified":"2022-10-16T23:00:29","modified_gmt":"2022-10-16T20:00:29","slug":"quo-vadis-turkiye-ankaras-50-years-old-candidacy-to-the-eu","status":"publish","type":"post","link":"http:\/\/www.researchturkey.org\/tr\/quo-vadis-turkiye-ankaras-50-years-old-candidacy-to-the-eu\/","title":{"rendered":"Ankara\u2019n\u0131n 50 y\u0131ll\u0131k AB Adayl\u0131\u011f\u0131"},"content":{"rendered":"<p><!--:en--><\/p>\n<p align=\"center\">\n<p align=\"center\"><b>Ankara\u2019n\u0131n 50 y\u0131ll\u0131k AB Adayl\u0131\u011f\u0131<\/b><\/p>\n<p align=\"center\"><b><br \/>\n<\/b><b>12 Eyl\u00fcl 2013<br \/>\n<\/b><b>12:00-17:00<br \/>\n<\/b><b>Br\u00fcksel<\/b><\/p>\n<p>CEPS, Amsterdam Avrupa Hukuku ve Y\u00f6neti\u015fimi Ara\u015ft\u0131rma Merkezi ve \u0130ktisadi Kalk\u0131nma Vakf\u0131 i\u015fbirli\u011finde CEPS konferans salonunda, 12 Eyl\u00fcl 2013 tarihinde Br\u00fcksel\u2019de Ankara\u2019n\u0131n 50 y\u0131ll\u0131k AB adayl\u0131\u011f\u0131 \u00fczerine konferans d\u00fczenlemektedir. Kat\u0131l\u0131m herkese a\u00e7\u0131kt\u0131r.<\/p>\n<p align=\"center\">Ayr\u0131nt\u0131l\u0131 bilgi i\u00e7in:<\/p>\n<p align=\"center\"><a href=\"http:\/\/www.ceps.be\/event\/quo-vadis-t%C3%BCrkiye-ankaras-50-years-old-candidacy-eu\">http:\/\/www.ceps.be\/event\/quo-vadis-t%C3%BCrkiye-ankaras-50-years-old-candidacy-eu<\/a><\/p>\n<p align=\"center\">\n<p><!--:--><!--:tr--><\/p>\n<p><!--:--><\/p>\n","protected":false},"excerpt":{"rendered":"<p>Ankara\u2019n\u0131n 50 y\u0131ll\u0131k AB Adayl\u0131\u011f\u0131 12 Eyl\u00fcl 2013 12:00-17:00 Br\u00fcksel CEPS, Amsterdam Avrupa Hukuku ve Y\u00f6neti\u015fimi Ara\u015ft\u0131rma Merkezi ve \u0130ktisadi Kalk\u0131nma Vakf\u0131 i\u015fbirli\u011finde CEPS konferans salonunda, 12 Eyl\u00fcl 2013 tarihinde Br\u00fcksel\u2019de Ankara\u2019n\u0131n 50 y\u0131ll\u0131k AB adayl\u0131\u011f\u0131 \u00fczerine konferans d\u00fczenlemektedir. Kat\u0131l\u0131m herkese a\u00e7\u0131kt\u0131r. Ayr\u0131nt\u0131l\u0131 bilgi i\u00e7in: http:\/\/www.ceps.be\/event\/quo-vadis-t%C3%BCrkiye-ankaras-50-years-old-candidacy-eu<\/p>\n","protected":false},"author":184,"featured_media":7754,"comment_status":"open","ping_status":"open","sticky":false,"template":"","format":"standard","meta":{"footnotes":""},"categories":[213],"tags":[],"_links":{"self":[{"href":"http:\/\/www.researchturkey.org\/tr\/wp-json\/wp\/v2\/posts\/7393"}],"collection":[{"href":"http:\/\/www.researchturkey.org\/tr\/wp-json\/wp\/v2\/posts"}],"about":[{"href":"http:\/\/www.researchturkey.org\/tr\/wp-json\/wp\/v2\/types\/post"}],"author":[{"embeddable":true,"href":"http:\/\/www.researchturkey.org\/tr\/wp-json\/wp\/v2\/users\/184"}],"replies":[{"embeddable":true,"href":"http:\/\/www.researchturkey.org\/tr\/wp-json\/wp\/v2\/comments?post=7393"}],"version-history":[{"count":2,"href":"http:\/\/www.researchturkey.org\/tr\/wp-json\/wp\/v2\/posts\/7393\/revisions"}],"predecessor-version":[{"id":9822,"href":"http:\/\/www.researchturkey.org\/tr\/wp-json\/wp\/v2\/posts\/7393\/revisions\/9822"}],"wp:featuredmedia":[{"embeddable":true,"href":"http:\/\/www.researchturkey.org\/tr\/wp-json\/wp\/v2\/media\/7754"}],"wp:attachment":[{"href":"http:\/\/www.researchturkey.org\/tr\/wp-json\/wp\/v2\/media?parent=7393"}],"wp:term":[{"taxonomy":"category","embeddable":true,"href":"http:\/\/www.researchturkey.org\/tr\/wp-json\/wp\/v2\/categories?post=7393"},{"taxonomy":"post_tag","embeddable":true,"href":"http:\/\/www.researchturkey.org\/tr\/wp-json\/wp\/v2\/tags?post=7393"}],"curies":[{"name":"wp","href":"https:\/\/api.w.org\/{rel}","templated":true}]}}