{"id":7398,"date":"2013-08-01T22:12:53","date_gmt":"2013-08-01T19:12:53","guid":{"rendered":"http:\/\/www.researchturkey.org\/why-does-turkey-need-a-rights-based-child-policy\/"},"modified":"2022-04-09T17:01:51","modified_gmt":"2022-04-09T14:01:51","slug":"why-does-turkey-need-a-rights-based-child-policy","status":"publish","type":"post","link":"http:\/\/www.researchturkey.org\/tr\/why-does-turkey-need-a-rights-based-child-policy\/","title":{"rendered":"T\u00fcrkiye\u2019nin Neden Hak Temelli Bir \u00c7ocuk Politikas\u0131na \u0130htiyac\u0131 Var?[1]"},"content":{"rendered":"<p><!--:en--><\/p>\n<h3><span style=\"color: #990000;\"><b>T\u00fcrkiye\u2019nin Neden Hak Temelli Bir \u00c7ocuk Politikas\u0131na \u0130htiyac\u0131 Var?<a title=\"\" href=\"file:\/\/\/C:\/Users\/onurtoy\/Downloads\/pazartesiicinyazi\/%C3%A7ocuk%20makalesi_06.07.2013.doc#_ftn1\">[1]<\/a><\/b><\/span><\/h3>\n<p style=\"text-align: center;\"><b>Giri\u015f<\/b><\/p>\n<p style=\"text-align: justify;\">T\u00fcrkiye Cumhuriyeti Devleti, tarihinde ilk kez \u00e7ocuklar\u0131 merkezine koyan b\u00fct\u00fcnl\u00fckl\u00fc bir d\u00fczenleme yapma gayreti i\u00e7inde. Birle\u015fmi\u015f Milletler \u00c7ocuk Haklar\u0131na Dair S\u00f6zle\u015fme\u2019nin (BM \u00c7HS) y\u00fcr\u00fcrl\u00fc\u011fe girdi\u011fi 1995 y\u0131l\u0131ndan beri<a title=\"\" href=\"file:\/\/\/C:\/Users\/onurtoy\/Downloads\/pazartesiicinyazi\/%C3%A7ocuk%20makalesi_06.07.2013.doc#_ftn2\">[2]<\/a> \u00e7ocuk haklar\u0131 alan\u0131nda \u00e7al\u0131\u015fanlar\u0131n geli\u015ftirilmesi i\u00e7in m\u00fccadele etti\u011fi \u00e7ocuk politikas\u0131, <i>en az\u0131ndan<\/i> g\u00fcndemde ve tart\u0131\u015f\u0131l\u0131yor. <i>En az\u0131ndan<\/i>, \u00e7\u00fcnk\u00fc T\u00fcrkiye \u00e7ocuk politikas\u0131n\u0131n somut g\u00f6stergesi olan ve 2012-2016 y\u0131llar\u0131n\u0131 kapsamas\u0131 planlanan \u201cUlusal \u00c7ocuk Haklar\u0131 Stratejisi\u201dnin i\u00e7eri\u011fine ve geli\u015ftirilme bi\u00e7imine dair pek \u00e7ok s\u0131k\u0131nt\u0131 oldu\u011fu gibi stratejinin uygulama plan\u0131n\u0131n hala a\u00e7\u0131klanmam\u0131\u015f olmas\u0131 da ayr\u0131 bir soru i\u015fareti yarat\u0131yor. Bir y\u0131l kadar \u00f6nce, 20 Nisan 2012 tarihinde Aile ve Sosyal Politikalar (ASPB) Bakan\u0131 Fatma \u015eahin, 2010 y\u0131l\u0131ndan beri \u00e7e\u015fitli toplant\u0131larda ve en son I. T\u00fcrkiye \u00c7ocuk Haklar\u0131 Kongresi\u2019nde geli\u015ftirilen Ulusal \u00c7ocuk Haklar\u0131 Strateji Belgesi\u2019nin \u201c\u00c7ocuk Haklar\u0131 \u0130zleme ve De\u011ferlendirme Kurulu\u201d<a title=\"\" href=\"file:\/\/\/C:\/Users\/onurtoy\/Downloads\/pazartesiicinyazi\/%C3%A7ocuk%20makalesi_06.07.2013.doc#_ftn3\">[3]<\/a> taraf\u0131ndan imzaland\u0131\u011f\u0131n\u0131 a\u00e7\u0131klad\u0131. Strateji Belgesi\u2019nde, \u00e7ocu\u011fa sayg\u0131 k\u00fclt\u00fcr\u00fc, \u00e7ocuk kat\u0131l\u0131m\u0131, medeni haklar ve \u00f6zg\u00fcrl\u00fckler, \u00e7ocu\u011fun sa\u011fl\u0131k ve sosyal g\u00fcvenli\u011fi, aile ve \u00e7ocu\u011fa y\u00f6nelik \u00f6zel koruma hizmetleri, \u00e7ocuk haklar\u0131 \u00f6\u011fretimi ve bilim, \u00e7ocuk adalet sistemi, \u00e7ocuk dostu medya ile denetleme, izleme ve de\u011ferlendirme sistemi ba\u015fl\u0131klar\u0131 alt\u0131nda \u00e7ocuk haklar\u0131n\u0131n korunmas\u0131 ve yayg\u0131nla\u015ft\u0131r\u0131lmas\u0131 i\u00e7in yap\u0131lmas\u0131 gereken yasal ve uygulamaya d\u00f6n\u00fck d\u00fczenlemeler yer al\u0131yor.<a title=\"\" href=\"file:\/\/\/C:\/Users\/onurtoy\/Downloads\/pazartesiicinyazi\/%C3%A7ocuk%20makalesi_06.07.2013.doc#_ftn4\">[4]<\/a> \u0130lk bak\u0131\u015fta \u00e7ocuklar\u0131n ya\u015famlar\u0131ndaki t\u00fcm alanlar\u0131 kapsad\u0131\u011f\u0131 d\u00fc\u015f\u00fcn\u00fclen bu ba\u015fl\u0131klardan daha \u00e7ok, i\u00e7lerinin nas\u0131l dolduruldu\u011fu, daha a\u00e7\u0131k bir ifadeyle nas\u0131l bir \u00e7ocuk ve \u00e7ocuk haklar\u0131 alg\u0131s\u0131 ile bi\u00e7imlendirildi\u011fi \u00f6nem ta\u015f\u0131yor. Bu yaz\u0131da, Strateji Belgesi\u2019nden ve g\u00fcncel geli\u015fmelerden hareketle T\u00fcrkiye Cumhuriyeti Devleti\u2019nin \u00e7ocu\u011fa bak\u0131\u015f\u0131 de\u011ferlendirilerek, hak temelli bir \u00e7ocuk alg\u0131s\u0131 ile ulusal \u00e7ocuk politikas\u0131n\u0131n neden gerekli oldu\u011funu tart\u0131\u015f\u0131lacakt\u0131r.<\/p>\n<p style=\"text-align: left;\">devam\u0131<a href=\"http:\/\/researchturkey.org\/articles\/arama_detail.php?id=123\"> i\u00e7in t\u0131klay\u0131n\u0131z.<\/a><\/p>\n<div><\/div>\n<p><!--:--><!--:tr--><\/p>\n<p><!--:--><\/p>\n","protected":false},"excerpt":{"rendered":"<p>T\u00fcrkiye\u2019nin Neden Hak Temelli Bir \u00c7ocuk Politikas\u0131na \u0130htiyac\u0131 Var?[1] Giri\u015f T\u00fcrkiye Cumhuriyeti Devleti, tarihinde ilk kez \u00e7ocuklar\u0131 merkezine koyan b\u00fct\u00fcnl\u00fckl\u00fc bir d\u00fczenleme yapma gayreti i\u00e7inde. Birle\u015fmi\u015f Milletler \u00c7ocuk Haklar\u0131na Dair S\u00f6zle\u015fme\u2019nin (BM \u00c7HS) y\u00fcr\u00fcrl\u00fc\u011fe girdi\u011fi 1995 y\u0131l\u0131ndan beri[2] \u00e7ocuk haklar\u0131 alan\u0131nda \u00e7al\u0131\u015fanlar\u0131n geli\u015ftirilmesi i\u00e7in m\u00fccadele etti\u011fi \u00e7ocuk politikas\u0131, en az\u0131ndan g\u00fcndemde ve tart\u0131\u015f\u0131l\u0131yor. En az\u0131ndan, [&hellip;]<\/p>\n","protected":false},"author":240,"featured_media":7828,"comment_status":"open","ping_status":"open","sticky":false,"template":"","format":"standard","meta":{"footnotes":""},"categories":[238],"tags":[205,206,207,208,209],"_links":{"self":[{"href":"http:\/\/www.researchturkey.org\/tr\/wp-json\/wp\/v2\/posts\/7398"}],"collection":[{"href":"http:\/\/www.researchturkey.org\/tr\/wp-json\/wp\/v2\/posts"}],"about":[{"href":"http:\/\/www.researchturkey.org\/tr\/wp-json\/wp\/v2\/types\/post"}],"author":[{"embeddable":true,"href":"http:\/\/www.researchturkey.org\/tr\/wp-json\/wp\/v2\/users\/240"}],"replies":[{"embeddable":true,"href":"http:\/\/www.researchturkey.org\/tr\/wp-json\/wp\/v2\/comments?post=7398"}],"version-history":[{"count":2,"href":"http:\/\/www.researchturkey.org\/tr\/wp-json\/wp\/v2\/posts\/7398\/revisions"}],"predecessor-version":[{"id":7831,"href":"http:\/\/www.researchturkey.org\/tr\/wp-json\/wp\/v2\/posts\/7398\/revisions\/7831"}],"wp:featuredmedia":[{"embeddable":true,"href":"http:\/\/www.researchturkey.org\/tr\/wp-json\/wp\/v2\/media\/7828"}],"wp:attachment":[{"href":"http:\/\/www.researchturkey.org\/tr\/wp-json\/wp\/v2\/media?parent=7398"}],"wp:term":[{"taxonomy":"category","embeddable":true,"href":"http:\/\/www.researchturkey.org\/tr\/wp-json\/wp\/v2\/categories?post=7398"},{"taxonomy":"post_tag","embeddable":true,"href":"http:\/\/www.researchturkey.org\/tr\/wp-json\/wp\/v2\/tags?post=7398"}],"curies":[{"name":"wp","href":"https:\/\/api.w.org\/{rel}","templated":true}]}}