{"id":7439,"date":"2013-04-18T18:58:43","date_gmt":"2013-04-18T15:58:43","guid":{"rendered":"http:\/\/www.researchturkey.org\/where-is-turkey-headed-the-rise-of-the-political-islam-in-the-recent-past\/"},"modified":"2022-04-09T18:19:00","modified_gmt":"2022-04-09T15:19:00","slug":"where-is-turkey-headed-the-rise-of-the-political-islam-in-the-recent-past","status":"publish","type":"post","link":"http:\/\/www.researchturkey.org\/tr\/where-is-turkey-headed-the-rise-of-the-political-islam-in-the-recent-past\/","title":{"rendered":"T\u00fcrkiye Nereye Gidiyor?\u00a0Siyasal \u0130slam\u2019\u0131n Yak\u0131n Tarihteki Y\u00fckseli\u015fi"},"content":{"rendered":"<p><!--:en--><\/p>\n<p align=\"center\"><span style=\"color: #990000;\"><b>T\u00fcrkiye Nereye Gidiyor?\u00a0<\/b><b style=\"font-size: 1.17em;\">Siyasal \u0130slam\u2019\u0131n Yak\u0131n Tarihteki Y\u00fckseli\u015fi<\/b><\/span><\/p>\n<p style=\"text-align: center;\"><b>I. Giri\u015f<\/b><\/p>\n<p style=\"text-align: justify;\">Bu makale uzun d\u00f6nem kat\u0131 laiklik uygulayan T\u00fcrkiye\u2019de \u0130slamc\u0131 siyasetin y\u00fckseli\u015fini analiz etmek \u00fczere kaleme al\u0131nm\u0131\u015ft\u0131r. Makalenin amac\u0131, kendi halinde bir demokrasinin, zaman zaman do\u011frudan askeri m\u00fcdahalerle kar\u015f\u0131la\u015fsa da, direndi\u011fi \u0130slamc\u0131 siyasete, ister istemez, yol a\u00e7\u0131\u015f\u0131n\u0131n dinamiklerini irdelemektir.<\/p>\n<p style=\"text-align: justify;\"><a href=\"http:\/\/researchturkey.org\/articles\/arama_detay.php?id=87\">devam\u0131 i\u00e7in t\u0131klay\u0131n\u0131z<\/a><\/p>\n<p style=\"text-align: justify;\">\n<p><!--:--><!--:tr--><\/p>\n<p><!--:--><\/p>\n","protected":false},"excerpt":{"rendered":"<p>T\u00fcrkiye Nereye Gidiyor?\u00a0Siyasal \u0130slam\u2019\u0131n Yak\u0131n Tarihteki Y\u00fckseli\u015fi I. Giri\u015f Bu makale uzun d\u00f6nem kat\u0131 laiklik uygulayan T\u00fcrkiye\u2019de \u0130slamc\u0131 siyasetin y\u00fckseli\u015fini analiz etmek \u00fczere kaleme al\u0131nm\u0131\u015ft\u0131r. Makalenin amac\u0131, kendi halinde bir demokrasinin, zaman zaman do\u011frudan askeri m\u00fcdahalerle kar\u015f\u0131la\u015fsa da, direndi\u011fi \u0130slamc\u0131 siyasete, ister istemez, yol a\u00e7\u0131\u015f\u0131n\u0131n dinamiklerini irdelemektir. devam\u0131 i\u00e7in t\u0131klay\u0131n\u0131z<\/p>\n","protected":false},"author":219,"featured_media":7754,"comment_status":"open","ping_status":"open","sticky":false,"template":"","format":"standard","meta":{"footnotes":""},"categories":[274],"tags":[205,281,206,207,209],"_links":{"self":[{"href":"http:\/\/www.researchturkey.org\/tr\/wp-json\/wp\/v2\/posts\/7439"}],"collection":[{"href":"http:\/\/www.researchturkey.org\/tr\/wp-json\/wp\/v2\/posts"}],"about":[{"href":"http:\/\/www.researchturkey.org\/tr\/wp-json\/wp\/v2\/types\/post"}],"author":[{"embeddable":true,"href":"http:\/\/www.researchturkey.org\/tr\/wp-json\/wp\/v2\/users\/219"}],"replies":[{"embeddable":true,"href":"http:\/\/www.researchturkey.org\/tr\/wp-json\/wp\/v2\/comments?post=7439"}],"version-history":[{"count":2,"href":"http:\/\/www.researchturkey.org\/tr\/wp-json\/wp\/v2\/posts\/7439\/revisions"}],"predecessor-version":[{"id":7982,"href":"http:\/\/www.researchturkey.org\/tr\/wp-json\/wp\/v2\/posts\/7439\/revisions\/7982"}],"wp:featuredmedia":[{"embeddable":true,"href":"http:\/\/www.researchturkey.org\/tr\/wp-json\/wp\/v2\/media\/7754"}],"wp:attachment":[{"href":"http:\/\/www.researchturkey.org\/tr\/wp-json\/wp\/v2\/media?parent=7439"}],"wp:term":[{"taxonomy":"category","embeddable":true,"href":"http:\/\/www.researchturkey.org\/tr\/wp-json\/wp\/v2\/categories?post=7439"},{"taxonomy":"post_tag","embeddable":true,"href":"http:\/\/www.researchturkey.org\/tr\/wp-json\/wp\/v2\/tags?post=7439"}],"curies":[{"name":"wp","href":"https:\/\/api.w.org\/{rel}","templated":true}]}}