{"id":7454,"date":"2013-02-25T19:06:37","date_gmt":"2013-02-25T16:06:37","guid":{"rendered":"http:\/\/www.researchturkey.org\/new-pursuits-in-turkish-local-government\/"},"modified":"2022-04-09T23:53:45","modified_gmt":"2022-04-09T20:53:45","slug":"new-pursuits-in-turkish-local-government","status":"publish","type":"post","link":"http:\/\/www.researchturkey.org\/tr\/new-pursuits-in-turkish-local-government\/","title":{"rendered":"T\u00fcrkiye&#8217;nin Yerel Y\u00f6netim D\u00fczeninde Yeni Aray\u0131\u015flar"},"content":{"rendered":"<p><!--:en--><\/p>\n<h2 style=\"text-align: center;\"><span style=\"color: #990000;\">T\u00fcrkiye&#8217;nin Yerel Y\u00f6netim D\u00fczeninde Yeni Aray\u0131\u015flar<\/span><\/h2>\n<h3 style=\"text-align: center;\"><b>Yerel y\u00f6netimde son de\u011fi\u015fiklikler<\/b><\/h3>\n<p style=\"text-align: justify;\">T\u00fcrk kamu y\u00f6netiminin en sorunlu alanlar\u0131ndan olan yerel y\u00f6netim d\u00fczeni, \u015fimdilerde T\u00fcrkiye g\u00fcndemini yeniden me\u015fgul etmekte. Adalet ve Kalk\u0131nma Partisinin \u00e7o\u011funluk olu\u015fturdu\u011fu Parlamentonda yak\u0131nlarda kabul edilen bir yasa<a title=\"\" href=\"file:\/\/\/C:\/Users\/onurtoy\/Downloads\/yerelyonetimmakalesiyayinahazir\/Yerel%20Yonetim%20Makalesi.Ceviri%20(1)_VY.doc#_ftn1\"><b>[1]<\/b><\/a> yerel y\u00f6netimler \u00fczerinde (yine) baz\u0131 de\u011fi\u015fiklikler ger\u00e7ekle\u015ftirdi ve yeni tart\u0131\u015fmalar\u0131n da fitilini ate\u015flemi\u015f oldu.<\/p>\n<p style=\"text-align: justify;\"><a href=\"http:\/\/researchturkey.org\/articles\/arama_detay.php?id=79\">devam\u0131 i\u00e7in t\u0131klay\u0131n\u0131z<\/a><\/p>\n<p style=\"text-align: justify;\">\n<p><!--:--><!--:tr--><\/p>\n<p><!--:--><\/p>\n","protected":false},"excerpt":{"rendered":"<p>T\u00fcrkiye&#8217;nin Yerel Y\u00f6netim D\u00fczeninde Yeni Aray\u0131\u015flar Yerel y\u00f6netimde son de\u011fi\u015fiklikler T\u00fcrk kamu y\u00f6netiminin en sorunlu alanlar\u0131ndan olan yerel y\u00f6netim d\u00fczeni, \u015fimdilerde T\u00fcrkiye g\u00fcndemini yeniden me\u015fgul etmekte. Adalet ve Kalk\u0131nma Partisinin \u00e7o\u011funluk olu\u015fturdu\u011fu Parlamentonda yak\u0131nlarda kabul edilen bir yasa[1] yerel y\u00f6netimler \u00fczerinde (yine) baz\u0131 de\u011fi\u015fiklikler ger\u00e7ekle\u015ftirdi ve yeni tart\u0131\u015fmalar\u0131n da fitilini ate\u015flemi\u015f oldu. devam\u0131 i\u00e7in t\u0131klay\u0131n\u0131z<\/p>\n","protected":false},"author":208,"featured_media":8028,"comment_status":"open","ping_status":"open","sticky":false,"template":"","format":"standard","meta":{"footnotes":""},"categories":[274],"tags":[205,281,206,207,208,209],"_links":{"self":[{"href":"http:\/\/www.researchturkey.org\/tr\/wp-json\/wp\/v2\/posts\/7454"}],"collection":[{"href":"http:\/\/www.researchturkey.org\/tr\/wp-json\/wp\/v2\/posts"}],"about":[{"href":"http:\/\/www.researchturkey.org\/tr\/wp-json\/wp\/v2\/types\/post"}],"author":[{"embeddable":true,"href":"http:\/\/www.researchturkey.org\/tr\/wp-json\/wp\/v2\/users\/208"}],"replies":[{"embeddable":true,"href":"http:\/\/www.researchturkey.org\/tr\/wp-json\/wp\/v2\/comments?post=7454"}],"version-history":[{"count":3,"href":"http:\/\/www.researchturkey.org\/tr\/wp-json\/wp\/v2\/posts\/7454\/revisions"}],"predecessor-version":[{"id":8031,"href":"http:\/\/www.researchturkey.org\/tr\/wp-json\/wp\/v2\/posts\/7454\/revisions\/8031"}],"wp:featuredmedia":[{"embeddable":true,"href":"http:\/\/www.researchturkey.org\/tr\/wp-json\/wp\/v2\/media\/8028"}],"wp:attachment":[{"href":"http:\/\/www.researchturkey.org\/tr\/wp-json\/wp\/v2\/media?parent=7454"}],"wp:term":[{"taxonomy":"category","embeddable":true,"href":"http:\/\/www.researchturkey.org\/tr\/wp-json\/wp\/v2\/categories?post=7454"},{"taxonomy":"post_tag","embeddable":true,"href":"http:\/\/www.researchturkey.org\/tr\/wp-json\/wp\/v2\/tags?post=7454"}],"curies":[{"name":"wp","href":"https:\/\/api.w.org\/{rel}","templated":true}]}}