{"id":7480,"date":"2012-12-06T20:52:19","date_gmt":"2012-12-06T17:52:19","guid":{"rendered":"http:\/\/www.researchturkey.org\/syria-turkey-and-the-middle-east-to-intervene-or-not-to-intervene\/"},"modified":"2022-04-10T00:32:12","modified_gmt":"2022-04-09T21:32:12","slug":"syria-turkey-and-the-middle-east-to-intervene-or-not-to-intervene","status":"publish","type":"post","link":"http:\/\/www.researchturkey.org\/tr\/syria-turkey-and-the-middle-east-to-intervene-or-not-to-intervene\/","title":{"rendered":"Suriye, T\u00fcrkiye ve Orta Do\u011fu: M\u00fcdahaleci Olmak Ya Da Olmamak"},"content":{"rendered":"<p><!--:en--><\/p>\n<p style=\"text-align: center;\"><strong>M\u00fcdahale Etmek mi Etmemek mi? As\u0131l Soru Bu mu?<\/strong><\/p>\n<p style=\"text-align: justify;\">Suriye\u2019de asiler ile Esad rejimi aras\u0131ndaki \u00e7at\u0131\u015fmalar g\u00fcn ge\u00e7tik\u00e7e \u015fiddetleniyor. \u00dclke i\u00e7 sava\u015f ate\u015fiyle yan\u0131p kavrulurken ne Almanya ne de di\u011fer Avrupa \u00fclkeleri askeri m\u00fcdahaleye s\u0131cak bak\u0131yorlar. E\u011fer i\u015flerin Afganistan\u2019da plana uygun gitmedi\u011fini ve Irak\u2019a yap\u0131lan m\u00fcdahalenin ba\u015flang\u0131\u00e7tan itibaren me\u015fru temellere dayanmamas\u0131n\u0131n yan\u0131nda kanl\u0131 bir karma\u015faya da yola a\u00e7t\u0131\u011f\u0131n\u0131 ak\u0131lda bulundurursak g\u00f6sterilen g\u00f6n\u00fcls\u00fcz tavr\u0131 anlamak zor de\u011fildir. Konuya i\u00e7 siyaset a\u00e7\u0131s\u0131ndan bakarsak ve Almanya\u2019da yakla\u015fan federal se\u00e7imleri g\u00f6z \u00f6n\u00fcnde bulundurursak askeri olmayan alternatiflere y\u00f6nelim daha anla\u015f\u0131labilir olmaktad\u0131r.<\/p>\n<p style=\"text-align: justify;\"><a href=\"http:\/\/researchturkey.org\/articles\/arama_detay.php?id=62\">devam\u0131 i\u00e7in t\u0131klay\u0131n\u0131z&#8230;<\/a><\/p>\n<div>\n<div style=\"text-align: justify;\"><\/div>\n<\/div>\n<p><!--:--><\/p>\n","protected":false},"excerpt":{"rendered":"<p>M\u00fcdahale Etmek mi Etmemek mi? As\u0131l Soru Bu mu? Suriye\u2019de asiler ile Esad rejimi aras\u0131ndaki \u00e7at\u0131\u015fmalar g\u00fcn ge\u00e7tik\u00e7e \u015fiddetleniyor. \u00dclke i\u00e7 sava\u015f ate\u015fiyle yan\u0131p kavrulurken ne Almanya ne de di\u011fer Avrupa \u00fclkeleri askeri m\u00fcdahaleye s\u0131cak bak\u0131yorlar. E\u011fer i\u015flerin Afganistan\u2019da plana uygun gitmedi\u011fini ve Irak\u2019a yap\u0131lan m\u00fcdahalenin ba\u015flang\u0131\u00e7tan itibaren me\u015fru temellere dayanmamas\u0131n\u0131n yan\u0131nda kanl\u0131 bir karma\u015faya [&hellip;]<\/p>\n","protected":false},"author":211,"featured_media":8106,"comment_status":"open","ping_status":"open","sticky":false,"template":"","format":"standard","meta":{"footnotes":""},"categories":[211],"tags":[205,206,284,207,208,209],"_links":{"self":[{"href":"http:\/\/www.researchturkey.org\/tr\/wp-json\/wp\/v2\/posts\/7480"}],"collection":[{"href":"http:\/\/www.researchturkey.org\/tr\/wp-json\/wp\/v2\/posts"}],"about":[{"href":"http:\/\/www.researchturkey.org\/tr\/wp-json\/wp\/v2\/types\/post"}],"author":[{"embeddable":true,"href":"http:\/\/www.researchturkey.org\/tr\/wp-json\/wp\/v2\/users\/211"}],"replies":[{"embeddable":true,"href":"http:\/\/www.researchturkey.org\/tr\/wp-json\/wp\/v2\/comments?post=7480"}],"version-history":[{"count":2,"href":"http:\/\/www.researchturkey.org\/tr\/wp-json\/wp\/v2\/posts\/7480\/revisions"}],"predecessor-version":[{"id":8109,"href":"http:\/\/www.researchturkey.org\/tr\/wp-json\/wp\/v2\/posts\/7480\/revisions\/8109"}],"wp:featuredmedia":[{"embeddable":true,"href":"http:\/\/www.researchturkey.org\/tr\/wp-json\/wp\/v2\/media\/8106"}],"wp:attachment":[{"href":"http:\/\/www.researchturkey.org\/tr\/wp-json\/wp\/v2\/media?parent=7480"}],"wp:term":[{"taxonomy":"category","embeddable":true,"href":"http:\/\/www.researchturkey.org\/tr\/wp-json\/wp\/v2\/categories?post=7480"},{"taxonomy":"post_tag","embeddable":true,"href":"http:\/\/www.researchturkey.org\/tr\/wp-json\/wp\/v2\/tags?post=7480"}],"curies":[{"name":"wp","href":"https:\/\/api.w.org\/{rel}","templated":true}]}}