{"id":7492,"date":"2012-10-23T22:25:09","date_gmt":"2012-10-23T19:25:09","guid":{"rendered":"http:\/\/www.researchturkey.org\/question-marks-in-urban-transformation\/"},"modified":"2022-04-10T16:11:23","modified_gmt":"2022-04-10T13:11:23","slug":"question-marks-in-urban-transformation","status":"publish","type":"post","link":"http:\/\/www.researchturkey.org\/tr\/question-marks-in-urban-transformation\/","title":{"rendered":"Kentsel D\u00f6n\u00fc\u015f\u00fcmde Soru \u0130\u015faretleri"},"content":{"rendered":"<p>&nbsp;<\/p>\n<p><!--:--><!--:tr--><\/p>\n<p style=\"text-align: justify;\">T\u00fcrkiye\u2019deki kalitesiz yap\u0131 sorunu art\u0131k herkesin bildi\u011fi bir ger\u00e7ek, ama 1999 depreminin a\u011f\u0131r y\u0131k\u0131c\u0131l\u0131\u011f\u0131yla kar\u015f\u0131la\u015fmadan \u00f6nce pek ciddiye al\u0131nm\u0131yordu. Resmi rakamlara g\u00f6re on sekiz bin ki\u015finin \u00f6l\u00fcm\u00fc, binlerce yap\u0131n\u0131n y\u0131k\u0131lmas\u0131yla sonu\u00e7lanan<a title=\"\" href=\"file:\/\/\/C:\/Users\/onurtoy\/Desktop\/kentsel%20donusum\/Kentsel%20Donusumde%20Soru%20Isaretleri.HifziDeveci.RT2012.doc#_edn1\">[1]<\/a> K\u00f6rfez depreminin ard\u0131ndan yaralar\u0131 h\u0131zl\u0131ca sarmak ve y\u0131k\u0131lanlar\u0131 yeniden yapmak konusunda belli bir ba\u015far\u0131ya ula\u015ft\u0131k ger\u00e7i, ama\u00a0 \u201chen\u00fcz y\u0131k\u0131lmam\u0131\u015f\u201d\u00a0 milyonlarca derme \u00e7atma yap\u0131n\u0131n yaratt\u0131\u011f\u0131 tehdidi usul\u00fcnce yok etme konusunda ayn\u0131 \u015fey s\u00f6ylenemez. On y\u0131ldan daha uzun zaman sonra deprem \u015feytan\u0131yla Van\u2019da yeniden y\u00fcz y\u00fcze gelmek, sorunu yeniden hat\u0131rlatt\u0131. Bu y\u00fczden, TBMM\u2019de ge\u00e7ti\u011fimiz g\u00fcnlerde kabul edilen 6306 say\u0131l\u0131 \u201cAfet Riski Alt\u0131ndaki Alanlar\u0131n D\u00f6n\u00fc\u015ft\u00fcr\u00fclmesi Hakk\u0131nda Kanun\u201dun<a title=\"\" href=\"file:\/\/\/C:\/Users\/onurtoy\/Desktop\/kentsel%20donusum\/Kentsel%20Donusumde%20Soru%20Isaretleri.HifziDeveci.RT2012.doc#_edn2\">[2]<\/a> gereklili\u011fi tart\u0131\u015f\u0131lamaz. Fakat bu gereklilik, objektif ele\u015ftirilerin \u00f6n\u00fcnde engel de olmamal\u0131. Sa\u011fl\u0131kl\u0131 bir \u00e7evrede ve sa\u011fl\u0131kl\u0131 konutta ya\u015famak, vatanda\u015flar\u0131m\u0131z\u0131n Anayasa ile korunan temel insan haklar\u0131ndand\u0131r, fakat \u00f6te yandan m\u00fclkiyet hakk\u0131 da \u00f6yledir. Kanun koyucunun, bu iki temel hakk\u0131 iyi bi\u00e7imde ba\u011fda\u015ft\u0131r\u0131p ba\u011fda\u015ft\u0131rmad\u0131\u011f\u0131n\u0131 a\u015fa\u011f\u0131da irdelemeye \u00e7al\u0131\u015ft\u0131k.<\/p>\n<p style=\"text-align: justify;\">devam\u0131 <a href=\"\/subscribe\">i\u00e7in t\u0131klay\u0131n\u0131z..<\/a>.<\/p>\n<p><!--:--><\/p>\n","protected":false},"excerpt":{"rendered":"<p>&nbsp; T\u00fcrkiye\u2019deki kalitesiz yap\u0131 sorunu art\u0131k herkesin bildi\u011fi bir ger\u00e7ek, ama 1999 depreminin a\u011f\u0131r y\u0131k\u0131c\u0131l\u0131\u011f\u0131yla kar\u015f\u0131la\u015fmadan \u00f6nce pek ciddiye al\u0131nm\u0131yordu. Resmi rakamlara g\u00f6re on sekiz bin ki\u015finin \u00f6l\u00fcm\u00fc, binlerce yap\u0131n\u0131n y\u0131k\u0131lmas\u0131yla sonu\u00e7lanan[1] K\u00f6rfez depreminin ard\u0131ndan yaralar\u0131 h\u0131zl\u0131ca sarmak ve y\u0131k\u0131lanlar\u0131 yeniden yapmak konusunda belli bir ba\u015far\u0131ya ula\u015ft\u0131k ger\u00e7i, ama\u00a0 \u201chen\u00fcz y\u0131k\u0131lmam\u0131\u015f\u201d\u00a0 milyonlarca derme \u00e7atma yap\u0131n\u0131n [&hellip;]<\/p>\n","protected":false},"author":208,"featured_media":7754,"comment_status":"open","ping_status":"open","sticky":false,"template":"","format":"standard","meta":{"footnotes":""},"categories":[277,204],"tags":[205,206,287,207,208,209],"_links":{"self":[{"href":"http:\/\/www.researchturkey.org\/tr\/wp-json\/wp\/v2\/posts\/7492"}],"collection":[{"href":"http:\/\/www.researchturkey.org\/tr\/wp-json\/wp\/v2\/posts"}],"about":[{"href":"http:\/\/www.researchturkey.org\/tr\/wp-json\/wp\/v2\/types\/post"}],"author":[{"embeddable":true,"href":"http:\/\/www.researchturkey.org\/tr\/wp-json\/wp\/v2\/users\/208"}],"replies":[{"embeddable":true,"href":"http:\/\/www.researchturkey.org\/tr\/wp-json\/wp\/v2\/comments?post=7492"}],"version-history":[{"count":2,"href":"http:\/\/www.researchturkey.org\/tr\/wp-json\/wp\/v2\/posts\/7492\/revisions"}],"predecessor-version":[{"id":8164,"href":"http:\/\/www.researchturkey.org\/tr\/wp-json\/wp\/v2\/posts\/7492\/revisions\/8164"}],"wp:featuredmedia":[{"embeddable":true,"href":"http:\/\/www.researchturkey.org\/tr\/wp-json\/wp\/v2\/media\/7754"}],"wp:attachment":[{"href":"http:\/\/www.researchturkey.org\/tr\/wp-json\/wp\/v2\/media?parent=7492"}],"wp:term":[{"taxonomy":"category","embeddable":true,"href":"http:\/\/www.researchturkey.org\/tr\/wp-json\/wp\/v2\/categories?post=7492"},{"taxonomy":"post_tag","embeddable":true,"href":"http:\/\/www.researchturkey.org\/tr\/wp-json\/wp\/v2\/tags?post=7492"}],"curies":[{"name":"wp","href":"https:\/\/api.w.org\/{rel}","templated":true}]}}