{"id":7497,"date":"2012-10-14T11:00:56","date_gmt":"2012-10-14T08:00:56","guid":{"rendered":"http:\/\/www.researchturkey.org\/the-route-of-syria-and-turkmens\/"},"modified":"2022-04-10T16:18:12","modified_gmt":"2022-04-10T13:18:12","slug":"the-route-of-syria-and-turkmens","status":"publish","type":"post","link":"http:\/\/www.researchturkey.org\/tr\/the-route-of-syria-and-turkmens\/","title":{"rendered":"Suriye\u2019nin Rotas\u0131 ve T\u00fcrkmenler"},"content":{"rendered":"<p><!--:--><!--:tr--><strong>\u00d6zet:<\/strong><\/p>\n<p style=\"text-align: justify;\">Kuzey Afrika\u2019da ba\u015flayan ve rejim de\u011fi\u015fikliklerine sebep olan s\u00fcre\u00e7 yahut di\u011fer ad\u0131yla \u2018Arap Bahar\u0131\u2019 son kademede Suriye\u2019yi de etkilemi\u015f, rejim kar\u015f\u0131t\u0131 ayaklanmalar\u0131n ba\u015flamas\u0131na sebep olmu\u015ftur. Haf\u0131z Esed\u2019\u0131n askeri bir darbeyle iktidara gelmesiyle h\u00e2kim olan Baas (Sosyalist Arap Milliyet\u00e7ili\u011fi) rejimi, etnik farkl\u0131l\u0131klar \u00fczerine kurulmu\u015f ve g\u00fcvenlik temelli Sovyet benzeri bir rejimle \u00fclkeyi bug\u00fcne kadar y\u00f6netmi\u015ftir. Be\u015f\u015far Esed\u2019in y\u00fczeysel kalan yumu\u015famalar\u0131 yeterli olmam\u0131\u015f ve \u00e7e\u015fitli sebeplerle muhalif hareketlerin sokaklara d\u00f6k\u00fclmesine ve adeta bir i\u00e7 sava\u015f\u0131n ba\u015flamas\u0131na sebep olmu\u015ftur. Etnik ve dinsel farkl\u0131l\u0131klar\u0131n \u00f6n plana \u00e7\u0131kt\u0131\u011f\u0131 bu s\u00fcre\u00e7te Esed, rejimi kurtarmak i\u00e7in \u2018ya bizdensiniz ya da \u00f6l\u00fcs\u00fcn\u00fcz\u2019 mant\u0131\u011f\u0131yla hareket etmi\u015f ve baz\u0131 katliamlara giri\u015fmi\u015ftir. Yaz\u0131mda Suriye\u2019nin kurulu\u015fundan bug\u00fcne kadar siyasi yap\u0131y\u0131, etnik, dinsel farkl\u0131l\u0131klar\u0131, muhalif hareketleri ve bu s\u00fcre\u00e7te hi\u00e7bir siyasi \u00e7at\u0131 \u00f6rg\u00fct\u00fc bulunmamas\u0131 sebebiyle en \u00e7ok zarar\u0131 g\u00f6ren T\u00fcrkmenleri inceleyerek, Suriye\u2019nin nereye gitti\u011fini yani rotas\u0131n\u0131 kendi \u00f6ng\u00f6r\u00fclerimle tespit etmeye \u00e7al\u0131\u015faca\u011f\u0131m. Ayr\u0131ca tarihi ba\u011f ve kom\u015fuluk ili\u015fkisi sebebiyle T\u00fcrkiye a\u00e7\u0131s\u0131ndan da gidi\u015fat\u0131n bir tahlilini yapaca\u011f\u0131m. Bu ba\u011flamda Suriye\u2019nin hen\u00fcz belirsiz olan rotas\u0131n\u0131n ileride etnik farkl\u0131l\u0131klara dayal\u0131 bir b\u00f6l\u00fcnme yahut kantonla\u015fmaya nas\u0131l gidebilece\u011fini tart\u0131\u015faca\u011f\u0131m.<\/p>\n<p style=\"text-align: justify;\"><strong>Anahtar Kelimeler: <\/strong>Be\u015far Esed, Suriye, \u00d6zg\u00fcr Suriye Ordusu, T\u00fcrkmenler, Baas, etnik farkl\u0131l\u0131klar<\/p>\n<p style=\"text-align: justify;\"><a href=\"\/subscribe\">devam\u0131 i\u00e7in t\u0131klay\u0131n\u0131z<\/a>..<\/p>\n<p style=\"text-align: justify;\">\n<p><!--:--><\/p>\n","protected":false},"excerpt":{"rendered":"<p>\u00d6zet: Kuzey Afrika\u2019da ba\u015flayan ve rejim de\u011fi\u015fikliklerine sebep olan s\u00fcre\u00e7 yahut di\u011fer ad\u0131yla \u2018Arap Bahar\u0131\u2019 son kademede Suriye\u2019yi de etkilemi\u015f, rejim kar\u015f\u0131t\u0131 ayaklanmalar\u0131n ba\u015flamas\u0131na sebep olmu\u015ftur. Haf\u0131z Esed\u2019\u0131n askeri bir darbeyle iktidara gelmesiyle h\u00e2kim olan Baas (Sosyalist Arap Milliyet\u00e7ili\u011fi) rejimi, etnik farkl\u0131l\u0131klar \u00fczerine kurulmu\u015f ve g\u00fcvenlik temelli Sovyet benzeri bir rejimle \u00fclkeyi bug\u00fcne kadar y\u00f6netmi\u015ftir. [&hellip;]<\/p>\n","protected":false},"author":206,"featured_media":8173,"comment_status":"open","ping_status":"open","sticky":false,"template":"","format":"standard","meta":{"footnotes":""},"categories":[211,273],"tags":[205,206,284,207,208,209],"_links":{"self":[{"href":"http:\/\/www.researchturkey.org\/tr\/wp-json\/wp\/v2\/posts\/7497"}],"collection":[{"href":"http:\/\/www.researchturkey.org\/tr\/wp-json\/wp\/v2\/posts"}],"about":[{"href":"http:\/\/www.researchturkey.org\/tr\/wp-json\/wp\/v2\/types\/post"}],"author":[{"embeddable":true,"href":"http:\/\/www.researchturkey.org\/tr\/wp-json\/wp\/v2\/users\/206"}],"replies":[{"embeddable":true,"href":"http:\/\/www.researchturkey.org\/tr\/wp-json\/wp\/v2\/comments?post=7497"}],"version-history":[{"count":2,"href":"http:\/\/www.researchturkey.org\/tr\/wp-json\/wp\/v2\/posts\/7497\/revisions"}],"predecessor-version":[{"id":8176,"href":"http:\/\/www.researchturkey.org\/tr\/wp-json\/wp\/v2\/posts\/7497\/revisions\/8176"}],"wp:featuredmedia":[{"embeddable":true,"href":"http:\/\/www.researchturkey.org\/tr\/wp-json\/wp\/v2\/media\/8173"}],"wp:attachment":[{"href":"http:\/\/www.researchturkey.org\/tr\/wp-json\/wp\/v2\/media?parent=7497"}],"wp:term":[{"taxonomy":"category","embeddable":true,"href":"http:\/\/www.researchturkey.org\/tr\/wp-json\/wp\/v2\/categories?post=7497"},{"taxonomy":"post_tag","embeddable":true,"href":"http:\/\/www.researchturkey.org\/tr\/wp-json\/wp\/v2\/tags?post=7497"}],"curies":[{"name":"wp","href":"https:\/\/api.w.org\/{rel}","templated":true}]}}