{"id":7502,"date":"2012-10-01T21:33:18","date_gmt":"2012-10-01T18:33:18","guid":{"rendered":"http:\/\/www.researchturkey.org\/?p=7502"},"modified":"2022-09-28T20:02:38","modified_gmt":"2022-09-28T17:02:38","slug":"from-war-to-eternal-peace-on-the-100th-anniversary-of-the-balkan-wars-good-neighborhood-relations-in-the-balkans","status":"publish","type":"post","link":"http:\/\/www.researchturkey.org\/tr\/from-war-to-eternal-peace-on-the-100th-anniversary-of-the-balkan-wars-good-neighborhood-relations-in-the-balkans\/","title":{"rendered":"Balkan Sava\u015flar\u0131n\u0131n 100. Y\u0131l\u0131nda Sava\u015ftan Kal\u0131c\u0131 Bar\u0131\u015fa: Balkanlarda \u0130yi Kom\u015fuluk \u0130li\u015fkileri"},"content":{"rendered":"<p><!--:en--><\/p>\n<p align=\"center\"><strong>4-7 Ekim 2012<\/strong><\/p>\n<p align=\"center\"><strong>\u0130nternet sitesi: <\/strong><a href=\"http:\/\/www.icon.hacettepe.edu.tr\/eng\/index.htm\" target=\"_blank\" rel=\"noopener\">http:\/\/www.icon.hacettepe.edu.tr\/eng\/index.htm<\/a><\/p>\n<p align=\"center\"><strong>\u0130gili ki\u015fi:<\/strong> Anar Somuncuo\u011flu<\/p>\n<p align=\"center\">Hacettepe \u00dcniversitesi Uluslar aras\u0131 Kom\u015fuluk Kongresini 4-7 Ekim tarihleri aras\u0131nda \u0130stanbul\u2019da ger\u00e7ekle\u015ftirecektir<\/p>\n<p><!--:--><!--:tr--><\/p>\n<p><!--:--><\/p>\n","protected":false},"excerpt":{"rendered":"<p>4-7 Ekim 2012 \u0130nternet sitesi: http:\/\/www.icon.hacettepe.edu.tr\/eng\/index.htm \u0130gili ki\u015fi: Anar Somuncuo\u011flu Hacettepe \u00dcniversitesi Uluslar aras\u0131 Kom\u015fuluk Kongresini 4-7 Ekim tarihleri aras\u0131nda \u0130stanbul\u2019da ger\u00e7ekle\u015ftirecektir<\/p>\n","protected":false},"author":184,"featured_media":7754,"comment_status":"open","ping_status":"open","sticky":false,"template":"","format":"standard","meta":{"footnotes":""},"categories":[213],"tags":[],"_links":{"self":[{"href":"http:\/\/www.researchturkey.org\/tr\/wp-json\/wp\/v2\/posts\/7502"}],"collection":[{"href":"http:\/\/www.researchturkey.org\/tr\/wp-json\/wp\/v2\/posts"}],"about":[{"href":"http:\/\/www.researchturkey.org\/tr\/wp-json\/wp\/v2\/types\/post"}],"author":[{"embeddable":true,"href":"http:\/\/www.researchturkey.org\/tr\/wp-json\/wp\/v2\/users\/184"}],"replies":[{"embeddable":true,"href":"http:\/\/www.researchturkey.org\/tr\/wp-json\/wp\/v2\/comments?post=7502"}],"version-history":[{"count":3,"href":"http:\/\/www.researchturkey.org\/tr\/wp-json\/wp\/v2\/posts\/7502\/revisions"}],"predecessor-version":[{"id":9658,"href":"http:\/\/www.researchturkey.org\/tr\/wp-json\/wp\/v2\/posts\/7502\/revisions\/9658"}],"wp:featuredmedia":[{"embeddable":true,"href":"http:\/\/www.researchturkey.org\/tr\/wp-json\/wp\/v2\/media\/7754"}],"wp:attachment":[{"href":"http:\/\/www.researchturkey.org\/tr\/wp-json\/wp\/v2\/media?parent=7502"}],"wp:term":[{"taxonomy":"category","embeddable":true,"href":"http:\/\/www.researchturkey.org\/tr\/wp-json\/wp\/v2\/categories?post=7502"},{"taxonomy":"post_tag","embeddable":true,"href":"http:\/\/www.researchturkey.org\/tr\/wp-json\/wp\/v2\/tags?post=7502"}],"curies":[{"name":"wp","href":"https:\/\/api.w.org\/{rel}","templated":true}]}}