{"id":7518,"date":"2012-08-14T19:26:52","date_gmt":"2012-08-14T16:26:52","guid":{"rendered":"http:\/\/www.researchturkey.org\/syria-a-proxy-war-between-russia-and-the-us\/"},"modified":"2022-04-10T16:53:41","modified_gmt":"2022-04-10T13:53:41","slug":"syria-a-proxy-war-between-russia-and-the-us","status":"publish","type":"post","link":"http:\/\/www.researchturkey.org\/tr\/syria-a-proxy-war-between-russia-and-the-us\/","title":{"rendered":"SUR\u0130YE: Rusya ve Birle\u015fik Devletler Aras\u0131nda Temsili bir Sava\u015f m\u0131?"},"content":{"rendered":"<p><!--:en--><\/p>\n<p>&nbsp;<\/p>\n<p style=\"text-align: justify;\"><strong>Suriye\u2019de, bir ucunda, isyanc\u0131lar\u0131 (\u2018\u00d6zg\u00fcr Suriye Ordusu\u2019) destekledi\u011fi s\u00f6ylenen Suudi Arabistan ve onun m\u00fcttefiki Birle\u015fik Devletler\u2019in, bir ucunda da\u00a0 Birle\u015fmi\u015f Milletler G\u00fcvenlik Konseyi T\u00fcz\u00fc\u011f\u00fc\u2019n\u00fcn 7. K\u0131sm\u0131na g\u00f6re karar verilmesini engelleyerek, Suriye\u2019yi koruyan Rusya\u2019n\u0131n oldu\u011fu temsili bir sava\u015f ya\u015fan\u0131yor. T\u00fcrkiye de, son g\u00fcnlerde Ba\u015fbakan Recep Tayyip Erdo\u011fan ve ABD Ba\u015fkan\u0131 Barack Obama aras\u0131ndaki telefon g\u00f6r\u00fc\u015fmelerinden de anla\u015f\u0131laca\u011f\u0131 gibi, Suriye\u2019deki post-sivil sava\u015f\u0131n sonucunu etkilemek i\u00e7in bu sava\u015f\u0131n i\u00e7inde. Bununla birlikte, Suriyeli insanlar\u0131n \u00fclkelerini nas\u0131l idare edeceklerine dair olan karar, d\u0131\u015f g\u00fc\u00e7lerin ve \u00e7\u0131karlar\u0131n\u0131n sorumlulu\u011funda olmamal\u0131.<\/strong><\/p>\n<p style=\"text-align: justify;\"><a href=\"\/subscribe\">devam\u0131 i\u00e7in t\u0131klay\u0131n\u0131z&#8230;<\/a><\/p>\n<p style=\"text-align: justify;\">\n<p><!--:--><!--:tr--><\/p>\n<p><!--:--><\/p>\n","protected":false},"excerpt":{"rendered":"<p>&nbsp; Suriye\u2019de, bir ucunda, isyanc\u0131lar\u0131 (\u2018\u00d6zg\u00fcr Suriye Ordusu\u2019) destekledi\u011fi s\u00f6ylenen Suudi Arabistan ve onun m\u00fcttefiki Birle\u015fik Devletler\u2019in, bir ucunda da\u00a0 Birle\u015fmi\u015f Milletler G\u00fcvenlik Konseyi T\u00fcz\u00fc\u011f\u00fc\u2019n\u00fcn 7. K\u0131sm\u0131na g\u00f6re karar verilmesini engelleyerek, Suriye\u2019yi koruyan Rusya\u2019n\u0131n oldu\u011fu temsili bir sava\u015f ya\u015fan\u0131yor. T\u00fcrkiye de, son g\u00fcnlerde Ba\u015fbakan Recep Tayyip Erdo\u011fan ve ABD Ba\u015fkan\u0131 Barack Obama aras\u0131ndaki telefon g\u00f6r\u00fc\u015fmelerinden [&hellip;]<\/p>\n","protected":false},"author":203,"featured_media":8224,"comment_status":"open","ping_status":"open","sticky":false,"template":"","format":"standard","meta":{"footnotes":""},"categories":[211],"tags":[205,206,284,207,208,209],"_links":{"self":[{"href":"http:\/\/www.researchturkey.org\/tr\/wp-json\/wp\/v2\/posts\/7518"}],"collection":[{"href":"http:\/\/www.researchturkey.org\/tr\/wp-json\/wp\/v2\/posts"}],"about":[{"href":"http:\/\/www.researchturkey.org\/tr\/wp-json\/wp\/v2\/types\/post"}],"author":[{"embeddable":true,"href":"http:\/\/www.researchturkey.org\/tr\/wp-json\/wp\/v2\/users\/203"}],"replies":[{"embeddable":true,"href":"http:\/\/www.researchturkey.org\/tr\/wp-json\/wp\/v2\/comments?post=7518"}],"version-history":[{"count":2,"href":"http:\/\/www.researchturkey.org\/tr\/wp-json\/wp\/v2\/posts\/7518\/revisions"}],"predecessor-version":[{"id":8227,"href":"http:\/\/www.researchturkey.org\/tr\/wp-json\/wp\/v2\/posts\/7518\/revisions\/8227"}],"wp:featuredmedia":[{"embeddable":true,"href":"http:\/\/www.researchturkey.org\/tr\/wp-json\/wp\/v2\/media\/8224"}],"wp:attachment":[{"href":"http:\/\/www.researchturkey.org\/tr\/wp-json\/wp\/v2\/media?parent=7518"}],"wp:term":[{"taxonomy":"category","embeddable":true,"href":"http:\/\/www.researchturkey.org\/tr\/wp-json\/wp\/v2\/categories?post=7518"},{"taxonomy":"post_tag","embeddable":true,"href":"http:\/\/www.researchturkey.org\/tr\/wp-json\/wp\/v2\/tags?post=7518"}],"curies":[{"name":"wp","href":"https:\/\/api.w.org\/{rel}","templated":true}]}}