{"id":7519,"date":"2012-08-08T23:43:21","date_gmt":"2012-08-08T20:43:21","guid":{"rendered":"http:\/\/www.researchturkey.org\/international-conference-call-for-papers\/"},"modified":"2022-04-10T16:58:39","modified_gmt":"2022-04-10T13:58:39","slug":"international-conference-call-for-papers","status":"publish","type":"post","link":"http:\/\/www.researchturkey.org\/tr\/international-conference-call-for-papers\/","title":{"rendered":"AnalizT\u00fcrkiye Uluslararas\u0131 Konferans Bildiri \u00d6zeti \u00c7a\u011fr\u0131s\u0131"},"content":{"rendered":"<p><!--:en--><\/p>\n<p>&nbsp;<\/p>\n<p align=\"center\"><strong>T\u00dcRK\u0130YE S\u0130YAS\u0130 ANAL\u0130Z VE ARA\u015eTIRMA MERKEZ\u0130\u00a0(ANAL\u0130ZT\u00dcRK\u0130YE)<\/strong><strong>\u00a0<\/strong><\/p>\n<p align=\"center\"><strong>&#8216;T\u00fcrkiye&#8217;deki E\u011fitim Politikalar\u0131n\u0131 Anlamak: K\u00fcresel E\u011filimler Ne Anlat\u0131yor, Son De\u011fi\u015fiklikler Neyi De\u011fi\u015ftiriyor?&#8217;<\/strong><\/p>\n<p align=\"center\"><strong>Tarih: 13-14 Aral\u0131k 2012<\/strong><\/p>\n<p style=\"text-align: center;\"><strong>Yer: Orta Do\u011fu Teknik \u00dcniversitesi, K\u00fclt\u00fcr ve Kongre Merkezi, Ankara, T\u00fcrkiye<\/strong><\/p>\n<p style=\"text-align: center;\"><span style=\"text-decoration: underline;\"><strong>ULUSLARARASI KONFERANS B\u0130LD\u0130R\u0130 \u00d6ZET\u0130 \u00c7A\u011eRISI:<\/strong><strong>\u00a0<\/strong><\/span><\/p>\n<p style=\"text-align: justify;\">1980\u2019lerin sonlar\u0131ndan ba\u015flayarak k\u00fcreselle\u015fme kavram\u0131, T\u00fcrkiye\u2019nin de i\u00e7inde bulundu\u011fu bir\u00e7ok co\u011frafyada e\u011fitim politikalar\u0131n\u0131 etkiledi. K\u00fcreselle\u015fme s\u00fcrecinin h\u0131zl\u0131 yay\u0131lmas\u0131 ve neo-liberal d\u00f6n\u00fc\u015f\u00fcm, okul finansman\u0131, e\u011fitim sekt\u00f6r\u00fcnde \u00e7al\u0131\u015fanlar\u0131n haklar\u0131, m\u00fcfredat geli\u015ftirilmesi, \u00f6zelle\u015ftirme ve okul ve \u00e7evre ili\u015fkileri gibi bir\u00e7ok alanda k\u00f6kten de\u011fi\u015fimi beraberinde getirdi. Benzer \u015fekilde, e\u011fitim politikas\u0131 s\u00f6zl\u00fc\u011f\u00fc, \u2018verimlilik\u2019, \u2018performans\u2019 ve \u2018insani sermaye\u2019 gibi moda s\u00f6zc\u00fcklerle tan\u0131\u015ft\u0131 ve h\u00fck\u00fcmet ve i\u015f \u00e7evreleri, okullar\u0131n k\u00fcresel ekonominin gereklerini yerine getirmesi gerekti\u011finden bahsetmeye ba\u015flad\u0131lar. Birle\u015fmi\u015f Milletler, OECD ve D\u00fcnya Bankas\u0131 gibi uluslararas\u0131 \u00f6rg\u00fctler taraf\u0131ndan \u00f6zendirilen k\u00fcresel e\u011fitim g\u00fcndemi, insani sermaye, ekonomik kalk\u0131nma ve \u00e7ok k\u00fclt\u00fcrl\u00fcl\u00fck \u00fczerine s\u00f6ylemleri kullanarak, akademisyenler, b\u00fcrokratlar ve sivil toplum \u00f6rg\u00fctleri aras\u0131nda e\u011fitim politikalar\u0131n\u0131n nas\u0131l olmas\u0131 gerekti\u011fine dair yo\u011fun tart\u0131\u015fma yaratt\u0131.<\/p>\n<p style=\"text-align: justify;\">Yukar\u0131daki soruya tart\u0131\u015fmal\u0131 bir cevap yak\u0131n zamanda T\u00fcrkiye Milli E\u011fitim Bakan\u0131 \u00d6mer Din\u00e7er\u2019den geldi: \u2018<em>\u00c7ocuklar\u0131m\u0131z\u0131n k\u00fcresel d\u00fcnyada ayakta kalmalar\u0131 ve toplumun ve piyasan\u0131n ihtiya\u00e7 duydu\u011fu bilgi ve yetene\u011fe sahip olmalar\u0131 i\u00e7in <\/em><em>yeni bir yasal d\u00fczenleme \u015fart<\/em>\u2019. Bu ba\u011flamda, T\u00fcrkiye\u2019deki ilk\u00f6\u011fretimin kapsaml\u0131 de\u011fi\u015fimini getiren -ger\u00e7ekle\u015fen ya da \u00f6nerilen- hukuki d\u00fczenlemelerin (4+4+4 sistemi, Fatih projesi, 652 no\u2019lu Milli E\u011fitim Bakanl\u0131\u011f\u0131\u2019n\u0131n yeniden yap\u0131land\u0131r\u0131lmas\u0131n\u0131 \u00f6ng\u00f6ren Kanun H\u00fckm\u00fcnde Kararname vs.) ba\u015f\u0131ndan beri bu amaca hizmet etti\u011fi iddia edildi.<\/p>\n<p style=\"text-align: justify;\">Bu \u00e7er\u00e7evede, ResearchTurkey ve Orta Do\u011fu Teknik \u00dcniversitesi Siyaset Bilimi ve Kamu Y\u00f6netimi B\u00f6l\u00fcm\u00fc taraf\u0131ndan ortakla\u015fa d\u00fczenlenen bu iki g\u00fcnl\u00fck konferans, T\u00fcrkiye\u2019de e\u011fitim politikalar\u0131 alan\u0131ndaki yeni de\u011fi\u015fimleri ve e\u011filimleri k\u00fcreselle\u015fme \u00e7er\u00e7evesine oturtarak anlamaya \u00e7al\u0131\u015f\u0131yor. Konferans, temel olarak, a\u015fa\u011f\u0131daki noktalar\u0131 sorunsalla\u015ft\u0131r\u0131yor:<\/p>\n<p style=\"text-align: justify;\">1- \u2018E\u011fitim politikalar\u0131n\u0131n k\u00fcreselle\u015fmesi\u2019 ne demek? \u2018Verimlilik\u2019, inovasyon\u2019, \u2018performans\u2019 ve \u2018proje temelli \u00f6\u011frenim\u2019 gibi kavramlar bu de\u011fi\u015fimle nas\u0131l ilintilendirilebilir?<\/p>\n<p style=\"text-align: justify;\">2- K\u00fcresel ekonomi dinamiklerinin e\u011fitim \u00fczerindeki etkisi nedir?<\/p>\n<p style=\"text-align: justify;\">3- E\u011fitim ve kalk\u0131nma aras\u0131ndaki ili\u015fki, k\u00fcresel e\u011fitim trendleriyle nas\u0131l ilintilendirilebilir?<\/p>\n<p style=\"text-align: justify;\">4- Kimlik\u2019 ve \u2018g\u00f6\u00e7\u2019 gibi kavramlar, e\u011fitimin de\u011fi\u015fimini anlamak i\u00e7in anlaml\u0131 kategoriler midir?<\/p>\n<p style=\"text-align: justify;\">5- T\u00fcm bu tart\u0131\u015fmalar, T\u00fcrkiye\u2019de e\u011fitimin de\u011fi\u015fimi ile ne derece ilgilidir? T\u00fcrkiye\u2019deki e\u011fitimle ilgili g\u00fcncel de\u011fi\u015fiklikler (4+4+4 sistemi, Fatih projesi, 652 no\u2019lu Milli E\u011fitim Bakanl\u0131\u011f\u0131\u2019n\u0131n yeniden yap\u0131land\u0131r\u0131lmas\u0131n\u0131 \u00f6ng\u00f6ren Kanun H\u00fckm\u00fcnde Kararname vs.) k\u00fcresel e\u011filimler a\u00e7\u0131s\u0131ndan \u00f6nemli midir?<\/p>\n<p style=\"text-align: justify;\">6- E\u011fitim, AKP H\u00fck\u00fcmeti&#8217;nin 2023 vizyonununda nerede yer almaktad\u0131r? 2023 vizyonu e\u011fitimin de\u011fi\u015fimi ile ne kadar ilgilidir?<\/p>\n<p style=\"text-align: justify;\"><strong>AnalizT\u00fcrkiye<\/strong> ilk uluslararas\u0131 konferans\u0131n\u0131 <strong>13-14 Aral\u0131k 2012<\/strong> tarihlerinde Ankara\u2019da<strong>, Orta Do\u011fu Teknik \u00dcniversitesi (ODT\u00dc)<\/strong>, <strong>K\u00fclt\u00fcr ve Kongre Merkezi<\/strong>\u2019nde d\u00fczenleyecektir. Konferans\u0131m\u0131z, e\u011fitim, sosyal politika, sosyoloji, psikoloji, iktisat, kad\u0131n \u00e7al\u0131\u015fmalar\u0131 gibi bir\u00e7ok farkl\u0131 disiplinden ba\u015fvuruya a\u00e7\u0131kt\u0131r. Konferans dili \u0130ngilizce\u2019dir. Sunum ya da panel \u00f6nerisi yapmak isteyenler, 3-5 anahtar s\u00f6zc\u00fck e\u015fli\u011finde, en fazla 500 kelimeden olu\u015fan bir \u00f6zet g\u00f6ndermelidir. \u00d6zetler, .doc, .rtf ya da. pdf format\u0131nda <strong>20\u00a0Ekim 2012 <\/strong>tarihinden ge\u00e7 olmamak \u00fczere <a href=\"mailto:turkeyseducationpolicyconference@researchturkey.org\">conference@researchturkey.org<\/a> adresine g\u00f6nderilmelidir. \u00d6zetler iki hakem taraf\u0131ndan kapal\u0131 de\u011ferlendirme ile se\u00e7ilecektir.<\/p>\n<p style=\"text-align: left;\">Daha detayl\u0131 bilgi ve sorular\u0131n\u0131z i\u00e7in do\u011frudan konferans e-posta adresimize yazabilirsiniz:\u00a0<a href=\"mailto:turkeyseducationpolicyconference@researchturkey.org\">conference@researchturkey.org<\/a><\/p>\n<p><span style=\"color: #990000;\"><strong>T\u00fcrkiye Siyasi Analiz ve Ara\u015ft\u0131rma Merkezi (AnalizT\u00fcrkiye)<\/strong><\/span><br \/>\nGenel soru ve g\u00f6r\u00fc\u015fleriniz ile ilgili\u00a0<a href=\"mailto:info@researchturkey.org\" target=\"_blank\" rel=\"noopener\">info@researchturkey.org<\/a><br \/>\nMakale g\u00f6nderimi ile ilgili\u00a0<a href=\"mailto:editor@researchturkey.org\" target=\"_blank\" rel=\"noopener\">editor@researchturkey.org<\/a>\u00a0 \u00a0 \u00a0 \u00a0 \u00a0 \u00a0 \u00a0 \u00a0 \u00a0 \u00a0 \u00a0 \u00a0 \u00a0 \u00a0 \u00a0 \u00a0 \u00a0 \u00a0 \u00a0 \u00a0 \u00a0 \u00a0 \u00a0 \u00a0 \u00a0 \u00a0 \u00a0 \u00a0 \u00a0 \u00a0 \u00a0 \u00a0 \u00a0 \u00a0 \u00a0 <a href=\"http:\/\/www.analizturkiye.com\/\">www.analizturkiye.com<\/a><\/p>\n","protected":false},"excerpt":{"rendered":"<p>&nbsp; T\u00dcRK\u0130YE S\u0130YAS\u0130 ANAL\u0130Z VE ARA\u015eTIRMA MERKEZ\u0130\u00a0(ANAL\u0130ZT\u00dcRK\u0130YE)\u00a0 &#8216;T\u00fcrkiye&#8217;deki E\u011fitim Politikalar\u0131n\u0131 Anlamak: K\u00fcresel E\u011filimler Ne Anlat\u0131yor, Son De\u011fi\u015fiklikler Neyi De\u011fi\u015ftiriyor?&#8217; Tarih: 13-14 Aral\u0131k 2012 Yer: Orta Do\u011fu Teknik \u00dcniversitesi, K\u00fclt\u00fcr ve Kongre Merkezi, Ankara, T\u00fcrkiye ULUSLARARASI KONFERANS B\u0130LD\u0130R\u0130 \u00d6ZET\u0130 \u00c7A\u011eRISI:\u00a0 1980\u2019lerin sonlar\u0131ndan ba\u015flayarak k\u00fcreselle\u015fme kavram\u0131, T\u00fcrkiye\u2019nin de i\u00e7inde bulundu\u011fu bir\u00e7ok co\u011frafyada e\u011fitim politikalar\u0131n\u0131 etkiledi. K\u00fcreselle\u015fme s\u00fcrecinin [&hellip;]<\/p>\n","protected":false},"author":184,"featured_media":7754,"comment_status":"open","ping_status":"open","sticky":false,"template":"","format":"standard","meta":{"footnotes":""},"categories":[288],"tags":[205,206,208,209],"_links":{"self":[{"href":"http:\/\/www.researchturkey.org\/tr\/wp-json\/wp\/v2\/posts\/7519"}],"collection":[{"href":"http:\/\/www.researchturkey.org\/tr\/wp-json\/wp\/v2\/posts"}],"about":[{"href":"http:\/\/www.researchturkey.org\/tr\/wp-json\/wp\/v2\/types\/post"}],"author":[{"embeddable":true,"href":"http:\/\/www.researchturkey.org\/tr\/wp-json\/wp\/v2\/users\/184"}],"replies":[{"embeddable":true,"href":"http:\/\/www.researchturkey.org\/tr\/wp-json\/wp\/v2\/comments?post=7519"}],"version-history":[{"count":2,"href":"http:\/\/www.researchturkey.org\/tr\/wp-json\/wp\/v2\/posts\/7519\/revisions"}],"predecessor-version":[{"id":8231,"href":"http:\/\/www.researchturkey.org\/tr\/wp-json\/wp\/v2\/posts\/7519\/revisions\/8231"}],"wp:featuredmedia":[{"embeddable":true,"href":"http:\/\/www.researchturkey.org\/tr\/wp-json\/wp\/v2\/media\/7754"}],"wp:attachment":[{"href":"http:\/\/www.researchturkey.org\/tr\/wp-json\/wp\/v2\/media?parent=7519"}],"wp:term":[{"taxonomy":"category","embeddable":true,"href":"http:\/\/www.researchturkey.org\/tr\/wp-json\/wp\/v2\/categories?post=7519"},{"taxonomy":"post_tag","embeddable":true,"href":"http:\/\/www.researchturkey.org\/tr\/wp-json\/wp\/v2\/tags?post=7519"}],"curies":[{"name":"wp","href":"https:\/\/api.w.org\/{rel}","templated":true}]}}