{"id":7520,"date":"2012-08-07T21:18:09","date_gmt":"2012-08-07T18:18:09","guid":{"rendered":"http:\/\/www.researchturkey.org\/?p=7520"},"modified":"2022-09-27T16:59:56","modified_gmt":"2022-09-27T13:59:56","slug":"the-association-for-middle-eastern-public-policy-and-administration-ameppa-first-global-conference-on-public-policy-and-administration-in-the-middle-east","status":"publish","type":"post","link":"http:\/\/www.researchturkey.org\/tr\/the-association-for-middle-eastern-public-policy-and-administration-ameppa-first-global-conference-on-public-policy-and-administration-in-the-middle-east\/","title":{"rendered":"Orta Do\u011fu Kamu Politikas\u0131 ve Y\u00f6netimi Merkezi (AMEPPA) Ortado\u011fu\u2019da Kamu Politikas\u0131 ve Y\u00f6netimi \u00fczerine Birinci K\u00fcresel Konferans\u0131"},"content":{"rendered":"<p>&nbsp;<\/p>\n<p><strong>Makale \u00c7a\u011fr\u0131s\u0131:<\/strong><\/p>\n<p style=\"text-align: justify;\">Orta Do\u011fu Kamu Politikas\u0131 ve Y\u00f6netimi Merkezi A\u00e7\u0131l\u0131\u015f Konferans\u0131\u2019n\u0131 8-9 Kas\u0131m 2012 tarihlerinde Fas\u2019\u0131n Rabat \u015fehrinde ger\u00e7ekle\u015ftirece\u011fini duyurdu. Bu konferans Ortado\u011fu\u2019da ger\u00e7ekle\u015ftirilen ilk K\u00fcresel Kamu Politikas\u0131 ve Y\u00f6netimi Konferans\u0131 olacak.<\/p>\n<p style=\"text-align: justify;\">Kat\u0131l\u0131mc\u0131lar\u0131n, tekliflerini konferans ortak k\u00fcrs\u00fcleri , Dr. Jennifer Bremer\u00a0 ve Dr. Mohamed Harakat \u2018a <a href=\"mailto:jbremer@aucegypt.edu\">jbremer@aucegypt.edu<\/a> ve <a href=\"mailto:harakatmohamed@yahoo.fr\">harakatmohamed@yahoo.fr<\/a> <strong>\u00a0<\/strong>adreslerinden en ge\u00e7 31 A\u011fustos 2012 tarihine kadar iletmeleri gerekmektedir. Tekliflerin 500 kelimeyi ge\u00e7memesine dikkat edilmelidir.<\/p>\n<p><span style=\"text-decoration: underline;\"><strong>Arap Bahar\u0131 <\/strong><\/span>ve<strong> Do\u011fru Y\u00f6neti\u015fim <\/strong>ba\u015fl\u0131klar\u0131 alt\u0131nda iki k\u0131s\u0131mda ger\u00e7ekle\u015ftirilecek konferans ilgili daha ayr\u0131nt\u0131l\u0131 bilgi i\u00e7in:<br \/>\n<a href=\"http:\/\/www.ameppa.org\/Call-for-Papers.html\">http:\/\/www.ameppa.org\/Call-for-Papers.html<\/a>\u00a0adresini ziyaret edebilirsiniz.<\/p>\n<p>&nbsp;<\/p>\n","protected":false},"excerpt":{"rendered":"<p>&nbsp; Makale \u00c7a\u011fr\u0131s\u0131: Orta Do\u011fu Kamu Politikas\u0131 ve Y\u00f6netimi Merkezi A\u00e7\u0131l\u0131\u015f Konferans\u0131\u2019n\u0131 8-9 Kas\u0131m 2012 tarihlerinde Fas\u2019\u0131n Rabat \u015fehrinde ger\u00e7ekle\u015ftirece\u011fini duyurdu. Bu konferans Ortado\u011fu\u2019da ger\u00e7ekle\u015ftirilen ilk K\u00fcresel Kamu Politikas\u0131 ve Y\u00f6netimi Konferans\u0131 olacak. Kat\u0131l\u0131mc\u0131lar\u0131n, tekliflerini konferans ortak k\u00fcrs\u00fcleri , Dr. Jennifer Bremer\u00a0 ve Dr. Mohamed Harakat \u2018a jbremer@aucegypt.edu ve harakatmohamed@yahoo.fr \u00a0adreslerinden en ge\u00e7 31 A\u011fustos [&hellip;]<\/p>\n","protected":false},"author":184,"featured_media":7754,"comment_status":"open","ping_status":"open","sticky":false,"template":"","format":"standard","meta":{"footnotes":""},"categories":[213],"tags":[],"_links":{"self":[{"href":"http:\/\/www.researchturkey.org\/tr\/wp-json\/wp\/v2\/posts\/7520"}],"collection":[{"href":"http:\/\/www.researchturkey.org\/tr\/wp-json\/wp\/v2\/posts"}],"about":[{"href":"http:\/\/www.researchturkey.org\/tr\/wp-json\/wp\/v2\/types\/post"}],"author":[{"embeddable":true,"href":"http:\/\/www.researchturkey.org\/tr\/wp-json\/wp\/v2\/users\/184"}],"replies":[{"embeddable":true,"href":"http:\/\/www.researchturkey.org\/tr\/wp-json\/wp\/v2\/comments?post=7520"}],"version-history":[{"count":2,"href":"http:\/\/www.researchturkey.org\/tr\/wp-json\/wp\/v2\/posts\/7520\/revisions"}],"predecessor-version":[{"id":9618,"href":"http:\/\/www.researchturkey.org\/tr\/wp-json\/wp\/v2\/posts\/7520\/revisions\/9618"}],"wp:featuredmedia":[{"embeddable":true,"href":"http:\/\/www.researchturkey.org\/tr\/wp-json\/wp\/v2\/media\/7754"}],"wp:attachment":[{"href":"http:\/\/www.researchturkey.org\/tr\/wp-json\/wp\/v2\/media?parent=7520"}],"wp:term":[{"taxonomy":"category","embeddable":true,"href":"http:\/\/www.researchturkey.org\/tr\/wp-json\/wp\/v2\/categories?post=7520"},{"taxonomy":"post_tag","embeddable":true,"href":"http:\/\/www.researchturkey.org\/tr\/wp-json\/wp\/v2\/tags?post=7520"}],"curies":[{"name":"wp","href":"https:\/\/api.w.org\/{rel}","templated":true}]}}