{"id":7523,"date":"2012-07-06T23:26:04","date_gmt":"2012-07-06T20:26:04","guid":{"rendered":"http:\/\/www.researchturkey.org\/?p=7523"},"modified":"2022-09-27T16:57:50","modified_gmt":"2022-09-27T13:57:50","slug":"civil-society-organizations-fighting-corruption-theory-and-practice-workshop-university-of-surrey-9-10-july-2012","status":"publish","type":"post","link":"http:\/\/www.researchturkey.org\/tr\/civil-society-organizations-fighting-corruption-theory-and-practice-workshop-university-of-surrey-9-10-july-2012\/","title":{"rendered":"Yolsuzlukla M\u00fccadelede Sivil Toplum Kurulu\u015flar\u0131: Teori ve Uygulama At\u00f6lye \u00c7al\u0131\u015fmas\u0131: Surrey Universitesi, 9-10 Temmuz 2012"},"content":{"rendered":"<p style=\"text-align: center;\"><span style=\"text-decoration: underline;\">At\u00f6lye \u00c7al\u0131\u015fmas\u0131na Genel Bak\u0131\u015f:<\/span><\/p>\n<p>Taraf devletler neden STK\u2019lara ihtiyatl\u0131 bir yakla\u015f\u0131m\u0131 benimsediler?<br \/>\nSTK\u2019lar kimdir ve kimlere kar\u015f\u0131 sorumludur?<br \/>\nSTK\u2019lar ne denli \u015feffaft\u0131r ve me\u015fruiyetlerinin kayna\u011f\u0131 nedir?<br \/>\nSTK\u2019lar\u0131n yolsuzlukla m\u00fccadelelerini daha etkili k\u0131lmak i\u00e7in ne gibi \u00f6nlemler al\u0131nmal\u0131d\u0131r?<br \/>\nBunlar, bu heyecan verici uluslararas\u0131 organizasyonda cevaplanacak sorular\u0131n birka\u00e7\u0131d\u0131r.At\u00f6lye \u00e7al\u0131\u015fmas\u0131 makaleler ve a\u00e7\u0131l\u0131\u015f sunumlar\u0131n\u0131n birle\u015fimini i\u00e7ermektedir. Kat\u0131l\u0131mc\u0131lara STK\u2019lar ile yolsuzlukla m\u00fccadeleye uluslararas\u0131 ve disiplinler aras\u0131 bir prespektif sunulacakt\u0131r. A\u00e7\u0131l\u0131\u015f konu\u015fmas\u0131nda yolsuzlukla m\u00fccadele \u00e7al\u0131\u015fmalar\u0131 kapsam\u0131nda ulusal, uluslararas\u0131 ve STK\u2019larda tecr\u00fcbesi olan \u00fcnl\u00fc akademisyenler ve uzmanlar yer alacakt\u0131r.<br \/>\nBu rekabet\u00e7i makaleler yolsuzluk alan\u0131nda \u00e7al\u0131\u015fan \u00f6nemli ki\u015filerin \u00e7al\u0131\u015fmalar\u0131n\u0131 dinlemeye imkan verecektir ve bu \u00e7al\u0131\u015fmalar \u00fc\u00e7 ana kategoriye ayr\u0131lmaktad\u0131r: Kavramlar ve Tan\u0131mlar; Ulusal ve B\u00f6lgesel Uygulamalar ve Siyasi ve Kurumsal Konular. Makaleler ve a\u00e7\u0131l\u0131\u015f konu\u015fmalar\u0131 iki g\u00fcnl\u00fck bir at\u00f6lye \u00e7al\u0131\u015fmas\u0131 boyunca yap\u0131lacak ve diyalog ve tart\u0131\u015fma imkan\u0131 verecektir. Kapan\u0131\u015f oturumu redakte edilmi\u015f bir kitap imkan\u0131 da verecek olup (\u015fu anda bu konu yay\u0131nevleri ile isti\u015fare edilmektedir),gelecekteki geli\u015fmelere y\u00f6nelik anahtar temalar\u0131 ve planlar\u0131 i\u015fleyecektir.<br \/>\nAt\u00f6lye \u00e7al\u0131\u015fmas\u0131n\u0131n fiyat\u0131na her iki g\u00fcn i\u00e7in kahve\/\u00e7ay, \u00f6\u011fle yeme\u011fi ve ak\u015fam yeme\u011fi dahildir (a\u00e7\u0131l\u0131\u015f konu\u015fmac\u0131lar\u0131yla birlikte). Networking ve gelecekteki organizasyonlar\/aktiviteler i\u00e7in fikir \u00f6nerileri f\u0131rsat\u0131 da bulunmaktad\u0131r.<br \/>\nBu heyecan verici ve \u00f6nemli forumdaki tart\u0131\u015fmalar i\u00e7in sizi kar\u015f\u0131lamay\u0131 bekliyoruz. At\u00f6lye \u00e7al\u0131\u015fmas\u0131 i\u00e7in delege \u00fccreti 95\u00a3\u2019dur (9 Temmuz i\u00e7in ak\u015fam yeme\u011fi ve her iki g\u00fcn i\u00e7in \u00f6\u011fle yemekleri ve hafif yemeklerler dahil). Delegeler kendi kalacaklar\u0131 yerleri kar\u015f\u0131lamakla y\u00fck\u00fcml\u00fcd\u00fcr, ancak kat\u0131l\u0131m formunda konferansa kat\u0131lanlara y\u00f6nelik gecelik otel \u00fccretleri listesi verilecektir).<\/p>\n<p style=\"text-align: center;\"><span style=\"text-decoration: underline;\">Kat\u0131l\u0131m ve kay\u0131t:<\/span><\/p>\n<p style=\"text-align: left;\">Konferansa kaydolmak i\u00e7in l\u00fctfen <a href=\"http:\/\/store.surrey.ac.uk\/\" target=\"_blank\" rel=\"noopener\">http:\/\/store.surrey.ac.uk\/<\/a>\u00a0&lt;<a href=\"http:\/\/store.surrey.ac.uk\/\" target=\"_blank\" rel=\"noopener\">http:\/\/store.surrey.ac.uk\/<\/a>&gt;\u00a0sitelerindeki \u00fcr\u00fcn katalogunun alt\u0131nda yer alan FBEL\u2019e t\u0131klay\u0131n.<\/p>\n<p>Her iki g\u00fcn i\u00e7in de kay\u0131tlar Management School Foyer\u2019de yap\u0131lacakt\u0131r. At\u00f6lye \u00e7al\u0131\u015fmas\u0131 14MS01\u2019da yap\u0131lacakt\u0131r.<\/p>\n<p style=\"text-align: center;\"><span style=\"text-decoration: underline;\">Program:<\/span><\/p>\n<p><strong>9 Temmuz Pazartesi:<\/strong><br \/>\n09.00 &#8211; 09.30<br \/>\nKay\u0131t \u00a0&#8211; Management School Foyer<br \/>\n09.30 &#8211; 09.45<br \/>\nHo\u015fgeldiniz<br \/>\n09.45 &#8211; 10.30<br \/>\nA\u00e7\u0131l\u0131\u015f Konu\u015fmac\u0131s\u0131:<br \/>\nKamusal \u0130dare, Sosyal Mesuliyet ve Yolsuzlu\u011fa Kar\u015f\u0131 Koyma: \u00d6rg\u00fctsel Y\u00f6nler<br \/>\nRoberto Villarreal<br \/>\nBirle\u015fmi\u015f Milletler Ekonomi ve Sosyal Meseleler<br \/>\n10.30 &#8211; 11.15<br \/>\nSTK nedir?<br \/>\nM van Hulten<br \/>\n11.15 -11.30<br \/>\nKahve<br \/>\n11.30 &#8211; 12.15<br \/>\nReform \u0130n\u015faas\u0131 Ko\u015fullar\u0131: Sivil toplumun rol\u00fc<br \/>\nR Senderowitsch and A Gallina<br \/>\n12.15 -13.00<br \/>\nLatin Amerika\u2019da kamu ihalelerinde yolsuzlukla m\u00fccadelede STK\u2019lar: geli\u015fmeler ve s\u0131n\u0131rlar<br \/>\nE G Magana<br \/>\n13.00 &#8211; 14.00<br \/>\n\u00d6\u011fle yeme\u011fi<br \/>\n14.00 -14.45<br \/>\nA\u00e7\u0131l\u0131\u015f konu\u015fmac\u0131s\u0131:<br \/>\nYolsuzlukla m\u00fccadelede vatanda\u015flar: Bu alandan \u00e7\u0131kar\u0131lacak dersler<br \/>\nPierre Landell-Mills<br \/>\n\u015eeffafl\u0131k Fonu i\u00e7in \u0130\u015fbirli\u011fi<br \/>\n14.45 &#8211; 15.30<br \/>\nKahramanlar m\u0131 Heroes or M\u00fcnaf\u0131klar m\u0131? R\u00fc\u015fvetle M\u00fccadele Yasalar\u0131na Sivil Toplum \u00d6rg\u00fctlerinin uyumunun analizi<br \/>\nR Barrington and L David-Barrett<br \/>\n15.30 &#8211; 16.00<br \/>\n\u00c7ay<br \/>\n16.00 &#8211; 16.45<br \/>\nA\u00e7\u0131l\u0131\u015f Konu\u015fmac\u0131s\u0131:<br \/>\nYolsuzluk: kimin de\u011ferleri ge\u00e7erli?<br \/>\nHans Holmen<br \/>\nLink\u00f6ping \u00dcniversitesi, \u0130sve\u00e7<br \/>\nSnakes in Paradise\u2019\u0131n yazar\u0131<br \/>\n16.45 &#8211; 18.15<br \/>\n\u00d6zel Misafir Sunumu<br \/>\nSiemens Uyum Sistemi, performans\u0131 ve sorunlar<br \/>\nTart\u0131\u015fmac\u0131:<br \/>\nJohn Garred<br \/>\nSiemens<br \/>\nProfes\u00f6r David Bruce Allen<br \/>\n\u0130\u015fletme, Ekonomi ve Hukuk Fak\u00fcltesi Dekan\u0131, Surrey \u00dcniversitesi<br \/>\n18.30<br \/>\nAk\u015fam Yeme\u011fi<br \/>\n<strong>10 Temmuz Sal\u0131<\/strong><br \/>\n09.15 &#8211; 10.00<br \/>\nA\u00e7\u0131l\u0131\u015f Konu\u015fmac\u0131s\u0131:<br \/>\nKim karar veriyor?<br \/>\nSlagjanaTaseva<br \/>\nTransparency International, Makedonya<br \/>\n10.00 &#8211; 10.45<br \/>\n\u00c7ok katmanl\u0131 Seferberlik: Orta Amerika\u2019da Sivil Toplumun Bilgi Edinme Kanunlar\u0131na eri\u015fime y\u00f6nelik \u00e7abalar\u0131<br \/>\nM Grimes<br \/>\n10.45 &#8211; 11.00<br \/>\nKahve<br \/>\n11.00 &#8211; 11.45<br \/>\nNijerya\u2019da yolsulu\u011fu kontrol alt\u0131na alma: Ekstra yasal tarifleri b\u00fct\u00fcnl\u00fck s\u00fcreci ile in\u015fa etme<br \/>\nU Osuaggwu<br \/>\n11.45 &#8211; 12.30<br \/>\nKutsal Olmayan bir fenomene kar\u015f\u0131 kutsal ittifak: Nijerya\u2019daki sivil toplum kurulu\u015flar\u0131 aras\u0131ndaki dayan\u0131\u015fma<br \/>\nG Odusote<br \/>\n12.30 &#8211; 13.30<br \/>\n\u00d6\u011fle yeme\u011fi<br \/>\n13.30 &#8211; 14.15<br \/>\nA\u00e7\u0131l\u0131\u015f Konu\u015fmac\u0131s\u0131:<br \/>\nPolitika geli\u015ftirmede STK\u2019lar\u0131n rol\u00fc- De\u011ferlerin maksimize edilmesi; Kamu hizmeti g\u00f6z\u00fcnden d\u00fc\u015f\u00fcnceler<br \/>\nMargaret Saner<br \/>\nBa\u011f\u0131ms\u0131z Dan\u0131\u015fman, Birle\u015fmi\u015f Milletler Kamu \u0130daresi Uzmanlar Komitesi Ba\u015fkan Yard\u0131mc\u0131s\u0131 ve eski devlet memuru<br \/>\n14.15 &#8211; 15.00<br \/>\nUlusal B\u00fct\u00fcnle\u015fme Sisteminin bir par\u00e7as\u0131 olarak sivil toplum I<br \/>\nJ Wempe<br \/>\n15.00 &#8211; 15.45<br \/>\nUlusal B\u00fct\u00fcnle\u015fme Sisteminin bir par\u00e7as\u0131 olarak sivil toplum II<br \/>\nW Slingerland<br \/>\n15.45 &#8211; 16.30<br \/>\n\u00c7ay ve Kapan\u0131\u015f<\/p>\n","protected":false},"excerpt":{"rendered":"<p>At\u00f6lye \u00c7al\u0131\u015fmas\u0131na Genel Bak\u0131\u015f: Taraf devletler neden STK\u2019lara ihtiyatl\u0131 bir yakla\u015f\u0131m\u0131 benimsediler? STK\u2019lar kimdir ve kimlere kar\u015f\u0131 sorumludur? STK\u2019lar ne denli \u015feffaft\u0131r ve me\u015fruiyetlerinin kayna\u011f\u0131 nedir? STK\u2019lar\u0131n yolsuzlukla m\u00fccadelelerini daha etkili k\u0131lmak i\u00e7in ne gibi \u00f6nlemler al\u0131nmal\u0131d\u0131r? Bunlar, bu heyecan verici uluslararas\u0131 organizasyonda cevaplanacak sorular\u0131n birka\u00e7\u0131d\u0131r.At\u00f6lye \u00e7al\u0131\u015fmas\u0131 makaleler ve a\u00e7\u0131l\u0131\u015f sunumlar\u0131n\u0131n birle\u015fimini i\u00e7ermektedir. Kat\u0131l\u0131mc\u0131lara STK\u2019lar [&hellip;]<\/p>\n","protected":false},"author":184,"featured_media":7754,"comment_status":"open","ping_status":"open","sticky":false,"template":"","format":"standard","meta":{"footnotes":""},"categories":[213],"tags":[205,206,283],"_links":{"self":[{"href":"http:\/\/www.researchturkey.org\/tr\/wp-json\/wp\/v2\/posts\/7523"}],"collection":[{"href":"http:\/\/www.researchturkey.org\/tr\/wp-json\/wp\/v2\/posts"}],"about":[{"href":"http:\/\/www.researchturkey.org\/tr\/wp-json\/wp\/v2\/types\/post"}],"author":[{"embeddable":true,"href":"http:\/\/www.researchturkey.org\/tr\/wp-json\/wp\/v2\/users\/184"}],"replies":[{"embeddable":true,"href":"http:\/\/www.researchturkey.org\/tr\/wp-json\/wp\/v2\/comments?post=7523"}],"version-history":[{"count":2,"href":"http:\/\/www.researchturkey.org\/tr\/wp-json\/wp\/v2\/posts\/7523\/revisions"}],"predecessor-version":[{"id":9614,"href":"http:\/\/www.researchturkey.org\/tr\/wp-json\/wp\/v2\/posts\/7523\/revisions\/9614"}],"wp:featuredmedia":[{"embeddable":true,"href":"http:\/\/www.researchturkey.org\/tr\/wp-json\/wp\/v2\/media\/7754"}],"wp:attachment":[{"href":"http:\/\/www.researchturkey.org\/tr\/wp-json\/wp\/v2\/media?parent=7523"}],"wp:term":[{"taxonomy":"category","embeddable":true,"href":"http:\/\/www.researchturkey.org\/tr\/wp-json\/wp\/v2\/categories?post=7523"},{"taxonomy":"post_tag","embeddable":true,"href":"http:\/\/www.researchturkey.org\/tr\/wp-json\/wp\/v2\/tags?post=7523"}],"curies":[{"name":"wp","href":"https:\/\/api.w.org\/{rel}","templated":true}]}}