{"id":8978,"date":"2015-05-22T16:16:01","date_gmt":"2015-05-22T13:16:01","guid":{"rendered":"https:\/\/www.researchturkey.org\/researchturkey-biaa-conference-turkey-and-the-uk-their-policies-towards-the-eu-after-their-general-elections-15-june-2015\/"},"modified":"2022-06-09T16:36:34","modified_gmt":"2022-06-09T13:36:34","slug":"researchturkey-biaa-conference-turkey-and-the-uk-their-policies-towards-the-eu-after-their-general-elections-15-june-2015","status":"publish","type":"post","link":"http:\/\/www.researchturkey.org\/tr\/researchturkey-biaa-conference-turkey-and-the-uk-their-policies-towards-the-eu-after-their-general-elections-15-june-2015\/","title":{"rendered":"T\u00fcrkiye ve Birle\u015fik Krall\u0131k\u2019\u0131n Genel Se\u00e7imlerinden Sonra Avrupa Birli\u011fi Politikalar\u0131"},"content":{"rendered":"<p><strong>T\u00fcrkiye Politika ve Ara\u015ft\u0131rma Merkezi (ResearchTurkey)<\/strong><strong>\u00a0<\/strong>ile<strong>\u00a0<\/strong><strong>British Institute at Ankara (BIAA)\u2019n\u0131n<\/strong>\u00a0ortakla\u015fa d\u00fczenledi\u011fi \u2018<strong>T\u00fcrkiye ve Birle\u015fik Krall\u0131k\u2019\u0131n Genel Se\u00e7imlerinden Sonra Avrupa Birli\u011fi Politikalar\u0131<\/strong>\u2018 ba\u015fl\u0131kl\u0131 konferans\u00a0<strong>15 Haziran 2015, Pazartesi<\/strong>\u00a0g\u00fcn\u00fc\u00a0<strong>Wolfson Auditorium, British Academy,10 Carlton House Terrace, London, SW1Y 5AH<\/strong><strong>\u00a0<\/strong>adresinde\u00a0<strong>saat 18:30 ile 20:30<\/strong>\u00a0<strong>aras\u0131nda<\/strong>\u00a0ger\u00e7ekle\u015ftirilecektir. \u0130ngilizce dilinde yap\u0131lacak olan konferansa<strong>\u00a0<\/strong><strong>T\u00fcrkiye Eski D\u0131\u015fi\u015fleri Bakan\u0131 Hikmet \u00c7etin, Birle\u015fik Krall\u0131k Eski D\u0131\u015fi\u015fleri Bakan\u0131 John Straw, Kadir Has \u00dcniversitesi\u2019nde k\u0131demli \u00f6\u011fretim \u00fcyesi ve Habert\u00fcrk Gazetesi k\u00f6\u015fe yazar\u0131 Soli \u00d6zel<\/strong>\u00a0ile\u00a0<strong>Financial Times eski edit\u00f6r\u00fc ve Chatham House k\u0131demli \u00fcyesi Quentin Peel<\/strong> konu\u015fmac\u0131 olarak kat\u0131lacakt\u0131r.\u00a0<strong>Sir David Logan<\/strong>\u00a0konferansa ba\u015fkanl\u0131k edecektir.<\/p>\n<p>Etkinlik biletli bir etkinliktir ve kay\u0131t yapt\u0131r\u0131lmas\u0131 gerekmektedir. Biletler ki\u015fi ba\u015f\u0131 10 \u0130ngiliz Sterlin\u2019idir. Bilet almak i\u00e7in <a href=\"https:\/\/web.archive.org\/web\/20150722033854\/mailto:biaa@britac.ac.uk\">biaa@britac.ac.uk<\/a> adresine e-posta g\u00f6nderilmelidir.<\/p>\n<p>Ayr\u0131nt\u0131l\u0131 bilgi i\u00e7in <a href=\"http:\/\/researchturkey.org\/researchturkey-biaa-conference-turkey-and-the-uk-their-policies-towards-the-eu-after-their-general-elections-15-june-2015\/\">buraya<\/a> (\u0130ngilizce) t\u0131klayabilirsiniz.<\/p>\n","protected":false},"excerpt":{"rendered":"<p>T\u00fcrkiye Politika ve Ara\u015ft\u0131rma Merkezi (ResearchTurkey)\u00a0ile\u00a0British Institute at Ankara (BIAA)\u2019n\u0131n\u00a0ortakla\u015fa d\u00fczenledi\u011fi \u2018T\u00fcrkiye ve Birle\u015fik Krall\u0131k\u2019\u0131n Genel Se\u00e7imlerinden Sonra Avrupa Birli\u011fi Politikalar\u0131\u2018 ba\u015fl\u0131kl\u0131 konferans\u00a015 Haziran 2015, Pazartesi\u00a0g\u00fcn\u00fc\u00a0Wolfson Auditorium, British Academy,10 Carlton House Terrace, London, SW1Y 5AH\u00a0adresinde\u00a0saat 18:30 ile 20:30\u00a0aras\u0131nda\u00a0ger\u00e7ekle\u015ftirilecektir. \u0130ngilizce dilinde yap\u0131lacak olan konferansa\u00a0T\u00fcrkiye Eski D\u0131\u015fi\u015fleri Bakan\u0131 Hikmet \u00c7etin, Birle\u015fik Krall\u0131k Eski D\u0131\u015fi\u015fleri Bakan\u0131 John Straw, [&hellip;]<\/p>\n","protected":false},"author":184,"featured_media":8976,"comment_status":"open","ping_status":"open","sticky":false,"template":"","format":"standard","meta":{"footnotes":""},"categories":[237,275],"tags":[],"_links":{"self":[{"href":"http:\/\/www.researchturkey.org\/tr\/wp-json\/wp\/v2\/posts\/8978"}],"collection":[{"href":"http:\/\/www.researchturkey.org\/tr\/wp-json\/wp\/v2\/posts"}],"about":[{"href":"http:\/\/www.researchturkey.org\/tr\/wp-json\/wp\/v2\/types\/post"}],"author":[{"embeddable":true,"href":"http:\/\/www.researchturkey.org\/tr\/wp-json\/wp\/v2\/users\/184"}],"replies":[{"embeddable":true,"href":"http:\/\/www.researchturkey.org\/tr\/wp-json\/wp\/v2\/comments?post=8978"}],"version-history":[{"count":1,"href":"http:\/\/www.researchturkey.org\/tr\/wp-json\/wp\/v2\/posts\/8978\/revisions"}],"predecessor-version":[{"id":8980,"href":"http:\/\/www.researchturkey.org\/tr\/wp-json\/wp\/v2\/posts\/8978\/revisions\/8980"}],"wp:featuredmedia":[{"embeddable":true,"href":"http:\/\/www.researchturkey.org\/tr\/wp-json\/wp\/v2\/media\/8976"}],"wp:attachment":[{"href":"http:\/\/www.researchturkey.org\/tr\/wp-json\/wp\/v2\/media?parent=8978"}],"wp:term":[{"taxonomy":"category","embeddable":true,"href":"http:\/\/www.researchturkey.org\/tr\/wp-json\/wp\/v2\/categories?post=8978"},{"taxonomy":"post_tag","embeddable":true,"href":"http:\/\/www.researchturkey.org\/tr\/wp-json\/wp\/v2\/tags?post=8978"}],"curies":[{"name":"wp","href":"https:\/\/api.w.org\/{rel}","templated":true}]}}