{"id":9006,"date":"2015-02-11T13:13:31","date_gmt":"2015-02-11T10:13:31","guid":{"rendered":"https:\/\/www.researchturkey.org\/public-conference-the-forgotten-victims-in-the-middle-east-plight-of-iraqi-turkmens-2-march-2015-soas\/"},"modified":"2022-06-14T13:15:34","modified_gmt":"2022-06-14T10:15:34","slug":"public-conference-the-forgotten-victims-in-the-middle-east-plight-of-iraqi-turkmens-2-march-2015-soas","status":"publish","type":"post","link":"http:\/\/www.researchturkey.org\/tr\/public-conference-the-forgotten-victims-in-the-middle-east-plight-of-iraqi-turkmens-2-march-2015-soas\/","title":{"rendered":"Konferans: \u201cOrta Do\u011fu\u2019da Unutulan Kurbanlar: Irak T\u00fcrkmenlerinin Durumu (\u0130ngilizce)\u201d, 2 Mart 2015, SOAS"},"content":{"rendered":"<p><strong>\u00fcrkiye Politika ve Ara\u015ft\u0131rma Merkezi (Research Turkey)<\/strong>, <strong>\u0130ngiltere\u00a0Irak T\u00fcrkmen Cephesi Temsilcisi\u00a0Say\u0131n Sundus Abbas<\/strong>\u2019\u0131n\u00a0kat\u0131l\u0131m\u0131 ile\u00a0<strong>\u201cOrta Do\u011fu\u2019da Unutulan Kurbanlar: Irak T\u00fcrkmenlerinin Durumu (\u0130ngilizce)\u201d<\/strong>\u00a0ba\u015fl\u0131kl\u0131 bir konferans d\u00fczenleyecektir. <strong>Birle\u015fik Krall\u0131k Lordlar Kamaras\u0131 \u00fcyesi ve\u00a0Liverpool John Moores \u00dcniversitesi\u2019nde\u00a0Vatanda\u015fl\u0131k Profes\u00f6r\u00fc David Alton<\/strong>\u2019\u0131n oturum ba\u015fkanl\u0131\u011f\u0131 yapaca\u011f\u0131 konferans,\u00a0<strong>2\u00a0Mart\u00a02015, Pazartesi<\/strong>\u00a0g\u00fcn\u00fc, saat\u00a0<strong>19.00\u00a0ile\u00a020.30<\/strong>\u00a0aras\u0131nda,\u00a0<strong>Brunei Gallery, Room\u00a0B104, SOAS, University of London, WC1H 0XG\u00a0<\/strong>adresinde ger\u00e7ekle\u015ftirilecektir.\u00a0Etkinlik SOAS Development Studies, Neoliberalism, Globalisation and States Research Cluster ile ortakla\u015fa d\u00fczenlenmektedir.<\/p>\n<p><strong>\u0130ngilizce<\/strong>\u00a0dilinde yap\u0131lacak konferans \u00fccretsiz ve halka a\u00e7\u0131kt\u0131r; ancak kat\u0131l\u0131m i\u00e7in\u00a0a\u015fa\u011f\u0131daki adresten kay\u0131t yapt\u0131r\u0131lmal\u0131d\u0131r:<\/p>\n<p><a href=\"https:\/\/web.archive.org\/web\/20150401064103\/https:\/\/rt-sundus-abbas-soas-march2015.eventbrite.co.uk\/\">rt-sundus-abbas-soas-march2015.eventbrite.co.uk<\/a>.<\/p>\n","protected":false},"excerpt":{"rendered":"<p>\u00fcrkiye Politika ve Ara\u015ft\u0131rma Merkezi (Research Turkey), \u0130ngiltere\u00a0Irak T\u00fcrkmen Cephesi Temsilcisi\u00a0Say\u0131n Sundus Abbas\u2019\u0131n\u00a0kat\u0131l\u0131m\u0131 ile\u00a0\u201cOrta Do\u011fu\u2019da Unutulan Kurbanlar: Irak T\u00fcrkmenlerinin Durumu (\u0130ngilizce)\u201d\u00a0ba\u015fl\u0131kl\u0131 bir konferans d\u00fczenleyecektir. Birle\u015fik Krall\u0131k Lordlar Kamaras\u0131 \u00fcyesi ve\u00a0Liverpool John Moores \u00dcniversitesi\u2019nde\u00a0Vatanda\u015fl\u0131k Profes\u00f6r\u00fc David Alton\u2019\u0131n oturum ba\u015fkanl\u0131\u011f\u0131 yapaca\u011f\u0131 konferans,\u00a02\u00a0Mart\u00a02015, Pazartesi\u00a0g\u00fcn\u00fc, saat\u00a019.00\u00a0ile\u00a020.30\u00a0aras\u0131nda,\u00a0Brunei Gallery, Room\u00a0B104, SOAS, University of London, WC1H 0XG\u00a0adresinde ger\u00e7ekle\u015ftirilecektir.\u00a0Etkinlik SOAS Development Studies, Neoliberalism, [&hellip;]<\/p>\n","protected":false},"author":184,"featured_media":9004,"comment_status":"open","ping_status":"open","sticky":false,"template":"","format":"standard","meta":{"footnotes":""},"categories":[237,275],"tags":[],"_links":{"self":[{"href":"http:\/\/www.researchturkey.org\/tr\/wp-json\/wp\/v2\/posts\/9006"}],"collection":[{"href":"http:\/\/www.researchturkey.org\/tr\/wp-json\/wp\/v2\/posts"}],"about":[{"href":"http:\/\/www.researchturkey.org\/tr\/wp-json\/wp\/v2\/types\/post"}],"author":[{"embeddable":true,"href":"http:\/\/www.researchturkey.org\/tr\/wp-json\/wp\/v2\/users\/184"}],"replies":[{"embeddable":true,"href":"http:\/\/www.researchturkey.org\/tr\/wp-json\/wp\/v2\/comments?post=9006"}],"version-history":[{"count":1,"href":"http:\/\/www.researchturkey.org\/tr\/wp-json\/wp\/v2\/posts\/9006\/revisions"}],"predecessor-version":[{"id":9007,"href":"http:\/\/www.researchturkey.org\/tr\/wp-json\/wp\/v2\/posts\/9006\/revisions\/9007"}],"wp:featuredmedia":[{"embeddable":true,"href":"http:\/\/www.researchturkey.org\/tr\/wp-json\/wp\/v2\/media\/9004"}],"wp:attachment":[{"href":"http:\/\/www.researchturkey.org\/tr\/wp-json\/wp\/v2\/media?parent=9006"}],"wp:term":[{"taxonomy":"category","embeddable":true,"href":"http:\/\/www.researchturkey.org\/tr\/wp-json\/wp\/v2\/categories?post=9006"},{"taxonomy":"post_tag","embeddable":true,"href":"http:\/\/www.researchturkey.org\/tr\/wp-json\/wp\/v2\/tags?post=9006"}],"curies":[{"name":"wp","href":"https:\/\/api.w.org\/{rel}","templated":true}]}}