{"id":9033,"date":"2015-01-06T13:29:13","date_gmt":"2015-01-06T10:29:13","guid":{"rendered":"https:\/\/www.researchturkey.org\/research-turkey-public-conference-with-associate-professor-balkan-devlen-dont-poke-the-russian-bear-turkish-policy-in-the-ukrainian-crisis-16-january-2015-soas\/"},"modified":"2022-06-14T13:30:49","modified_gmt":"2022-06-14T10:30:49","slug":"research-turkey-public-conference-with-associate-professor-balkan-devlen-dont-poke-the-russian-bear-turkish-policy-in-the-ukrainian-crisis-16-january-2015-soas","status":"publish","type":"post","link":"http:\/\/www.researchturkey.org\/tr\/research-turkey-public-conference-with-associate-professor-balkan-devlen-dont-poke-the-russian-bear-turkish-policy-in-the-ukrainian-crisis-16-january-2015-soas\/","title":{"rendered":"Research Turkey Konferans \u2013 Do\u00e7. Dr. Balkan Devlen: \u201cRus Ay\u0131s\u0131\u2019n\u0131 D\u00fcrtmeyin: Ukrayna Krizi\u2019nde T\u00fcrkiye\u2019nin Politikas\u0131\u201d, 16 Ocak 2015, SOAS"},"content":{"rendered":"<h4><strong>Research Turkey Konferans \u2013\u00a0Do\u00e7. Dr. Balkan Devlen:<br \/>\n<\/strong>\u201cRus Ay\u0131s\u0131\u2019n\u0131 D\u00fcrtmeyin: Ukrayna Krizi\u2019nde T\u00fcrkiye\u2019nin Politikas\u0131\u201d,\u00a016 Ocak 2015, \u00a0SOAS<strong><br \/>\n<\/strong><\/h4>\n<p><strong>T\u00fcrkiye Politika ve Ara\u015ft\u0131rma Merkezi (Research Turkey), <\/strong><strong>Kopenhag \u00dcniversitesi <\/strong>ve<strong> \u0130zmir Ekonomi \u00dcniversitesi\u2019nden Do\u00e7. Dr. Balkan Devlen\u2019in\u00a0<\/strong>kat\u0131l\u0131m\u0131 ile\u00a0<strong>\u201cRus Ay\u0131s\u0131\u2019n\u0131 D\u00fcrtmeyin: Ukrayna Krizi\u2019nde T\u00fcrkiye\u2019nin Politikas\u0131 (\u0130ngilizce)\u201d\u00a0<\/strong>ba\u015fl\u0131kl\u0131 bir konferans d\u00fczenleyecektir. University of Warwick\u2019ten <strong>Dr. Se\u00e7kin Bar\u0131\u015f G\u00fclmez<\/strong>\u2019in oturum ba\u015fkanl\u0131\u011f\u0131 yapaca\u011f\u0131 konferans,\u00a0<strong>16 Ocak \u00a02015, Cuma\u00a0<\/strong>g\u00fcn\u00fc, saat<strong>\u00a018.30\u00a0<\/strong>ile<strong>\u00a020.00<\/strong>\u00a0aras\u0131nda,\u00a0<strong>Brunei Gallery, Room<\/strong>\u00a0<strong>B111, SOAS, University of London, WC1H 0XG\u00a0<\/strong>adresinde ger\u00e7ekle\u015ftirilecektir<strong>.\u00a0<\/strong>Etkinlik SOAS Development Studies, Neoliberalism, Globalisation and States Research Cluster ile ortakla\u015fa d\u00fczenlenmektedir.<\/p>\n<p><strong>\u0130ngilizce<\/strong>\u00a0dilinde yap\u0131lacak konferans \u00fccretsiz ve halka a\u00e7\u0131kt\u0131r; ancak kat\u0131l\u0131m i\u00e7in\u00a0a\u015fa\u011f\u0131daki adresten kay\u0131t yapt\u0131r\u0131lmal\u0131d\u0131r.<\/p>\n<p><a href=\"https:\/\/web.archive.org\/web\/20150401074405\/http:\/\/researchturkey.org\/tr\/research-turkey-public-conference-with-associate-professor-balkan-devlen-dont-poke-the-russian-bear-turkish-policy-in-the-ukrainian-crisis-16-january-2015-soas\/\/\/rt-balkan-devlen-soas-jan15.eventbrite.co.uk\">rt-balkan-devlen-soas-jan15.eventbrite.co.uk<\/a><\/p>\n<p>A\u015fa\u011f\u0131da konu\u015fmac\u0131 Do\u00e7. Dr. Balkan Devlen ve oturum ba\u015fkan\u0131 Dr. Se\u00e7kin Bar\u0131\u015f G\u00fclmez\u2019in k\u0131sa birer \u00f6zge\u00e7mi\u015flerini bulabilirsiniz.<\/p>\n<h4><strong>Do\u00e7. Dr. Balkan Devlen\u2019in K\u0131sa \u00d6zge\u00e7mi\u015fi<\/strong><\/h4>\n<p>Balkan Devlen, uluslararas\u0131 ili\u015fkiler alan\u0131nda lisans derecesini Orta Do\u011fu Teknik \u00dcniversitesi (ODT\u00dc)\u2019den 2001 y\u0131l\u0131nda ve siyaset bilimi alan\u0131nda doktora derecesini Missouri \u00dcnivervesitesi \u2013 Columbia\u2019dan 2007 y\u0131l\u0131nda alm\u0131\u015ft\u0131r. Balkan Devlen, an itibariyle Kopenhag \u00dcniversitesi Siyaset Bilimi B\u00f6l\u00fcm\u00fc\u2019nde misafir docent doktor olarak g\u00f6rev yapmaktad\u0131r. Dr. Devlen ayn\u0131 zamanda \u0130zmir Ekonomi \u00dcniversitesi\u2019nin Siyaset Bilimi ve Uluslararas\u0131 \u0130li\u015fkiler B\u00f6l\u00fcm\u00fc\u2019nde docent olarak \u00e7al\u0131\u015fmakta ve de ayn\u0131 \u00fcniversitenin Afrika Stratejik Ara\u015ft\u0131rmalar ve Uygulama Merkezi (EKOAF)\u2019nin direkt\u00f6rl\u00fc\u011f\u00fcn\u00fc y\u00fcr\u00fctmektedir. 2011\u2019de The Levin Institute Fellow ve 2012 \u2013 2013 Black Sea Young Reformers Fellow olan Devlen. Izmir Review of Social Sciences (IRSS) dergisinin kurucu edit\u00f6rlerinden biridir. Ara\u015ft\u0131rma alanlar\u0131: Uluslararas\u0131 \u0130li\u015fkiler Teorisi ile ulusaras\u0131 g\u00fcvenlik ve d\u0131\u015f politikad\u0131r.<\/p>\n<h4><strong>Dr. Se\u00e7kin Bar\u0131\u015f G\u00fclmez\u2019in K\u0131sa \u00d6zge\u00e7mi\u015fi<\/strong><\/h4>\n<p>Dr. Se\u00e7kin Bar\u0131\u015f G\u00fclmez Warwick \u00dcniversitesi\u2019nde \u00d6\u011fretim \u00dcyesi\u2019dir. Doktora derecesini Royal Holloway \u00dcniversitesi\u2019nin Siyaset Bilimi ve Uluslararas\u0131 \u0130li\u015fkiler B\u00f6l\u00fcm\u00fc\u2019nden alm\u0131\u015ft\u0131r. Orta Do\u011fu Teknik \u00dcnivesitesi\u2019den Uluslararas\u0131 \u0130li\u015fkiler alan\u0131nda lisans ve de University of London\u2019dan y\u00fcksek lisans derecelerine sahiptir.<\/p>\n","protected":false},"excerpt":{"rendered":"<p>Research Turkey Konferans \u2013\u00a0Do\u00e7. Dr. Balkan Devlen: \u201cRus Ay\u0131s\u0131\u2019n\u0131 D\u00fcrtmeyin: Ukrayna Krizi\u2019nde T\u00fcrkiye\u2019nin Politikas\u0131\u201d,\u00a016 Ocak 2015, \u00a0SOAS T\u00fcrkiye Politika ve Ara\u015ft\u0131rma Merkezi (Research Turkey), Kopenhag \u00dcniversitesi ve \u0130zmir Ekonomi \u00dcniversitesi\u2019nden Do\u00e7. Dr. Balkan Devlen\u2019in\u00a0kat\u0131l\u0131m\u0131 ile\u00a0\u201cRus Ay\u0131s\u0131\u2019n\u0131 D\u00fcrtmeyin: Ukrayna Krizi\u2019nde T\u00fcrkiye\u2019nin Politikas\u0131 (\u0130ngilizce)\u201d\u00a0ba\u015fl\u0131kl\u0131 bir konferans d\u00fczenleyecektir. University of Warwick\u2019ten Dr. Se\u00e7kin Bar\u0131\u015f G\u00fclmez\u2019in oturum ba\u015fkanl\u0131\u011f\u0131 yapaca\u011f\u0131 [&hellip;]<\/p>\n","protected":false},"author":184,"featured_media":9032,"comment_status":"open","ping_status":"open","sticky":false,"template":"","format":"standard","meta":{"footnotes":""},"categories":[237,275],"tags":[],"_links":{"self":[{"href":"http:\/\/www.researchturkey.org\/tr\/wp-json\/wp\/v2\/posts\/9033"}],"collection":[{"href":"http:\/\/www.researchturkey.org\/tr\/wp-json\/wp\/v2\/posts"}],"about":[{"href":"http:\/\/www.researchturkey.org\/tr\/wp-json\/wp\/v2\/types\/post"}],"author":[{"embeddable":true,"href":"http:\/\/www.researchturkey.org\/tr\/wp-json\/wp\/v2\/users\/184"}],"replies":[{"embeddable":true,"href":"http:\/\/www.researchturkey.org\/tr\/wp-json\/wp\/v2\/comments?post=9033"}],"version-history":[{"count":1,"href":"http:\/\/www.researchturkey.org\/tr\/wp-json\/wp\/v2\/posts\/9033\/revisions"}],"predecessor-version":[{"id":9034,"href":"http:\/\/www.researchturkey.org\/tr\/wp-json\/wp\/v2\/posts\/9033\/revisions\/9034"}],"wp:featuredmedia":[{"embeddable":true,"href":"http:\/\/www.researchturkey.org\/tr\/wp-json\/wp\/v2\/media\/9032"}],"wp:attachment":[{"href":"http:\/\/www.researchturkey.org\/tr\/wp-json\/wp\/v2\/media?parent=9033"}],"wp:term":[{"taxonomy":"category","embeddable":true,"href":"http:\/\/www.researchturkey.org\/tr\/wp-json\/wp\/v2\/categories?post=9033"},{"taxonomy":"post_tag","embeddable":true,"href":"http:\/\/www.researchturkey.org\/tr\/wp-json\/wp\/v2\/tags?post=9033"}],"curies":[{"name":"wp","href":"https:\/\/api.w.org\/{rel}","templated":true}]}}