{"id":9381,"date":"2014-04-14T18:26:49","date_gmt":"2014-04-14T15:26:49","guid":{"rendered":"https:\/\/www.researchturkey.org\/call-for-papers-democracy-public-spaces-and-open-society-gezi-park-protests-and-the-birth-of-the-gezi-movement-2\/"},"modified":"2022-08-25T18:29:30","modified_gmt":"2022-08-25T15:29:30","slug":"call-for-papers-democracy-public-spaces-and-open-society-gezi-park-protests-and-the-birth-of-the-gezi-movement-2","status":"publish","type":"post","link":"http:\/\/www.researchturkey.org\/tr\/call-for-papers-democracy-public-spaces-and-open-society-gezi-park-protests-and-the-birth-of-the-gezi-movement-2\/","title":{"rendered":"Makale \u00c7a\u011fr\u0131s\u0131 \u2013 Perugia \u00dcniversitesi \u2013 Demokrasi, Kamusal Alanlar ve \u2018A\u00e7\u0131k Toplum\u2019: Gezi Park\u0131 Protestolar\u0131 ve Gezi Hareketinin Do\u011fu\u015fu"},"content":{"rendered":"<div align=\"center\"><strong>Makale \u00c7a\u011fr\u0131s\u0131 \u2013 Perugia \u00dcniversitesi \u2013 \u00a0Demokrasi, Kamusal Alanlar ve \u2018A\u00e7\u0131k Toplum\u2019: Gezi Park\u0131 Protestolar\u0131 ve Gezi Hareketinin Do\u011fu\u015fu<\/strong><\/div>\n<div align=\"center\"><\/div>\n<div align=\"center\">11 \u2013 13 Eyl\u00fcl 2014<\/div>\n<div><b>\u00a0<\/b><\/div>\n<div align=\"center\"><\/div>\n<div align=\"center\">250 kelimeden fazla olmayacak, \u0130ngilizce ya da \u0130talyanca \u00f6zetler\u00a0<b>8 May\u0131s 2014\u00a0<\/b>tarihine kadar \u00a0<strong>Dr. Carola Cerami (carola.cerami@unipv.it)<\/strong>\u00a0ve\u00a0<strong>Federico Donelli (federico@donelli.it)\u2019ye iletilmelidir.\u00a0<\/strong><\/div>\n","protected":false},"excerpt":{"rendered":"<p>Makale \u00c7a\u011fr\u0131s\u0131 \u2013 Perugia \u00dcniversitesi \u2013 \u00a0Demokrasi, Kamusal Alanlar ve \u2018A\u00e7\u0131k Toplum\u2019: Gezi Park\u0131 Protestolar\u0131 ve Gezi Hareketinin Do\u011fu\u015fu 11 \u2013 13 Eyl\u00fcl 2014 \u00a0 250 kelimeden fazla olmayacak, \u0130ngilizce ya da \u0130talyanca \u00f6zetler\u00a08 May\u0131s 2014\u00a0tarihine kadar \u00a0Dr. Carola Cerami (carola.cerami@unipv.it)\u00a0ve\u00a0Federico Donelli (federico@donelli.it)\u2019ye iletilmelidir.\u00a0<\/p>\n","protected":false},"author":184,"featured_media":7754,"comment_status":"open","ping_status":"open","sticky":false,"template":"","format":"standard","meta":{"footnotes":""},"categories":[213],"tags":[],"_links":{"self":[{"href":"http:\/\/www.researchturkey.org\/tr\/wp-json\/wp\/v2\/posts\/9381"}],"collection":[{"href":"http:\/\/www.researchturkey.org\/tr\/wp-json\/wp\/v2\/posts"}],"about":[{"href":"http:\/\/www.researchturkey.org\/tr\/wp-json\/wp\/v2\/types\/post"}],"author":[{"embeddable":true,"href":"http:\/\/www.researchturkey.org\/tr\/wp-json\/wp\/v2\/users\/184"}],"replies":[{"embeddable":true,"href":"http:\/\/www.researchturkey.org\/tr\/wp-json\/wp\/v2\/comments?post=9381"}],"version-history":[{"count":1,"href":"http:\/\/www.researchturkey.org\/tr\/wp-json\/wp\/v2\/posts\/9381\/revisions"}],"predecessor-version":[{"id":9382,"href":"http:\/\/www.researchturkey.org\/tr\/wp-json\/wp\/v2\/posts\/9381\/revisions\/9382"}],"wp:featuredmedia":[{"embeddable":true,"href":"http:\/\/www.researchturkey.org\/tr\/wp-json\/wp\/v2\/media\/7754"}],"wp:attachment":[{"href":"http:\/\/www.researchturkey.org\/tr\/wp-json\/wp\/v2\/media?parent=9381"}],"wp:term":[{"taxonomy":"category","embeddable":true,"href":"http:\/\/www.researchturkey.org\/tr\/wp-json\/wp\/v2\/categories?post=9381"},{"taxonomy":"post_tag","embeddable":true,"href":"http:\/\/www.researchturkey.org\/tr\/wp-json\/wp\/v2\/tags?post=9381"}],"curies":[{"name":"wp","href":"https:\/\/api.w.org\/{rel}","templated":true}]}}