{"id":9398,"date":"2015-07-15T14:50:44","date_gmt":"2015-07-15T11:50:44","guid":{"rendered":"https:\/\/www.researchturkey.org\/call-for-papers-special-issue-on-protest-and-activism-without-organisation-international-journal-of-sociology-and-social-policy\/"},"modified":"2022-08-28T14:54:05","modified_gmt":"2022-08-28T11:54:05","slug":"call-for-papers-special-issue-on-protest-and-activism-without-organisation-international-journal-of-sociology-and-social-policy","status":"publish","type":"post","link":"http:\/\/www.researchturkey.org\/tr\/call-for-papers-special-issue-on-protest-and-activism-without-organisation-international-journal-of-sociology-and-social-policy\/","title":{"rendered":"MAKALELER \u0130\u00c7\u0130N \u00c7A\u011eRI: \u201c\u00d6rg\u00fctl\u00fc\/\u00d6rg\u00fcts\u00fcz Protesto ve Aktivizm\u201d \u00dczerine \u00d6zel Say\u0131 \u2013 Uluslararas\u0131 Sosyoloji ve Sosyal Politika Dergisi"},"content":{"rendered":"<h4><strong>MAKALELER \u0130\u00c7\u0130N \u00c7A\u011eRI: \u201c\u00d6rg\u00fctl\u00fc\/\u00d6rg\u00fcts\u00fcz Protesto ve Aktivizm\u201d \u00dczerine \u00d6zel Say\u0131 \u2013 Uluslararas\u0131 Sosyoloji ve Sosyal Politika Dergisi<\/strong><\/h4>\n<p>Uluslararas\u0131 Sosyoloji ve Sosyal Politika Dergisi\u2019nin \u00d6zel Say\u0131s\u0131 \u00f6zellikle \u201c\u00f6rg\u00fct\u201d\u00fcn sosyo-mekansal bi\u00e7imlerini sorgulamakla ilgileniyor, b\u00f6ylece \u00f6rg\u00fct\u00fcn zaman ve mekan boyunca aktivizm ve protesto aras\u0131ndaki ili\u015fkiler ve de\u011fi\u015fik ifade bi\u00e7imleri hakk\u0131nda nas\u0131l bilgiler verdi\u011fini daha iyi anlamay\u0131 ama\u00e7l\u0131yor.<\/p>\n<p>Bu ama\u00e7la, en fazla 8000 kelimeden olu\u015fan, ampirik ya da teorik olarak, ge\u00e7mi\u015fte ve g\u00fcn\u00fcm\u00fczde, d\u00fcnyan\u0131n herhangi bir yerinde, her t\u00fcrl\u00fc b\u00fcy\u00fckl\u00fckteki aktivizm ve protestonun \u00f6rg\u00fctlenmesi konusuna odaklanm\u0131\u015f makaleler bekleniyor.<\/p>\n<p><strong>Ba\u015fvurular<\/strong><\/p>\n<p>250-300 kelimelik \u00f6zetleri do\u011frudan misafir edit\u00f6rler Richard Whit\u00a0(richard.white@shu.ac.uk) \u00a0ve Tricia Wood\u2019a (pwood@yorku.ca) g\u00f6nderiniz.<\/p>\n<p><strong>Son tarih:<\/strong> \u00f6zetler i\u00e7in 15 A\u011fustos 2015<\/p>\n<p>Uluslararas\u0131 Sosyoloji ve Sosyal Politika Dergisi ve ba\u015fvuru detaylar\u0131 hakk\u0131nda daha fazla bilgi <a href=\"https:\/\/web.archive.org\/web\/20160514040925\/http:\/\/www.emeraldgrouppublishing.com\/products\/journals\/journals.htm?id=ijssp\" target=\"_blank\" rel=\"noopener\">http:\/\/www.emeraldgrouppublishing.com\/products\/journals\/journals.htm?id=ijssp<\/a>adresinde bulunabilir.<\/p>\n<p>Bu duyurunun \u0130ngilizcesine buradan ula\u015fabilirsiniz.<\/p>\n<p>&nbsp;<\/p>\n","protected":false},"excerpt":{"rendered":"<p>MAKALELER \u0130\u00c7\u0130N \u00c7A\u011eRI: \u201c\u00d6rg\u00fctl\u00fc\/\u00d6rg\u00fcts\u00fcz Protesto ve Aktivizm\u201d \u00dczerine \u00d6zel Say\u0131 \u2013 Uluslararas\u0131 Sosyoloji ve Sosyal Politika Dergisi Uluslararas\u0131 Sosyoloji ve Sosyal Politika Dergisi\u2019nin \u00d6zel Say\u0131s\u0131 \u00f6zellikle \u201c\u00f6rg\u00fct\u201d\u00fcn sosyo-mekansal bi\u00e7imlerini sorgulamakla ilgileniyor, b\u00f6ylece \u00f6rg\u00fct\u00fcn zaman ve mekan boyunca aktivizm ve protesto aras\u0131ndaki ili\u015fkiler ve de\u011fi\u015fik ifade bi\u00e7imleri hakk\u0131nda nas\u0131l bilgiler verdi\u011fini daha iyi anlamay\u0131 ama\u00e7l\u0131yor. Bu [&hellip;]<\/p>\n","protected":false},"author":184,"featured_media":7754,"comment_status":"open","ping_status":"open","sticky":false,"template":"","format":"standard","meta":{"footnotes":""},"categories":[213],"tags":[],"_links":{"self":[{"href":"http:\/\/www.researchturkey.org\/tr\/wp-json\/wp\/v2\/posts\/9398"}],"collection":[{"href":"http:\/\/www.researchturkey.org\/tr\/wp-json\/wp\/v2\/posts"}],"about":[{"href":"http:\/\/www.researchturkey.org\/tr\/wp-json\/wp\/v2\/types\/post"}],"author":[{"embeddable":true,"href":"http:\/\/www.researchturkey.org\/tr\/wp-json\/wp\/v2\/users\/184"}],"replies":[{"embeddable":true,"href":"http:\/\/www.researchturkey.org\/tr\/wp-json\/wp\/v2\/comments?post=9398"}],"version-history":[{"count":1,"href":"http:\/\/www.researchturkey.org\/tr\/wp-json\/wp\/v2\/posts\/9398\/revisions"}],"predecessor-version":[{"id":9399,"href":"http:\/\/www.researchturkey.org\/tr\/wp-json\/wp\/v2\/posts\/9398\/revisions\/9399"}],"wp:featuredmedia":[{"embeddable":true,"href":"http:\/\/www.researchturkey.org\/tr\/wp-json\/wp\/v2\/media\/7754"}],"wp:attachment":[{"href":"http:\/\/www.researchturkey.org\/tr\/wp-json\/wp\/v2\/media?parent=9398"}],"wp:term":[{"taxonomy":"category","embeddable":true,"href":"http:\/\/www.researchturkey.org\/tr\/wp-json\/wp\/v2\/categories?post=9398"},{"taxonomy":"post_tag","embeddable":true,"href":"http:\/\/www.researchturkey.org\/tr\/wp-json\/wp\/v2\/tags?post=9398"}],"curies":[{"name":"wp","href":"https:\/\/api.w.org\/{rel}","templated":true}]}}