{"id":9424,"date":"2017-06-23T15:12:41","date_gmt":"2017-06-23T12:12:41","guid":{"rendered":"https:\/\/www.researchturkey.org\/turkey-at-critical-crossroads-dynamic-trajectories-for-society-politics-and-culture-2\/"},"modified":"2022-08-28T15:18:12","modified_gmt":"2022-08-28T12:18:12","slug":"turkey-at-critical-crossroads-dynamic-trajectories-for-society-politics-and-culture-2","status":"publish","type":"post","link":"http:\/\/www.researchturkey.org\/tr\/turkey-at-critical-crossroads-dynamic-trajectories-for-society-politics-and-culture-2\/","title":{"rendered":"KONFERANS \u00c7A\u011eRISI: \u0130mparatorluk, Sermaye ve Ulus\u00f6tesi Direni\u015f: Felsefi ve Disiplinleraras\u0131 Yakla\u015f\u0131mlar \u2013 Uygulamal\u0131 Felsefe, Siyaset ve Etik Merkezi (Centre for Applied Philosophy, Politics and Ethics) (CAPPE) \u2013 University of Brighton"},"content":{"rendered":"<p><strong>KONFERANS \u00c7A\u011eRISI: \u0130mparatorluk, Sermaye ve Ulus\u00f6tesi Direni\u015f: Felsefi ve Disiplinleraras\u0131 Yakla\u015f\u0131mlar \u2013 Uygulamal\u0131 Felsefe, Siyaset ve Etik Merkezi <em>(Centre for Applied Philosophy, Politics and Ethics)<\/em> <em>(CAPPE)<\/em> \u2013 University of Brighton<\/strong><\/p>\n<p>13\u00a0Eyl\u00fcl\u00a02017\u00a0\u2013\u00a015\u00a0Eyl\u00fcl\u00a02017<\/p>\n<p>Bu konferans, s\u00f6m\u00fcrge sonras\u0131 d\u00fcnya ba\u011flam\u0131nda kurumsal, neoliberal ve devlet iktidar\u0131na kar\u015f\u0131 direni\u015fin son bi\u00e7imlerini ele almaktad\u0131r.<\/p>\n<p>Brighton \u00dcniversitesi\u2019ndeki Uygulamal\u0131 Felsefe, Siyaset ve Etik Merkezi; felsefe, siyaset, etik, alan \u00e7al\u0131\u015fmalar\u0131, k\u00fcresel etik, ve co\u011frafya, k\u00fclt\u00fcrel ve ele\u015ftirel teori gibi alanlar\u0131n herhangi bir y\u00f6n\u00fc ile ilgili disiplinleraras\u0131 makaleleri memnuniyetle kar\u015f\u0131lamaktad\u0131r.<\/p>\n<p><strong>Gereklilikler<\/strong><\/p>\n<p>Olas\u0131 temalar \u015fu \u015fekildedir:<\/p>\n<ul>\n<li>Siyasi eylem nedir? Neler politik direni\u015f olarak say\u0131labilir?<\/li>\n<li>Siyaset felsefesi ve\/ ya da siyasetle ilgili siyasi olan nedir?<\/li>\n<li>G\u00fcn\u00fcm\u00fcz d\u00fcnyas\u0131nda \u2018devlet\u2019, \u2018imparatorluk\u2019 ve \u2018sermaye\u2019 kavramlar\u0131n\u0131 nas\u0131l anlamal\u0131y\u0131z?<\/li>\n<li>Devlet ile kurum aras\u0131ndaki de\u011fi\u015fen ili\u015fki vatanda\u015fl\u0131k anlay\u0131\u015f\u0131n\u0131 nas\u0131l etkiler?<\/li>\n<li>Kurumsal ve disiplinel g\u00fc\u00e7 aras\u0131ndaki ili\u015fkiler nelerdir?<\/li>\n<li>Neo-liberal konjonkt\u00fcrde fark yaratma meselesi nedir?<\/li>\n<li>S\u0131n\u0131rlar<\/li>\n<li>\u2018S\u00f6m\u00fcrgecili\u011fi\u2019 yeniden d\u00fc\u015f\u00fcnmek<\/li>\n<li>Trump, Brexit ve Haklar: direni\u015fin yeniden d\u00fczenlenmesinin sonu\u00e7lar\u0131.<\/li>\n<\/ul>\n<p><strong>Son ba\u015fvuru tarihi<\/strong><\/p>\n<p>30 Haziran 2017<\/p>\n<p><strong>Daha fazla bilgi i\u00e7in<\/strong><\/p>\n<p>Daha fazla bilgi i\u00e7in l\u00fctfen <a href=\"https:\/\/web.archive.org\/web\/20170803003610\/http:\/\/arts.brighton.ac.uk\/research\/cappe\/calendar\/empire,-capital,-and-transnational-resistance\" data-saferedirecturl=\"https:\/\/www.google.com\/url?hl=tr&amp;q=http:\/\/arts.brighton.ac.uk\/research\/cappe\/calendar\/empire,-capital,-and-transnational-resistance&amp;source=gmail&amp;ust=1498813319099000&amp;usg=AFQjCNHDUlSBpSkSnRGR8exjS3JCkLB2ZA\">bak\u0131n\u0131z.<\/a><\/p>\n","protected":false},"excerpt":{"rendered":"<p>KONFERANS \u00c7A\u011eRISI: \u0130mparatorluk, Sermaye ve Ulus\u00f6tesi Direni\u015f: Felsefi ve Disiplinleraras\u0131 Yakla\u015f\u0131mlar \u2013 Uygulamal\u0131 Felsefe, Siyaset ve Etik Merkezi (Centre for Applied Philosophy, Politics and Ethics) (CAPPE) \u2013 University of Brighton 13\u00a0Eyl\u00fcl\u00a02017\u00a0\u2013\u00a015\u00a0Eyl\u00fcl\u00a02017 Bu konferans, s\u00f6m\u00fcrge sonras\u0131 d\u00fcnya ba\u011flam\u0131nda kurumsal, neoliberal ve devlet iktidar\u0131na kar\u015f\u0131 direni\u015fin son bi\u00e7imlerini ele almaktad\u0131r. Brighton \u00dcniversitesi\u2019ndeki Uygulamal\u0131 Felsefe, Siyaset ve Etik [&hellip;]<\/p>\n","protected":false},"author":184,"featured_media":7754,"comment_status":"open","ping_status":"open","sticky":false,"template":"","format":"standard","meta":{"footnotes":""},"categories":[213],"tags":[],"_links":{"self":[{"href":"http:\/\/www.researchturkey.org\/tr\/wp-json\/wp\/v2\/posts\/9424"}],"collection":[{"href":"http:\/\/www.researchturkey.org\/tr\/wp-json\/wp\/v2\/posts"}],"about":[{"href":"http:\/\/www.researchturkey.org\/tr\/wp-json\/wp\/v2\/types\/post"}],"author":[{"embeddable":true,"href":"http:\/\/www.researchturkey.org\/tr\/wp-json\/wp\/v2\/users\/184"}],"replies":[{"embeddable":true,"href":"http:\/\/www.researchturkey.org\/tr\/wp-json\/wp\/v2\/comments?post=9424"}],"version-history":[{"count":2,"href":"http:\/\/www.researchturkey.org\/tr\/wp-json\/wp\/v2\/posts\/9424\/revisions"}],"predecessor-version":[{"id":9428,"href":"http:\/\/www.researchturkey.org\/tr\/wp-json\/wp\/v2\/posts\/9424\/revisions\/9428"}],"wp:featuredmedia":[{"embeddable":true,"href":"http:\/\/www.researchturkey.org\/tr\/wp-json\/wp\/v2\/media\/7754"}],"wp:attachment":[{"href":"http:\/\/www.researchturkey.org\/tr\/wp-json\/wp\/v2\/media?parent=9424"}],"wp:term":[{"taxonomy":"category","embeddable":true,"href":"http:\/\/www.researchturkey.org\/tr\/wp-json\/wp\/v2\/categories?post=9424"},{"taxonomy":"post_tag","embeddable":true,"href":"http:\/\/www.researchturkey.org\/tr\/wp-json\/wp\/v2\/tags?post=9424"}],"curies":[{"name":"wp","href":"https:\/\/api.w.org\/{rel}","templated":true}]}}