{"id":9438,"date":"2015-01-24T15:25:52","date_gmt":"2015-01-24T12:25:52","guid":{"rendered":"https:\/\/www.researchturkey.org\/call-for-applications-for-mercator-ipc-fellowships\/"},"modified":"2022-08-28T15:28:04","modified_gmt":"2022-08-28T12:28:04","slug":"call-for-applications-for-mercator-ipc-fellowships","status":"publish","type":"post","link":"http:\/\/www.researchturkey.org\/tr\/call-for-applications-for-mercator-ipc-fellowships\/","title":{"rendered":"Ba\u015fvuru \u00c7a\u011fr\u0131s\u0131: Mercator-IPC Burslar\u0131"},"content":{"rendered":"<p>Stiftung Mercator ve Sabanc\u0131 \u00dcniversitesi \u0130stanbul Politikalar Merkezi, T\u00fcrkiye ara\u015ft\u0131rmalar\u0131na ilgili akademisyen ve gazetecileri ortak d\u00fczenledikleri Burs program\u0131 dahilinde \u0130stanbul Politikalar Merkezi\u2019ndeki pozisyonlar i\u00e7in ba\u015fvurmaya davet ediyor. T\u00fcrkiye ile Almanya ve Avrupa aras\u0131ndaki siyasi sosyal ve akademik ili\u015fkilerin geli\u015ftirilmesini hedefleyen programa AB\/Alman \u2013 T\u00fcrkiye ili\u015fkileri, iklim de\u011fi\u015fikli\u011fi ve de E\u011fitim alanlar\u0131nda uzman ki\u015filer ba\u015fvurabilir.<\/p>\n<p><strong>1 Eyl\u00fcl 2015<\/strong> tarihinde ba\u015flayacak burslar\/programa ba\u015fvuru i\u00e7in son tarih <strong>6 Nisan 2015<\/strong>\u2018tir.<\/p>\n<p>Ayr\u0131nt\u0131l\u0131 bilgi i\u00e7in a\u015fa\u011f\u0131daki ileti\u015fim bilgilerinden kuruma ula\u015fabilir ya da\u00a0<a href=\"https:\/\/web.archive.org\/web\/20150401090006\/http:\/\/ipc.sabanciuniv.edu\/en\/about_fellowship\/\">http:\/\/ipc.sabanciuniv.edu\/en\/about_fellowship\/<\/a>\u00a0adresindeki websitesini ziyaret edebilirsiniz:<\/p>\n<p>\u00c7i\u011fdem Tongal, Mercator-IPC Fellowship Research Associate<br \/>\nEmail: cigdemtongal@sabanciuniv.edu<br \/>\nTel.: 90 (0) 212 292 49 39 ext. 1418<\/p>\n<p>veya<\/p>\n<p>G\u00fclcihan \u00c7i\u011fdem Okan, Research and Administrative Affairs Assistant<br \/>\nEmail: gcigdem@sabanciuniv.edu<br \/>\nTel: 90 (0) 212 292 49 39 ext. 1417<\/p>\n","protected":false},"excerpt":{"rendered":"<p>Stiftung Mercator ve Sabanc\u0131 \u00dcniversitesi \u0130stanbul Politikalar Merkezi, T\u00fcrkiye ara\u015ft\u0131rmalar\u0131na ilgili akademisyen ve gazetecileri ortak d\u00fczenledikleri Burs program\u0131 dahilinde \u0130stanbul Politikalar Merkezi\u2019ndeki pozisyonlar i\u00e7in ba\u015fvurmaya davet ediyor. T\u00fcrkiye ile Almanya ve Avrupa aras\u0131ndaki siyasi sosyal ve akademik ili\u015fkilerin geli\u015ftirilmesini hedefleyen programa AB\/Alman \u2013 T\u00fcrkiye ili\u015fkileri, iklim de\u011fi\u015fikli\u011fi ve de E\u011fitim alanlar\u0131nda uzman ki\u015filer ba\u015fvurabilir. 1 [&hellip;]<\/p>\n","protected":false},"author":184,"featured_media":7754,"comment_status":"open","ping_status":"open","sticky":false,"template":"","format":"standard","meta":{"footnotes":""},"categories":[213],"tags":[],"_links":{"self":[{"href":"http:\/\/www.researchturkey.org\/tr\/wp-json\/wp\/v2\/posts\/9438"}],"collection":[{"href":"http:\/\/www.researchturkey.org\/tr\/wp-json\/wp\/v2\/posts"}],"about":[{"href":"http:\/\/www.researchturkey.org\/tr\/wp-json\/wp\/v2\/types\/post"}],"author":[{"embeddable":true,"href":"http:\/\/www.researchturkey.org\/tr\/wp-json\/wp\/v2\/users\/184"}],"replies":[{"embeddable":true,"href":"http:\/\/www.researchturkey.org\/tr\/wp-json\/wp\/v2\/comments?post=9438"}],"version-history":[{"count":1,"href":"http:\/\/www.researchturkey.org\/tr\/wp-json\/wp\/v2\/posts\/9438\/revisions"}],"predecessor-version":[{"id":9439,"href":"http:\/\/www.researchturkey.org\/tr\/wp-json\/wp\/v2\/posts\/9438\/revisions\/9439"}],"wp:featuredmedia":[{"embeddable":true,"href":"http:\/\/www.researchturkey.org\/tr\/wp-json\/wp\/v2\/media\/7754"}],"wp:attachment":[{"href":"http:\/\/www.researchturkey.org\/tr\/wp-json\/wp\/v2\/media?parent=9438"}],"wp:term":[{"taxonomy":"category","embeddable":true,"href":"http:\/\/www.researchturkey.org\/tr\/wp-json\/wp\/v2\/categories?post=9438"},{"taxonomy":"post_tag","embeddable":true,"href":"http:\/\/www.researchturkey.org\/tr\/wp-json\/wp\/v2\/tags?post=9438"}],"curies":[{"name":"wp","href":"https:\/\/api.w.org\/{rel}","templated":true}]}}