{"id":9759,"date":"2016-06-14T20:37:54","date_gmt":"2016-06-14T17:37:54","guid":{"rendered":"https:\/\/www.researchturkey.org\/ergenekon-once-again-an-exemplary-story-of-how-the-law-was-abolished\/"},"modified":"2022-10-16T20:42:02","modified_gmt":"2022-10-16T17:42:02","slug":"ergenekon-once-again-an-exemplary-story-of-how-the-law-was-abolished","status":"publish","type":"post","link":"http:\/\/www.researchturkey.org\/tr\/ergenekon-once-again-an-exemplary-story-of-how-the-law-was-abolished\/","title":{"rendered":"Yeniden Ergenekon: Bir Hukuk Katliam\u0131n\u0131n \u0130bret Verici \u00d6yk\u00fcs\u00fc"},"content":{"rendered":"<p><em>*Kaynak:\u00a0Sendika.org \u00a0\u00a9<\/em><\/p>\n<h3><strong>Yeniden Ergenekon:<\/strong><\/h3>\n<h3><strong>Bir Hukuk Katliam\u0131n\u0131n \u0130bret Verici \u00d6yk\u00fcs\u00fc<\/strong><\/h3>\n<h4><strong>\u00d6zet<\/strong><\/h4>\n<p><em>Yarg\u0131tay\u2019, \u201cErgenekon\u201d ad\u0131yla bilinen \u00fcnl\u00fc davada, ilk derece mahkemesinin mahk\u00fbmiyetlerle dolu karar\u0131n\u0131 bozdu.\u00a0 Bu bozma, art\u0131k herkesin gayet iyi bildi\u011fi ger\u00e7e\u011fi net bi\u00e7imde ortaya koymakta: T\u00fcrkiye\u2019de, son dokuz y\u0131l boyunca, \u201chukuk s\u00fcs\u00fc verilmi\u015f\u201d bir tasfiye-i\u015fkence-intikam operasyonu y\u00fcr\u00fct\u00fclm\u00fc\u015ft\u00fcr. Dokuz y\u0131l \u00f6nce ba\u015flayan ve hepsi birbirinden medyatik birka\u00e7 b\u00fcy\u00fck dava halinde ilerleyen bu operasyon; ba\u015fta T\u00fcrk Ordusunun \u00fcst subaylar\u0131 olmak \u00fczere, toplumun se\u00e7kinlerini hedef alm\u0131\u015ft\u0131. Dava s\u00fcre\u00e7lerinde ya\u015fanan a\u011f\u0131r hukuk ihlalleri kadar, davalar\u0131n yaratt\u0131\u011f\u0131 toplumsal-siyasal-insani-hukuksal y\u0131k\u0131m da \u00e7ok tart\u0131\u015f\u0131lm\u0131\u015ft\u0131. Biz de 27 A\u011fustos 2013 tarihinde, yine Research Turkey sayfalar\u0131nda yay\u0131mlad\u0131\u011f\u0131m\u0131z makalede<strong>(<a href=\"https:\/\/web.archive.org\/web\/20170609212058\/http:\/\/researchturkey.org\/tr\/ergenekon-once-again-an-exemplary-story-of-how-the-law-was-abolished\/#_ftn1\" name=\"_ftnref1\">[1]<\/a>)<\/strong> konuyu incelemeye \u00e7al\u0131\u015fm\u0131\u015ft\u0131k. \u015eimdi, \u201cfikri takip\u201d sorumlulu\u011funun gere\u011fini yerine getiriyor ve bu son geli\u015fmeyi de dikkate alarak olay\u0131 a\u015fa\u011f\u0131da geni\u015f\u00e7e irdeliyoruz. 2013\u2019de, dava hen\u00fcz g\u00f6r\u00fclmekteyken, \u201cHukuk mu, Siyaset mi Yoksa \u0130ntikam m\u0131?\u201d diye sormu\u015ftuk, ama bug\u00fcn art\u0131k soruya gerek kalmad\u0131; \u00e7\u0131plak ger\u00e7ek ortada: Bu dava ve bu davan\u0131n \u00f6teki karde\u015fleri kesinlikle hukuk de\u011fil; biraz siyaset, ama b\u00fcy\u00fck \u00f6l\u00e7\u00fcde intikam.<\/em><\/p>\n<p>***<\/p>\n<h4><strong>Haf\u0131zam\u0131z\u0131 Tazeleyelim: \u201cErgenekon Davalar\u0131\u201d Neydi?<\/strong><\/h4>\n<p>T\u00fcrkler Ergenekon\u2019u \u00f6teden beri mitolojik bir destan\u0131n ad\u0131 olarak bilirler.<strong>(<a href=\"https:\/\/web.archive.org\/web\/20170609212058\/http:\/\/researchturkey.org\/tr\/ergenekon-once-again-an-exemplary-story-of-how-the-law-was-abolished\/#_ftn2\" name=\"_ftnref2\">[2]<\/a>)<\/strong> 1990\u2019lar\u0131n sonlar\u0131ndan itibaren de bu ismi \u201cdevlet i\u00e7inde yuvalanm\u0131\u015f, devlete rakip yasad\u0131\u015f\u0131 gizli \u00f6rg\u00fct\u201d ad\u0131 olarak zaman zaman duymaktayd\u0131lar. Ama takvimler 2007\u2019yi g\u00f6sterdi\u011finde, Ergenekon ad\u0131 T\u00fcrkiye\u2019nin g\u00fcndemine, bir dizi ceza davas\u0131 olarak yine geldi ve g\u00fcn\u00fcm\u00fcze kadar, tam dokuz y\u0131l boyunca da gitmedi. 2007 y\u0131l\u0131n\u0131n Haziran ay\u0131yd\u0131, \u0130stanbul\u2019un kenar mahallesindeki bir gecekonduda bulunan birka\u00e7 el bombas\u0131yla ba\u015flayan soru\u015fturmalar; k\u0131sa zamanda dalga dalga yay\u0131ld\u0131, her dalgada i\u00e7ine toplumu \u015fok edici isimleri katarak y\u00fckseldi, y\u00fckseldi, yol boyu ba\u015fka davalarla da birle\u015ferek T\u00fcrkiye\u2019nin b\u00fct\u00fcn siyaset ve hukuk g\u00fcndemini dokuz y\u0131l boyunca esir alan o hukuk g\u00f6r\u00fcn\u00fcml\u00fc faciay\u0131 olu\u015fturdu.<\/p>\n<p>Savc\u0131lar\u0131n iddias\u0131 \u00f6zetle \u015fuydu: Ergenekon adl\u0131 gizli bir \u00f6rg\u00fct vard\u0131 ve bu \u00f6rg\u00fct \u00fclkeyi i\u00e7 etnik \u00e7at\u0131\u015fmalara, kaosa s\u00fcr\u00fckleyerek y\u00f6netimi kendi istedi\u011fi gibi y\u00f6nlendirmek, bir ad\u0131m sonras\u0131nda ise ele ge\u00e7irmek istiyordu.<\/p>\n<p>Zaman ilerledik\u00e7e dava dosyas\u0131na yeni yeni iddianameler eklendi. Yine bu s\u00fcre i\u00e7inde a\u00e7\u0131lan pek \u00e7ok ba\u015fka davalar da Ergenekon dosyas\u0131na kat\u0131ld\u0131.<strong>(<a href=\"https:\/\/web.archive.org\/web\/20170609212058\/http:\/\/researchturkey.org\/tr\/ergenekon-once-again-an-exemplary-story-of-how-the-law-was-abolished\/#_ftn3\" name=\"_ftnref3\">[3]<\/a>) <\/strong>B\u00f6ylece; birle\u015ftirilenler, yeni \u00a0a\u00e7\u0131lanlar derken; \u00a0dosya devasa bir hal ald\u0131. \u00d6yle ki, sadece ilk davan\u0131n iddianamesi 2.500 sayfayd\u0131, dosyalar\u0131 binlerce klas\u00f6re zor s\u0131\u011f\u0131yordu. San\u0131k say\u0131s\u0131 274\u2019e ula\u015f\u0131yordu.<strong>(<a href=\"https:\/\/web.archive.org\/web\/20170609212058\/http:\/\/researchturkey.org\/tr\/ergenekon-once-again-an-exemplary-story-of-how-the-law-was-abolished\/#_ftn4\" name=\"_ftnref4\">[4]<\/a>)<\/strong><\/p>\n<p>Davan\u0131n san\u0131klar\u0131 aras\u0131nda T\u00fcrkiye\u2019nin 26. Genelkurmay Ba\u015fkan\u0131<strong>(<a href=\"https:\/\/web.archive.org\/web\/20170609212058\/http:\/\/researchturkey.org\/tr\/ergenekon-once-again-an-exemplary-story-of-how-the-law-was-abolished\/#_ftn5\" name=\"_ftnref5\">[5]<\/a>)<\/strong> bile vard\u0131. Emekli kuvvet komutanlar\u0131, Ordu komutanlar\u0131,<strong>(<a href=\"https:\/\/web.archive.org\/web\/20170609212058\/http:\/\/researchturkey.org\/tr\/ergenekon-once-again-an-exemplary-story-of-how-the-law-was-abolished\/#_ftn6\" name=\"_ftnref6\">[6]<\/a>) <\/strong>Y\u00d6K Ba\u015fkanlar\u0131<strong>(<a href=\"https:\/\/web.archive.org\/web\/20170609212058\/http:\/\/researchturkey.org\/tr\/ergenekon-once-again-an-exemplary-story-of-how-the-law-was-abolished\/#_ftn7\" name=\"_ftnref7\">[7]<\/a>)<\/strong>, \u00fcniversite rekt\u00f6rleri<strong>(<a href=\"https:\/\/web.archive.org\/web\/20170609212058\/http:\/\/researchturkey.org\/tr\/ergenekon-once-again-an-exemplary-story-of-how-the-law-was-abolished\/#_ftn8\" name=\"_ftnref8\">[8]<\/a>)<\/strong>, generaller, albaylar, \u00fcnl\u00fc gazeteciler, yazarlar, siyaset\u00e7iler, avukatlar, hatta mafya \u00fcyeleri<strong>(<a href=\"https:\/\/web.archive.org\/web\/20170609212058\/http:\/\/researchturkey.org\/tr\/ergenekon-once-again-an-exemplary-story-of-how-the-law-was-abolished\/#_ftn9\" name=\"_ftnref9\">[9]<\/a>) <\/strong>san\u0131klar aras\u0131ndayd\u0131.<\/p>\n<p>A\u011fustos 2013\u2019te a\u00e7\u0131klanan karar da san\u0131k listesi kadar \u015fok edici oldu. Cezalar, \u00f6m\u00fcr boyu a\u011f\u0131rla\u015ft\u0131r\u0131lm\u0131\u015f hapisten ba\u015fl\u0131yor; 99 y\u0131l, 49 y\u0131l, 29 y\u0131l diye devam ediyordu. Emekli genelkurmay ba\u015fkan\u0131, \u00f6m\u00fcr boyu hapisle cezaland\u0131r\u0131lm\u0131\u015ft\u0131.<\/p>\n<h4><strong>Ergenekon\u2019un Karde\u015fi Balyoz<\/strong><\/h4>\n<p>Ergenekon davas\u0131 s\u00fcrerken, bu davayla birle\u015ftirilmeyen ba\u015fka \u00fcnl\u00fc davalar da a\u00e7\u0131ld\u0131. En bilineni, \u201cBalyoz\u201d adl\u0131 olan\u0131yd\u0131.<\/p>\n<p>Balyoz davas\u0131, Ocak 2010\u2019da, bir gazetede yay\u0131mlanan haberler ve ayn\u0131 gazete muhabirinin<strong> (<a href=\"https:\/\/web.archive.org\/web\/20170609212058\/http:\/\/researchturkey.org\/tr\/ergenekon-once-again-an-exemplary-story-of-how-the-law-was-abolished\/#_ftn10\" name=\"_ftnref10\">[10]<\/a>) <\/strong>bavul dolusu belgeyi savc\u0131l\u0131\u011fa teslim etmesiyle ba\u015flam\u0131\u015ft\u0131. Davan\u0131n temel iddias\u0131, baz\u0131 y\u00fcksek r\u00fctbeli subaylar\u0131n y\u00f6netime el koymak amac\u0131yla pek \u00e7ok eylem plan\u0131 yapt\u0131klar\u0131yd\u0131. \u0130stanbul\u2019daki Birinci Ordu Komutanl\u0131\u011f\u0131 liderli\u011finde haz\u0131rland\u0131\u011f\u0131 iddia edilen bu planlarda, camilere bomba at\u0131p halk aras\u0131nda panik yaratarak s\u0131k\u0131y\u00f6netim ko\u015fullar\u0131 olu\u015fturmak, Yunanistan\u2019a ait sava\u015f jetini Ege\u2019de d\u00fc\u015f\u00fcrerek sava\u015f ortam\u0131 yaratmak gibi deh\u015fet verici unsurlar vard\u0131. \u0130ddialara g\u00f6re 1. Ordu Komutanl\u0131\u011f\u0131nda bu ama\u00e7la yap\u0131lan gizli askeri seminere \u00e7ok say\u0131da subay kat\u0131lm\u0131\u015ft\u0131 ve gazetecinin savc\u0131l\u0131\u011fa teslim etti\u011fi bavulda da esas olarak bu seminerin belgeleri ve ses kay\u0131tlar\u0131 bulunuyordu. Temmuz 2010\u2019da a\u00e7\u0131lan davan\u0131n iddianamesi 194 san\u0131kl\u0131yd\u0131 ve tam 968 sayfadan olu\u015fuyordu. Bu davaya da sonradan ekler yap\u0131ld\u0131<strong>(<a href=\"https:\/\/web.archive.org\/web\/20170609212058\/http:\/\/researchturkey.org\/tr\/ergenekon-once-again-an-exemplary-story-of-how-the-law-was-abolished\/#_ftn11\" name=\"_ftnref11\">[11]<\/a>)<\/strong> ve san\u0131k say\u0131s\u0131, b\u00fcy\u00fck b\u00f6l\u00fcm\u00fc \u00e7e\u015fitli r\u00fctbede denizci subaylar olmak \u00fczere 365\u2019e ula\u015ft\u0131. Eyl\u00fcl 2011\u2019de verilen karar, hemen hemen t\u00fcm iddialar\u0131 do\u011frular nitelikteydi. H\u00fck\u00fcmeti devirme eylemleri \u201cte\u015febb\u00fcs halinde\u201d kald\u0131\u011f\u0131 i\u00e7in cezalar 20 y\u0131ldan ba\u015flamaktayd\u0131; \u00e7o\u011fu san\u0131k 13-18 y\u0131l aral\u0131\u011f\u0131nda ceza alm\u0131\u015ft\u0131. \u00a0Balyoz Davas\u0131, temyiz a\u015famas\u0131nda da b\u00fcy\u00fck oranda onand\u0131.<strong>(<a href=\"https:\/\/web.archive.org\/web\/20170609212058\/http:\/\/researchturkey.org\/tr\/ergenekon-once-again-an-exemplary-story-of-how-the-law-was-abolished\/#_ftn12\" name=\"_ftnref12\">[12]<\/a>)<\/strong><\/p>\n<ol>\n<li><strong>Davalar\u0131n Amac\u0131 Neydi?<\/strong><\/li>\n<\/ol>\n<p>Daha en ba\u015f\u0131nda, polis ve savc\u0131l\u0131k operasyonlar\u0131n\u0131n y\u00fcr\u00fct\u00fclme bi\u00e7imi amac\u0131n \u201chukuk\u201d olmad\u0131\u011f\u0131n\u0131 g\u00f6stermekteydi. Toplumun \u00e7ok iyi tan\u0131d\u0131\u011f\u0131 emekli generallerin, \u00fcnl\u00fc gazetecilerin, toplum \u00f6nderlerinin, profes\u00f6rlerin evleri; iktidara yak\u0131n televizyonlar\u0131n kameralar\u0131 e\u015fli\u011finde, medyatik bir g\u00fcr\u00fclt\u00fc-pat\u0131rt\u0131 ile sabaha kar\u015f\u0131 bas\u0131l\u0131yor; davet edilse zaten gelecek insanlar hoyrat\u00e7a g\u00f6zalt\u0131na al\u0131n\u0131yor; adliye koridorlar\u0131nda uzun saatler bekletildikten sonra tutuklan\u0131yorlard\u0131. Ayn\u0131 su\u00e7 \u00f6rg\u00fct\u00fcne \u00fcye olduklar\u0131 iddia edilen insanlar, savc\u0131l\u0131k ofislerinde ya da mahkeme koridorlar\u0131nda birbirlerini ilk kez g\u00f6r\u00fcyorlard\u0131. G\u00f6zalt\u0131 karar\u0131 verildi\u011finde yurtd\u0131\u015f\u0131nda olanlar hemen yurda d\u00f6n\u00fcyorlar, ama \u201cka\u00e7ma \u015f\u00fcphesiyle\u201d tutuklan\u0131yorlard\u0131. Ka\u00e7maya niyeti olmayan, niyeti olsa mecali olmayan ya\u015fl\u0131 ba\u015fl\u0131 emekli askerlerin tutuklanmas\u0131 \u00f6yle otomati\u011fe ba\u011flanm\u0131\u015ft\u0131 ki iktidara yak\u0131n televizyonlar daha tutuklama kararlar\u0131 verilmeden saatler \u00f6nce \u201ctutukland\u0131!\u201d altyaz\u0131lar\u0131 ge\u00e7iyordu. Ceza Muhakemeleri Usul Yasas\u0131na bak\u0131lacak olursa haz\u0131rl\u0131k soru\u015fturmalar\u0131 gizliydi; ama iktidar gazeteleri polis tutanaklar\u0131n\u0131, savc\u0131l\u0131k iddialar\u0131n\u0131 sat\u0131r sat\u0131r yazabiliyor, g\u00f6zalt\u0131na al\u0131nanlar\u0131n hangi su\u00e7lar\u0131 \u201ckesinlikle\u201d i\u015flemi\u015f olduklar\u0131n\u0131 uzun uzun anlatabiliyorlard\u0131.<\/p>\n<p>Polisler, alacakaranl\u0131kta bast\u0131klar\u0131 evlerin ilgin\u00e7 k\u00f6\u015felerinde ilgin\u00e7 deliller buluyorlard\u0131. Bazen mutfaktaki buzdolab\u0131n\u0131n arkas\u0131na bir bellek kart\u0131 \u201cd\u00fc\u015fm\u00fc\u015f\u201d, bazen rezervuar\u0131n i\u00e7ine bir CD \u201cgizlenmi\u015f\u201d oluyordu. Savc\u0131lar\u0131n, 5 katl\u0131 Donanma Komutanl\u0131\u011f\u0131 binas\u0131n\u0131n bir odas\u0131nda,\u00a0 yer karolar\u0131 alt\u0131na gizlenmi\u015f binlerce sayfa belgeyi 5 dakikada bulmalar\u0131 ise ceza hukuku alan\u0131nda bir d\u00fcnya rekoru say\u0131labilirdi.<\/p>\n<p>Evet, b\u00fct\u00fcn bunlar\u0131n hukukla ilgisi yoktu. Yap\u0131lanlar; ancak Nazi d\u00f6nemi sava\u015f filmlerinde rastlanabilecek t\u00fcrden bir d\u00fc\u015fmanl\u0131kt\u0131. Belki k\u00fc\u00e7\u00fck bir ger\u00e7ek \u00e7ekirde\u011fe, y\u00fczlerce sanal su\u00e7 ve san\u0131k dolayarak, 90 y\u0131ll\u0131k Cumhuriyetle hesap g\u00f6r\u00fclmekteydi. Ba\u015fta T\u00fcrk Ordusu olmak \u00fczere, Cumhuriyetin kurumlar\u0131 tasfiye ediliyordu.<\/p>\n<p>Ordunun bu operasyonlarda ya\u015fad\u0131\u011f\u0131 kan kayb\u0131 yaln\u0131zca tutuklanan, mahk\u00fbm olan subaylardan ibaret de de\u011fildi; olan biteni i\u00e7ine sindiremeyen \u00e7ok say\u0131da \u00fcst r\u00fctbeli subay, kuvvet komutanlar\u0131, hatta genelkurmay ba\u015fkan\u0131 istifa ettiler.<strong>(<a href=\"https:\/\/web.archive.org\/web\/20170609212058\/http:\/\/researchturkey.org\/tr\/ergenekon-once-again-an-exemplary-story-of-how-the-law-was-abolished\/#_ftn13\" name=\"_ftnref13\">[13]<\/a>)<\/strong> Tutuklamalar ve istifalar y\u00fcz\u00fcnden ordunun hiyerar\u015fisi a\u011f\u0131r bi\u00e7imde bozuldu. \u00d6yle ki hen\u00fcz kolordu y\u00f6netmemi\u015f subaylar mecburen terfi ettirilerek ordular\u0131n ba\u015f\u0131na getirildiler.<strong>(<a href=\"https:\/\/web.archive.org\/web\/20170609212058\/http:\/\/researchturkey.org\/tr\/ergenekon-once-again-an-exemplary-story-of-how-the-law-was-abolished\/#_ftn14\" name=\"_ftnref14\">[14]<\/a>) <\/strong><\/p>\n<ol>\n<li><strong>Hukuk Cinayetinin Metotlar\u0131:<\/strong><\/li>\n<\/ol>\n<p><strong>2.1. \u00d6zel Yetkili Savc\u0131lar ve \u00d6zel Yetkili Mahkemeler:<\/strong><\/p>\n<p>Bu davalardaki b\u00fct\u00fcn s\u00fcre\u00e7; yani kolluk i\u015flemleri, savc\u0131l\u0131k soru\u015fturmalar\u0131 ve ceza yarg\u0131lamalar\u0131, \u201cola\u011fan\u00fcst\u00fc\u201d ko\u015fullara tabi olmu\u015ftur. Ola\u011fan\u00fcst\u00fcl\u00fc\u011f\u00fcn nedeni, \u201c\u00f6zel yetkili savc\u0131lar\u201d\u00a0 ve \u201c\u00f6zel yetkili mahkemeler\u201d dir.<strong>(<a href=\"https:\/\/web.archive.org\/web\/20170609212058\/http:\/\/researchturkey.org\/tr\/ergenekon-once-again-an-exemplary-story-of-how-the-law-was-abolished\/#_ftn15\" name=\"_ftnref15\">[15]<\/a>)<\/strong><\/p>\n<p>\u00d6zel yetkili Mahkemeler, T\u00fcrk Ceza Hukuku sisteminde uzun y\u0131llar varl\u0131\u011f\u0131n\u0131 s\u00fcrd\u00fcrd\u00fckten sonra AB \u00fcyeli\u011fine uyum programlar\u0131 gere\u011fince 2004 y\u0131l\u0131nda kald\u0131r\u0131lan Devlet G\u00fcvenlik Mahkemeleri yerine kurulmu\u015flard\u0131. <strong>(<a href=\"https:\/\/web.archive.org\/web\/20170609212058\/http:\/\/researchturkey.org\/tr\/ergenekon-once-again-an-exemplary-story-of-how-the-law-was-abolished\/#_ftn16\" name=\"_ftnref16\">[16]<\/a>) <\/strong>\u00d6zel yetkili savc\u0131l\u0131klar ve mahkemeler, soru\u015fturma ve yarg\u0131lama s\u0131ras\u0131nda, ki\u015fi haklar\u0131n\u0131 ve evrensel yarg\u0131lama hukuku kurallar\u0131n\u0131 b\u00fcy\u00fck \u00f6l\u00e7\u00fcde g\u00f6rmezden gelebiliyorlard\u0131. \u00d6rne\u011fin, \u00a0\u00f6zel yetkili savc\u0131lar; yakalanan ya da g\u00f6zalt\u0131na al\u0131nan ki\u015finin sadece bir yak\u0131n\u0131na bilgi veriyorlar, g\u00f6zalt\u0131 s\u00fcrelerini uzat\u0131labiliyorlar, \u015f\u00fcphelilerin birden \u00e7ok avukatla g\u00f6r\u00fc\u015fmesini engelleyebiliyorlar, \u015f\u00fcphelileri 24 saat boyunca avukatlar\u0131yla g\u00f6r\u00fc\u015ft\u00fcrm\u00fcyorlar, h\u00e2kim karar\u0131 olmaks\u0131z\u0131n arama yap\u0131yorlar, avukatlar\u0131n dosya (su\u00e7lama) i\u00e7eri\u011fini incelemesine ve belgelerden \u00f6rnek almas\u0131na engel olabiliyorlar, gizli olmas\u0131 gereken avukat-m\u00fcvekkil g\u00f6r\u00fc\u015fmelerini dinliyorlar, su\u00e7 \u00f6rg\u00fct\u00fcne \u00fcye olmayan ki\u015filerin bile ileti\u015fimlerini izleyebiliyorlard\u0131.<\/p>\n<p>\u00d6zel yetkili mahkemeler ise; san\u0131klar\u0131 gerek\u00e7esiz tutuklayabiliyorlar, san\u0131k say\u0131s\u0131n\u0131n fazlal\u0131\u011f\u0131n\u0131 ileri s\u00fcrerek baz\u0131lar\u0131n\u0131 duru\u015fmalara almayabiliyorlar, yarg\u0131lamalar\u0131 su\u00e7un i\u015flendi\u011fi yerden ba\u015fka yerlerde yapabiliyorlar, san\u0131k avukatlar\u0131n\u0131 \u201cd\u00fczeni bozduklar\u0131\u201d gerek\u00e7esiyle duru\u015fmalara almayabiliyorlar, tutukluluk s\u00fcrelerini 10 y\u0131la kadar uzatabiliyorlard\u0131.<\/p>\n<p>\u00dcstelik yarg\u0131lamalarda, yukar\u0131da \u00f6zetlenen \u201cyasal\u201d hak ihlalleri d\u0131\u015f\u0131nda, \u00e7ok a\u011f\u0131r hukuksuz uygulamalar da vard\u0131. Tutuklama kararlar\u0131 bir t\u00fcr pe\u015fin ceza halini alm\u0131\u015ft\u0131. Masumiyet karinesi yok h\u00fckm\u00fcndeydi. Savunma hakk\u0131, gizlilik kararlar\u0131yla k\u0131s\u0131tlan\u0131yordu. San\u0131klar\u0131n lehine olan deliller dava dosyalar\u0131na konulmuyordu.<\/p>\n<p>\u00d6zetle, \u00f6zel yetkili a\u011f\u0131r ceza mahkemelerindeki yarg\u0131lamalar, san\u0131klar\u0131n ba\u015ftan su\u00e7lu olduklar\u0131 ve cezaland\u0131r\u0131lmalar\u0131 gerekti\u011fi kabul\u00fcyle ba\u015flamaktayd\u0131.<strong>(<a href=\"https:\/\/web.archive.org\/web\/20170609212058\/http:\/\/researchturkey.org\/tr\/ergenekon-once-again-an-exemplary-story-of-how-the-law-was-abolished\/#_ftn17\" name=\"_ftnref17\">[17]<\/a>)<\/strong><\/p>\n<p><strong>2.2. Sahte Delil-Gizli Tan\u0131k<\/strong><\/p>\n<p>Yukar\u0131da anlatt\u0131klar\u0131m\u0131z, \u00f6zel yetkili mahkemelerde yap\u0131lan yarg\u0131lamalar\u0131n \u201chukuk\u201d olmad\u0131\u011f\u0131n\u0131 g\u00f6steriyor; \u015fimdi de i\u015fin \u201cintikam\u201d k\u0131sm\u0131na bakal\u0131m:<\/p>\n<p>Ergenekon ve karde\u015f davalar\u0131nda ba\u015ftan su\u00e7lu say\u0131lanlar\u0131n mahk\u00fbm edilmesinde hukuk ve ahlak d\u0131\u015f\u0131 iki silah kullan\u0131ld\u0131: Gizli tan\u0131k ve sahte delil.<\/p>\n<p>Savc\u0131lar, san\u0131klara genellikle bu iki silahla ate\u015f ettiler. Sadece Ergenekon davas\u0131nda, 20\u2019den \u00e7ok gizli tan\u0131k dinlendi. Gizli tan\u0131k ad\u0131 verilen \u201cistisnai\u201d ispat yolunun<strong>(<a href=\"https:\/\/web.archive.org\/web\/20170609212058\/http:\/\/researchturkey.org\/tr\/ergenekon-once-again-an-exemplary-story-of-how-the-law-was-abolished\/#_ftn18\" name=\"_ftnref18\">[18]<\/a>)<\/strong> ne kadar hukuk d\u0131\u015f\u0131 ve ahlaks\u0131zca kullan\u0131ld\u0131\u011f\u0131na ili\u015fkin iki \u00f6rne\u011fi burada k\u0131saca anlatmak gerekiyor:<\/p>\n<p>T\u00fcrkiye Cumhuriyetinin 26. Genelkurmay Ba\u015fkan\u0131n\u0131 su\u00e7layan savc\u0131n\u0131n gizli tan\u0131\u011f\u0131, devletin 30 y\u0131ldan daha uzun zamand\u0131r bir t\u00fcr sava\u015f y\u00fcr\u00fctt\u00fc\u011f\u00fc ayr\u0131l\u0131k\u00e7\u0131 PKK \u00f6rg\u00fct\u00fcn\u00fcn \u00f6nemli y\u00f6neticilerinden<strong>(<a href=\"https:\/\/web.archive.org\/web\/20170609212058\/http:\/\/researchturkey.org\/tr\/ergenekon-once-again-an-exemplary-story-of-how-the-law-was-abolished\/#_ftn19\" name=\"_ftnref19\">[19]<\/a>)<\/strong> biriydi! Adam bir yandan 1998 y\u0131l\u0131nda yakalan\u0131p kapat\u0131ld\u0131\u011f\u0131 hapishanede \u00f6m\u00fcr boyu hapis cezas\u0131n\u0131 \u00e7ekerken, \u00f6te yandan da a\u011f\u0131r ceza mahkemesinde Genelkurmay Ba\u015fkan\u0131 aleyhine \u201cDeniz\u201d kod ad\u0131yla gizli tan\u0131kl\u0131k yap\u0131yordu! Yani, T\u00fcrk Ordusunun en \u00fcst komutan\u0131, sava\u015ft\u0131\u011f\u0131 d\u00fc\u015fman\u0131n \u201cgizli\u201d tan\u0131kl\u0131\u011f\u0131yla mahk\u00fbm edilmi\u015f olmaktayd\u0131.<\/p>\n<p>\u201cGizli Tan\u0131k 9\u201d kod adl\u0131 ikinci \u00f6rne\u011fimiz de en az ilki kadar hayret vericidir. 2006 y\u0131l\u0131ndaki Dan\u0131\u015ftay bask\u0131n\u0131na<strong>(<a href=\"https:\/\/web.archive.org\/web\/20170609212058\/http:\/\/researchturkey.org\/tr\/ergenekon-once-again-an-exemplary-story-of-how-the-law-was-abolished\/#_ftn20\" name=\"_ftnref20\">[20]<\/a>)<\/strong> kat\u0131lmaktan yarg\u0131lan\u0131p \u00f6m\u00fcr boyu hapis cezas\u0131 alm\u0131\u015f bu h\u00fck\u00fcml\u00fc, Ergenekon davas\u0131 san\u0131klar\u0131 aleyhine tan\u0131kl\u0131k yapmas\u0131 kar\u015f\u0131l\u0131\u011f\u0131nda, \u00f6rne\u011fine rastlanmam\u0131\u015f bir \u201chukuk cambazl\u0131\u011f\u0131\u201d ile yeniden yarg\u0131lanm\u0131\u015f, bu defa daha az bir cezaya \u00e7arpt\u0131r\u0131larak sal\u0131verilmi\u015fti! Bu gizli tan\u0131\u011f\u0131n, defalarca hapse girip \u00e7\u0131km\u0131\u015f bir su\u00e7 makinesi oldu\u011funu da kaydedelim.<strong> (<a href=\"https:\/\/web.archive.org\/web\/20170609212058\/http:\/\/researchturkey.org\/tr\/ergenekon-once-again-an-exemplary-story-of-how-the-law-was-abolished\/#_ftn21\" name=\"_ftnref21\">[21]<\/a>)<\/strong><\/p>\n<p>Daha ba\u015fka vahim \u00f6rnekler de vard\u0131. Birden \u00e7ok davaya girip \u00e7\u0131kan \u201cprofesyoneller, uyu\u015fturucu m\u00fcptelalar\u0131, katiller, devlet memurlar\u0131, savc\u0131lar, askerler\u2026<strong>(<a href=\"https:\/\/web.archive.org\/web\/20170609212058\/http:\/\/researchturkey.org\/tr\/ergenekon-once-again-an-exemplary-story-of-how-the-law-was-abolished\/#_ftn22\" name=\"_ftnref22\">[22]<\/a>)\u00a0 <\/strong>\u00d6zetle; insanlar\u0131n y\u0131llarca tutuklu kalmalar\u0131na, uzun hapis cezalar\u0131 almalar\u0131na neden olan gizli tan\u0131klar, o bilinen deyimle s\u00f6yleyecek olursak, \u201cAllah birdir deseler inan\u0131lmayacak\u201d adamlard\u0131. Ama \u00f6zel yetkili h\u00e2kimler, bu g\u00fcvenilmez adamlar\u0131n inan\u0131lmaz ifadelerine itibar ettiler.<\/p>\n<p>Hukuk katliam\u0131n\u0131n \u00f6teki etkili silah\u0131 ise \u201csahte delil\u201ddi. Mahkemeler, polislerin ve savc\u0131lar\u0131n elde etti\u011fi b\u00fct\u00fcn delillerin, \u201ckesinlikle ger\u00e7ek\u201d oldu\u011fu pe\u015fin kabul\u00fcyle yarg\u0131lama yap\u0131yorlard\u0131. San\u0131klar\u0131n ald\u0131\u011f\u0131 ve delillerin sahteli\u011fini kan\u0131tlayan ba\u011f\u0131ms\u0131z bilirki\u015fi raporlar\u0131 mahkemelerin duvar\u0131na \u00e7arp\u0131p par\u00e7alan\u0131yordu. Aramalarda el konulan bilgisayar kay\u0131tlar\u0131n\u0131n, elektronik materyalin i\u00e7eri\u011finde polis taraf\u0131ndan oynamalar ve de\u011fi\u015fiklikler yap\u0131ld\u0131\u011f\u0131n\u0131, imzalar\u0131n\u0131n taklit edildi\u011fini, telefon dinleme kay\u0131tlar\u0131 \u00fczerinde oynand\u0131\u011f\u0131n\u0131 s\u00f6yleyen san\u0131klar, s\u00f6zlerini kimseye dinletemiyorlard\u0131.<\/p>\n<p>Ayyuka \u00e7\u0131km\u0131\u015f baz\u0131 sahte delil \u00f6yk\u00fcleri, insan\u0131 hayrete d\u00fc\u015f\u00fcrebilirdi: \u00d6rne\u011fin; delil CD\u2019sindeki \u201csu\u00e7 te\u015fkil eden\u201d belgede ad\u0131 ge\u00e7en \u015firket, daha ge\u00e7en y\u0131l kurulmu\u015f olabiliyordu. Ya da delil belgesi, Microsoft\u2019un olay tarihinde hen\u00fcz icat etmedi\u011fi yaz\u0131 format\u0131yla yaz\u0131lm\u0131\u015f olabiliyordu. G\u00f6zalt\u0131ndaki denizci te\u011fmenin el konulmu\u015f cep telefonu rehberine polis taraf\u0131ndan eklemeler yap\u0131ld\u0131\u011f\u0131 anla\u015f\u0131l\u0131nca polis \u201cyanl\u0131\u015fl\u0131kla olmu\u015f\u201d diyebiliyordu.<strong>(<a href=\"https:\/\/web.archive.org\/web\/20170609212058\/http:\/\/researchturkey.org\/tr\/ergenekon-once-again-an-exemplary-story-of-how-the-law-was-abolished\/#_ftn23\" name=\"_ftnref23\">[23]<\/a>)<\/strong><\/p>\n<ol>\n<li><strong>Ve Devran D\u00f6n\u00fcyor: <\/strong><\/li>\n<\/ol>\n<p>T\u00fcrk\u00e7e\u2019de \u00e7ok g\u00fczel bir deyim vard\u0131r: \u201cKeser d\u00f6ner sap d\u00f6ner, g\u00fcn gelir hesap d\u00f6ner.\u201d<strong>(<a href=\"https:\/\/web.archive.org\/web\/20170609212058\/http:\/\/researchturkey.org\/tr\/ergenekon-once-again-an-exemplary-story-of-how-the-law-was-abolished\/#_ftn24\" name=\"_ftnref24\">[24]<\/a>)<\/strong> Yap\u0131lan yalan yanl\u0131\u015f i\u015flerden bir zaman i\u00e7in k\u00e2r sa\u011flayanlar\u0131n, eninde sonunda bunun faturas\u0131n\u0131 \u00f6demek zorunda kalaca\u011f\u0131n\u0131 anlatan bu deyim, Ergenekon ve Balyoz davalar\u0131nda tam anlam\u0131 ile yerini buldu.<\/p>\n<ul>\n<li><strong>Anayasa Mahkemesinin Devreye Girmesi ve \u00d6zel Yetkili Mahkemelerin kald\u0131r\u0131lmas\u0131:<\/strong><\/li>\n<\/ul>\n<p>2010 y\u0131l\u0131nda, AKP h\u00fck\u00fcmetinin haz\u0131rlad\u0131\u011f\u0131 ve halkoyuna sunarak kabul ettirdi\u011fi kapsaml\u0131 Anayasa de\u011fi\u015fikli\u011fi paketi i\u00e7indeki bir madde, temel hak ve \u00f6zg\u00fcrl\u00fcklerinin kamu g\u00fcc\u00fc taraf\u0131ndan ihlal edildi\u011fine inanan ki\u015filere, Anayasa Mahkemesine bireysel ba\u015fvuru hakk\u0131 tan\u0131maktayd\u0131.<strong>(<a href=\"https:\/\/web.archive.org\/web\/20170609212058\/http:\/\/researchturkey.org\/tr\/ergenekon-once-again-an-exemplary-story-of-how-the-law-was-abolished\/#_ftn25\" name=\"_ftnref25\">[25]<\/a>)<\/strong><\/p>\n<p>Hem <em>Ergenekon<\/em>, hem <em>Balyoz <\/em>ve karde\u015f davalar\u0131ndaki tutuklu-tutuksuz san\u0131klarla h\u00fck\u00fcml\u00fcler, bu hukuksal olanaktan yararlanarak, \u201cyarg\u0131lamalar s\u0131ras\u0131nda haklar\u0131n\u0131n ihlal edildi\u011fi\u201d gerek\u00e7esiyle, Anayasa Mahkemesine bireysel ba\u015fvurularda bulundular. Y\u00fcksek Mahkeme, Balyoz davas\u0131nda t\u00fcm san\u0131klar i\u00e7in Haziran 2014\u2019te topluca; Ergenekon davas\u0131nda ise 2013\u2019ten itibaren pe\u015f pe\u015fe \u201chak ihlali\u201d kararlar\u0131 verdi.<\/p>\n<p>Hak ihlali kararlar\u0131 sonucunda mahkemeler (baz\u0131 direni\u015fler hari\u00e7) tutuklu ve h\u00fck\u00fcml\u00fc san\u0131klar\u0131n t\u00fcm\u00fc i\u00e7in tahliye karar\u0131 vermek zorunda kald\u0131lar.<strong>(<a href=\"https:\/\/web.archive.org\/web\/20170609212058\/http:\/\/researchturkey.org\/tr\/ergenekon-once-again-an-exemplary-story-of-how-the-law-was-abolished\/#_ftn26\" name=\"_ftnref26\">[26]<\/a>)<\/strong><\/p>\n<p>Karar \u00fczerine <em>Balyoz<\/em> davas\u0131 yeniden g\u00f6r\u00fcld\u00fc ve bu kez b\u00fct\u00fcn san\u0131klar beraat ettiler.<\/p>\n<p>Ergenekon davas\u0131nda ise mahkemenin uzun bir gecikmeden sonra yazd\u0131\u011f\u0131 gerek\u00e7eli karar, Anayasa Mahkemesinin \u201chak ihlali\u201d karar\u0131 do\u011frultusunda de\u011ferlendirilerek bozuldu. \u0130\u015fte, ge\u00e7ti\u011fimiz g\u00fcnlerde temyiz incelemesi sonucu bozulan karar, bu karard\u0131r. Fakat bu arada, san\u0131k ve h\u00fck\u00fcml\u00fcler i\u00e7in bir ba\u015fka olumlu geli\u015fme daha oldu: \u00d6zel yetkili mahkemeler kald\u0131r\u0131ld\u0131!<strong> (<a href=\"https:\/\/web.archive.org\/web\/20170609212058\/http:\/\/researchturkey.org\/tr\/ergenekon-once-again-an-exemplary-story-of-how-the-law-was-abolished\/#_ftn27\" name=\"_ftnref27\">[27]<\/a>) <\/strong>Hak ihlali kararlar\u0131 \u00fczerine yenilenen yarg\u0131lamalar, \u201c\u00f6zel yetkili olmayan\u201d ba\u015fka a\u011f\u0131r ceza mahkemelerinde yap\u0131ld\u0131.<\/p>\n<p><strong>3.2 Saptanan Hukuksuzluklar:<\/strong><\/p>\n<p>\u00d6nceki b\u00f6l\u00fcmlerde,\u00a0 soru\u015fturmalar ve davalar s\u0131ras\u0131nda yap\u0131lan hukuksuzluklar\u0131n baz\u0131lar\u0131ndan s\u00f6z ettik. Anayasa mahkemesi, Yarg\u0131tay ve davalara yeniden bakan yerel mahkemeler, bunlar\u0131 ve \u00e7ok daha ba\u015fkalar\u0131n\u0131 a\u00e7\u0131k\u00e7a belirtiyorlar.<\/p>\n<p>Anayasa Mahkemesi ilk derece mahkemesi gibi esasa girmedi\u011finden, Onun hak ihlali kararlar\u0131 genel olarak; \u201ctutuklulu\u011fa yap\u0131lan itirazlar\u0131n otomatik reddedilmesi, tutuklulu\u011fun makul s\u00fcreyi a\u015fmas\u0131\u201d gibi nedenlere ba\u011flam\u0131\u015ft\u0131r.<\/p>\n<p>Anayasa Mahkemesinin hak ihlali karar\u0131 \u00fczerine Balyoz Davas\u0131na tekrar bakan ve beraat karar\u0131 veren Anadolu 4. A\u011f\u0131r Ceza Mahkemesinin ve Ergenekon Davas\u0131nda bozma karar\u0131 veren Yarg\u0131tay 16. Ceza Dairesinin saptad\u0131\u011f\u0131 hukuksuzluklar ise ger\u00e7ekten uzun bir liste olu\u015fturuyor:<\/p>\n<p>(i) Emekli Genelkurmay Ba\u015fkan\u0131n\u0131n Y\u00fcce Divan yerine alt derece mahkemede yarg\u0131lanmas\u0131; (ii) Aralar\u0131nda ba\u011f olmayan davalar\u0131n nedensiz birle\u015ftirilmesi; (iii) Avukatlar\u0131n b\u00fcrolar\u0131nda, evlerinde ve askeri mahallerde yap\u0131lan aramalar\u0131n usuls\u00fczl\u00fc\u011f\u00fc; (iv) Dijital verilerin \u00e7o\u011funun delil vasf\u0131na sahip olmamas\u0131; (v) Delillerin usuls\u00fcz toplanmas\u0131; (vi) San\u0131klara delil \u00f6rne\u011fi verilmemesi; (vii) Su\u00e7 delili say\u0131lan baz\u0131 dok\u00fcman\u0131n \u0131slak imzal\u0131 kopyalar\u0131n\u0131n olmamas\u0131; (viii) Ergenekon su\u00e7 \u00f6rg\u00fct\u00fcn\u00fcn varl\u0131\u011f\u0131n\u0131n kan\u0131tlanamamas\u0131\u2026<\/p>\n<p>\u00d6zellikle yukar\u0131daki son madde, bu dokuz y\u0131ll\u0131k hukuk g\u00f6r\u00fcn\u00fcml\u00fc intikam ve tasfiye s\u00fcrecinin traji-komik \u00f6zetidir: Y\u00fczlerce insan\u0131n y\u0131llarca hapis yatmas\u0131na, mesleki hayatlar\u0131n\u0131n bitmesine, baz\u0131lar\u0131n\u0131n olumsuz yarg\u0131lama ve cezaevi ko\u015fullar\u0131ndan \u00f6t\u00fcr\u00fc \u00f6lmesine, baz\u0131lar\u0131n\u0131n da intihar etmesine neden olan \u201cErgenekon ter\u00f6r \u00f6rg\u00fct\u00fcne \u00fcye olmak\u201d su\u00e7unun as\u0131l unsuru tamamen hayal mahsul\u00fcyd\u00fc! Yani \u00f6rg\u00fct yoktu!<\/p>\n<ul>\n<li><strong>San\u0131klar\u0131 Ne Kurtard\u0131?<\/strong><\/li>\n<\/ul>\n<p>San\u0131klar tahliye edilir, beraat kararlar\u0131 birbiri ard\u0131ndan verilir ve san\u0131klar taraf\u0131ndan tazminat davalar\u0131 a\u00e7\u0131l\u0131rken, bu kez intikam s\u00fcrecinin ba\u015frol oyuncular\u0131 hedef tahtas\u0131na konuldu. Sanki birileri filmi tersine \u00e7evirmi\u015fti; \u015fimdi arama, g\u00f6zalt\u0131na alma, tutuklama kararlar\u0131n\u0131n muhataplar\u0131 Ergenekon ve Balyoz san\u0131klar\u0131 de\u011fil; bu davalar\u0131 y\u00fcr\u00fcten savc\u0131lar, h\u00e2kimlerdi.<\/p>\n<p>H\u00e2kimler ve Savc\u0131lar Y\u00fcksek Kurulu \u00f6nce Ergenekon, Balyoz ve pek \u00e7ok yan davan\u0131n h\u00e2kim ve savc\u0131lar\u0131 hakk\u0131nda \u201cadil yarg\u0131lama yapmad\u0131klar\u0131\u201d gerek\u00e7esiyle incelemeler ba\u015flatt\u0131, pek \u00e7o\u011funun g\u00f6rev yerleri de\u011fi\u015ftirildi, baz\u0131 h\u00e2kimler ve savc\u0131lar ise a\u00e7\u0131\u011fa al\u0131nd\u0131. Baz\u0131lar\u0131 ise haklar\u0131nda verilen yakalama kararlar\u0131 \u00fczerine yurtd\u0131\u015f\u0131na ka\u00e7t\u0131lar.<strong>(<a href=\"https:\/\/web.archive.org\/web\/20170609212058\/http:\/\/researchturkey.org\/tr\/ergenekon-once-again-an-exemplary-story-of-how-the-law-was-abolished\/#_ftn28\" name=\"_ftnref28\">[28]<\/a>)<\/strong><\/p>\n<p>Evet, film tersine d\u00f6nm\u00fc\u015ft\u00fc, fakat bunun nedeni neydi?<\/p>\n<p>San\u0131klar\u0131 tahliye ettiren, adaletsiz h\u00e2kim ve savc\u0131lara soru\u015fturma a\u00e7t\u0131ran nedenin, yap\u0131lan hukuk ihlallerine adalet sisteminin gecikmeli de olsa nihayet do\u011fru tepkiyi vermesi ve hatadan d\u00f6nmesi oldu\u011funu zannedenler, fena halde yan\u0131l\u0131yorlar!<\/p>\n<p>Bu ters y\u00fcz olu\u015fun nedeni, T\u00fcrk siyasi tarihine k\u0131saca \u201c17\/25 Aral\u0131k\u201d olarak ge\u00e7en olaylard\u0131r.<\/p>\n<p>Detayl\u0131 irdelenmesi bamba\u015fka bir uzun yaz\u0131n\u0131n konusu olacak 17\/25 Aral\u0131k olay\u0131; k\u0131saca \u015fuydu:<\/p>\n<p>17 Aral\u0131k 2013 tarihinde, \u0130stanbul\u2019da, aralar\u0131nda i\u015f adamlar\u0131n\u0131n, banka m\u00fcd\u00fcrlerinin, \u00e7e\u015fitli d\u00fczeyde b\u00fcrokratlar\u0131n, h\u00fck\u00fcmet \u00fcyesi 4 bakan\u0131n ve \u00fc\u00e7 bakan \u00e7ocu\u011funun oldu\u011fu \u201cr\u00fc\u015fvet, ihaleye fesat kar\u0131\u015ft\u0131rma, g\u00f6revi k\u00f6t\u00fcye kullanma ve ka\u00e7ak\u00e7\u0131l\u0131k\u201d soru\u015fturmas\u0131 ba\u015flat\u0131lm\u0131\u015ft\u0131. Kamuoyu bunun \u015fokunu hen\u00fcz atlatmam\u0131\u015fken, 25 Aral\u0131k 2013\u2019de savc\u0131lar bu kez o tarihteki Ba\u015fbakan, \u015fimdiki Cumhurba\u015fkan\u0131 Recep Tayip Erdo\u011fan\u2019\u0131n o\u011flu Bilal Erdo\u011fan\u2019\u0131, \u015f\u00fcpheli s\u0131fat\u0131yla g\u00f6zalt\u0131na alarak ifadeye getirmek i\u00e7in yasal giri\u015fimde bulunmu\u015f, bu giri\u015fim \u0130\u00e7i\u015fleri Bakan\u0131 taraf\u0131ndan engellenmi\u015fti.<strong>(<a href=\"https:\/\/web.archive.org\/web\/20170609212058\/http:\/\/researchturkey.org\/tr\/ergenekon-once-again-an-exemplary-story-of-how-the-law-was-abolished\/#_ftn29\" name=\"_ftnref29\">[29]<\/a>)<\/strong><\/p>\n<p>\u015eimdi, tam bu noktada, okuyucunun akl\u0131na mutlaka tak\u0131lm\u0131\u015f olan, \u201cNe kadar b\u00fcy\u00fck olursa olsun, bir yolsuzluk soru\u015fturmas\u0131n\u0131n Ergenekon davalar\u0131n\u0131n sonucuna nas\u0131l olup da etki yapt\u0131\u011f\u0131\u201d sorusunu yan\u0131tlamak gerekiyor:<\/p>\n<h4><strong>Fethullah G\u00fclen\u2019in Paralel Devleti <\/strong><\/h4>\n<p>17\/25 Aral\u0131k soru\u015fturmalar\u0131<strong>(<a href=\"https:\/\/web.archive.org\/web\/20170609212058\/http:\/\/researchturkey.org\/tr\/ergenekon-once-again-an-exemplary-story-of-how-the-law-was-abolished\/#_ftn30\" name=\"_ftnref30\">[30]<\/a>)<\/strong> asl\u0131nda bir s\u00fcreden beri \u201cgeliyorum\u201d diyen bir krizin tepe noktas\u0131yd\u0131.<\/p>\n<p>T\u00fcrkiye\u2019de y\u0131llardan beri \u201cHizmet Hareketi\u201d ad\u0131 alt\u0131nda; \u0130slami nitelikli, g\u00f6n\u00fcll\u00fcl\u00fck ve biat esas\u0131na dayanan \u201cmasonik\u201d<strong>(<a href=\"https:\/\/web.archive.org\/web\/20170609212058\/http:\/\/researchturkey.org\/tr\/ergenekon-once-again-an-exemplary-story-of-how-the-law-was-abolished\/#_ftn31\" name=\"_ftnref31\">[31]<\/a>)<\/strong> bir \u00f6rg\u00fctlenmeyi ger\u00e7ekle\u015ftirmi\u015f, bu \u00f6rg\u00fctlenmesi \u00f6nceki h\u00fck\u00fcmetlerden de belli \u00f6l\u00e7\u00fcde \u201canlay\u0131\u015f g\u00f6rm\u00fc\u015f olan Fethullah G\u00fclen,<strong>(<a href=\"https:\/\/web.archive.org\/web\/20170609212058\/http:\/\/researchturkey.org\/tr\/ergenekon-once-again-an-exemplary-story-of-how-the-law-was-abolished\/#_ftn32\" name=\"_ftnref32\">[32]<\/a>)<\/strong>kurulu\u015fundan itibaren AKP\u2019ye b\u00fcy\u00fck destek vermi\u015fti.<\/p>\n<p>Fakat G\u00fclen ve m\u00fcritlerinin AKP\u2019nin program\u0131, ideolojisi ve ajandas\u0131 ile ba\u015flarda tam olan mutabakat\u0131, aradan ge\u00e7en zaman i\u00e7inde zay\u0131flad\u0131.<strong>(<a href=\"https:\/\/web.archive.org\/web\/20170609212058\/http:\/\/researchturkey.org\/tr\/ergenekon-once-again-an-exemplary-story-of-how-the-law-was-abolished\/#_ftn33\" name=\"_ftnref33\">[33]<\/a>)<\/strong> \u00d6zellikle 2012\u2019den itibaren, AKP ve Ba\u015fbakan Erdo\u011fan, do\u011frudan do\u011fruya G\u00fclen Hareketini hedef alan, Hareketin g\u00fcc\u00fcn\u00fc s\u0131n\u0131rlamaya d\u00f6n\u00fck bir dizi eyleme imza att\u0131.<\/p>\n<p>Kavga \u00e7ok yava\u015f ba\u015flad\u0131 ve \u00f6nceleri kamuoyu taraf\u0131ndan pek fark edilmedi. Fakat G\u00fclen Hareketinin en b\u00fcy\u00fck faaliyet alan\u0131 olan \u00f6zel dershanelerin kapat\u0131lmas\u0131na d\u00f6n\u00fck h\u00fck\u00fcmet karar\u0131 ipleri kopard\u0131. Bu olaydan sonra G\u00fclen, sava\u015f\u0131 sertle\u015ftirdi, televizyonlarda AKP\u2019ye beddualar etmeye ba\u015flad\u0131, \u0130\u015fte, AKP\u2019nin ve Erdo\u011fan\u2019\u0131n, 17\/25 Aral\u0131k soru\u015fturmalar\u0131n\u0131n G\u00fclen Hareketine ba\u011fl\u0131 polisler ve savc\u0131lar taraf\u0131ndan kas\u0131tl\u0131 olarak ba\u015flat\u0131lm\u0131\u015f oldu\u011funa ili\u015fkin iddias\u0131n\u0131n temeli bu d\u00fc\u015fmanl\u0131kt\u0131.<\/p>\n<p>Ba\u015fbakan Erdo\u011fan, 17\/25 Aral\u0131k operasyonuna agresif bir tepki verdi. Operasyonu kendisine kar\u015f\u0131 \u201cdarbe giri\u015fimi\u201d olarak tan\u0131mlad\u0131. Polis \u015fefleri g\u00f6revden al\u0131nd\u0131lar,\u00a0 savc\u0131lar ve h\u00e2kimler hakk\u0131nda yasal s\u00fcre\u00e7ler ba\u015flat\u0131ld\u0131; soru\u015fturmalarla ilgili haber, g\u00f6r\u00fcnt\u00fc gibi yay\u0131nlara yasal veya yasad\u0131\u015f\u0131 yasaklar konuldu; hatta bir ara Twitter, YouTube, Facebook gibi ileti\u015fim ortamlar\u0131 engellendi. R\u00fc\u015fvet almakla su\u00e7lanan 4 bakan i\u00e7in TBMM\u2019de y\u00fcr\u00fct\u00fclen soru\u015fturma da AKP\u2019li milletvekilleri taraf\u0131ndan etkisiz k\u0131l\u0131nd\u0131.<\/p>\n<p>17\/25 Aral\u0131k soru\u015fturmalar\u0131n\u0131 haz\u0131rlay\u0131p y\u00fcr\u00fctm\u00fc\u015f olan savc\u0131, h\u00e2kim ve polis \u015fefleriyle,\u00a0 Ergenekon davalar\u0131n\u0131 y\u00fcr\u00fctenler hemen hemen ayn\u0131 ki\u015filerdi. \u0130\u015fte bu ger\u00e7ek, AKP\u2019nin ve Erdo\u011fan\u2019\u0131n, Ergenekon davalar\u0131 kar\u015f\u0131s\u0131ndaki \u201conaylay\u0131c\u0131, destekleyici\u201d tutumunu radikal bi\u00e7imde de\u011fi\u015ftirdi<a href=\"https:\/\/web.archive.org\/web\/20170609212058\/http:\/\/researchturkey.org\/tr\/ergenekon-once-again-an-exemplary-story-of-how-the-law-was-abolished\/#_ftn34\" name=\"_ftnref34\">[34]<\/a>. Ergenekon davalar\u0131n\u0131n \u00fcnl\u00fc savc\u0131s\u0131 Zekeriya \u00d6z\u2019e z\u0131rhl\u0131 Mercedes makam otomobili tahsis edilmi\u015fti; ayn\u0131 savc\u0131 17\/25 Aral\u0131k soru\u015fturmalar\u0131nda rol al\u0131nca b\u00fct\u00fcn yetkileri iptal edilerek \u00f6nce uzak bir il\u00e7eye atand\u0131, sonra meslekten \u00e7\u0131kar\u0131ld\u0131, hakk\u0131nda tutuklama karar\u0131 verildi. Bir zamanlar z\u0131rhl\u0131 otomobillerde gezen Savc\u0131, yurtd\u0131\u015f\u0131na ka\u00e7arak tutuklanmaktan (\u015fimdilik) kurtuldu. Halen de ka\u00e7akt\u0131r.<\/p>\n<p>Erdo\u011fan\u2019\u0131n 17\/25 Aral\u0131k operasyonuna tepki olarak Ergenekon ve karde\u015f davalardan deste\u011fini \u00e7ekmesi, bir anlamda bu davalar\u0131n ba\u015ftan itibaren Fethullah G\u00fclen Hareketi taraf\u0131ndan kotar\u0131ld\u0131\u011f\u0131n\u0131n da itiraf\u0131 oluyordu.<\/p>\n<p>Bu arada, \u015fu ayr\u0131nt\u0131y\u0131 da not etmeliyiz: Davalar\u0131n san\u0131klar\u0131n\u0131 kurtaran as\u0131l geli\u015fme, yani Anayasa Mahkemesine bireysel ba\u015fvuru hakk\u0131n\u0131 tan\u0131yan anayasa de\u011fi\u015fikli\u011fi de tam olarak hukuk ideali ile ilgili de\u011fildi. Bu yenilik, AKP\u2019nin; kapatma davas\u0131ndan k\u0131l pay\u0131 kurtuldu\u011fu Anayasa Mahkemesini ve politikalar\u0131na engel olarak g\u00f6rd\u00fc\u011f\u00fc Y\u00fcksek yarg\u0131y\u0131, H\u00e2kimler ve Savc\u0131lar Y\u00fcksek Kurulunu istedi\u011fi bi\u00e7imde d\u00fczenlemek amac\u0131n\u0131 ta\u015f\u0131yan de\u011fi\u015fiklik paketinin<strong>(<a href=\"https:\/\/web.archive.org\/web\/20170609212058\/http:\/\/researchturkey.org\/tr\/ergenekon-once-again-an-exemplary-story-of-how-the-law-was-abolished\/#_ftn35\" name=\"_ftnref35\">[35]<\/a>)<\/strong> kamuoyunda kabul\u00fcn\u00fc kolayla\u015ft\u0131rmak i\u00e7in d\u00fc\u015f\u00fcn\u00fclm\u00fc\u015f bir s\u00fcsten ibaretti.<\/p>\n<p>AKP-Fethullah kavgas\u0131n\u0131n bir ba\u015fka yarar\u0131ndan da bahsetmek gerekiyor: Ge\u00e7mi\u015f h\u00fck\u00fcmetler taraf\u0131ndan da az \u00e7ok bilinen \u201cparalel devlet\u201d yap\u0131lanmas\u0131 bu kavgayla ortaya d\u00f6k\u00fcld\u00fc. Paralel yap\u0131lanman\u0131n, AKP\u2019nin ilk y\u0131llar\u0131nda da \u201cne istedilerse verdik\u201d ho\u015fg\u00f6r\u00fcs\u00fc alt\u0131nda geli\u015ferek b\u00fcy\u00fcd\u00fc\u011f\u00fcn\u00fc; Ergenekon, Balyoz ve karde\u015f davalar\u0131n, sahte delillerin, gizli tan\u0131klar\u0131n, yalan yanl\u0131\u015f her \u015feyin bu \u00f6rg\u00fct taraf\u0131ndan, yurtd\u0131\u015f\u0131ndaki kimi \u00e7evrelerden de yard\u0131m al\u0131narak kotar\u0131ld\u0131\u011f\u0131n\u0131 hepimiz bu kavga sayesinde anlad\u0131k. Kavga olmasayd\u0131, kirli \u00e7ama\u015f\u0131r sepeti devrilmeyecek, biz de sepetin i\u00e7inde neler oldu\u011funu bilemeyecektik.<\/p>\n<h4><strong>Sonu\u00e7<\/strong><\/h4>\n<p>Ergenekon, Balyoz ve bunlar\u0131n karde\u015f davalar\u0131, T\u00fcrkiye\u2019nin son dokuz y\u0131l\u0131nda b\u00fct\u00fcn toplum kesimlerinin enerjisini t\u00fcketti. Y\u00fczlerce insan; emekli ve muvazzaf subaylar, bilim adamlar\u0131, siyaset\u00e7iler, gazeteciler, toplum \u00f6nderleri; T\u00fcrkiye\u2019nin Bat\u0131\u2019ya d\u00f6n\u00fck ayd\u0131nl\u0131k y\u00fcz\u00fcn\u00fc olu\u015fturan pek \u00e7ok ki\u015fi bu davalardan a\u011f\u0131r bi\u00e7imde zarar g\u00f6rd\u00fc. \u0130nsanlar\u0131n baz\u0131lar\u0131 5 y\u0131ldan uzun hapiste kald\u0131lar; dayanamayarak intihar edenler, olumsuz ko\u015fullar y\u00fcz\u00fcnden sa\u011fl\u0131\u011f\u0131n\u0131 kaybederek \u00f6lenler oldu. T\u00fcrk Ordusu \u00e7ok nitelikli subaylar\u0131n\u0131 kaybetti, hiyerar\u015fisi bozuldu, uzmanl\u0131\u011f\u0131 geriledi.<\/p>\n<p>\u015eimdi geldi\u011fimiz noktada ise b\u00fct\u00fcn yap\u0131lanlar\u0131n tam anlam\u0131 ile tasfiye ve intikam operasyonu oldu\u011fu ortaya \u00e7\u0131km\u0131\u015f bulunuyor. 90 y\u0131ll\u0131k Cumhuriyetle ve onun kurumlar\u0131yla hesapla\u015fma, tasfiye etme ve 90 y\u0131l\u0131n bir \u00e7e\u015fit intikam\u0131n\u0131 alma operasyonu.\u00a0 T\u00fcrk Yarg\u0131tay\u2019\u0131n\u0131n son bozma karar\u0131, bu ger\u00e7e\u011fi kar\u015f\u0131 konulamaz bi\u00e7imde ortaya koyan bir dizi yarg\u0131 karar\u0131n\u0131n son ve en \u00f6nemli halkas\u0131d\u0131r. Yarg\u0131tay, Ergenekon davas\u0131n\u0131 hem usul hem de esasa ili\u015fkin nedenlerle bozmu\u015ftur; bundan sonra art\u0131k \u00f6nceki mahk\u00fbmiyet kararlar\u0131 verilemeyecektir.<\/p>\n<p>Kimileri h\u00e2la \u201cAma darbe haz\u0131rl\u0131\u011f\u0131 yap\u0131lm\u0131\u015ft\u0131, vard\u0131\u201d diyebilir; belki de \u00f6yleydi. Fakat \u00fc\u00e7-be\u015f ki\u015filik dar bir kadronun baz\u0131 \u201ceyleme ge\u00e7memi\u015f\u201d haz\u0131rl\u0131klar\u0131n\u0131 bahane yaparak, hukuku kendi intikam\u0131n\u0131za ara\u00e7 etmi\u015fseniz, rakiplerinizi yok etmek i\u00e7in kullanm\u0131\u015fsan\u0131z, her \u015fey tersine d\u00f6nd\u00fc\u011f\u00fcnde art\u0131k o ilk ba\u015flang\u0131\u00e7 noktas\u0131na geri gelemezsiniz. Hukuku katledip ondan sonra \u201cama\u201d diye ba\u015flayan c\u00fcmleler kuramazs\u0131n\u0131z. O tren ka\u00e7t\u0131.<\/p>\n<p>Ergenekon ve karde\u015fi davalar\u0131n yaratt\u0131\u011f\u0131 as\u0131l b\u00fcy\u00fck tahribat, hukuk sistemine duyulan g\u00fcvenin s\u0131f\u0131rlanmas\u0131, toplumun kampla\u015fmas\u0131, insanlar\u0131n kap\u0131ld\u0131\u011f\u0131 \u201cbenim de ba\u015f\u0131ma gelebilir\u201d g\u00fcvensizli\u011fidir. B\u00fct\u00fcn olan bitenden sonra, \u0130nsanlar\u0131n \u201cevimi basarlar, buzdolab\u0131m\u0131n arkas\u0131nda mikro\u00e7ip bulurlar, imzam\u0131 taklit edip beni y\u0131llarca hapislerde tutarlar\u201d korkusunun haks\u0131z oldu\u011funu kim s\u00f6yleyebilir?<\/p>\n<p>Fakat bir tahribat\u0131 daha not etmek gerekiyor: 2013\u2019de Ordunun itibar kayb\u0131ndan s\u00f6z etmi\u015f ve \u201cKomuta kademesi ve genel olarak \u00fcst subaylar aras\u0131ndaki b\u00fct\u00fcn ayr\u0131l\u0131klar\u0131n, g\u00fcvensizli\u011fin, ihanetin ve hatta \u2018d\u00fc\u015fmanl\u0131\u011f\u0131n\u2019 dava s\u00fcre\u00e7lerinde ortaya d\u00f6k\u00fcld\u00fc\u011f\u00fcn\u00fc\u201d s\u00f6ylemi\u015ftik. Bunca haks\u0131z ve a\u011f\u0131r ithamlarla kar\u015f\u0131la\u015fan koskoca ordunun kendini hukuk i\u00e7inde savunmaktan b\u00f6ylesine aciz olu\u015fu ger\u00e7ekten vahimdir. Bundan daha vahim olansa, komuta kademesi i\u00e7inde grupla\u015fmalar oldu\u011fu ve baz\u0131 \u00fcst subaylar\u0131n arkada\u015flar\u0131n\u0131n tasfiyesi i\u00e7in h\u00fck\u00fcmetle i\u015fbirli\u011fi yapt\u0131\u011f\u0131 ihtimalidir.<\/p>\n<p>En hazin olan, bu davalar\u0131 biraz yak\u0131ndan takip eden hemen herkesin; AKP (asl\u0131nda Ba\u015fbakan Erdo\u011fan) ile Fethullah G\u00fclen kavga etmemi\u015f olsayd\u0131, 17\/25 Aral\u0131k soru\u015fturmalar\u0131n\u0131n hi\u00e7 a\u00e7\u0131lmayaca\u011f\u0131n\u0131, bu soru\u015fturmalar a\u00e7\u0131lmasayd\u0131 \u00f6zel yetkili mahkemelerin kald\u0131r\u0131lmayaca\u011f\u0131n\u0131, Ergenekon ve di\u011fer karde\u015f davalarda \u015fimdiki sonu\u00e7lar\u0131n al\u0131namayaca\u011f\u0131n\u0131 d\u00fc\u015f\u00fcnmesidir.<\/p>\n<p>Denebilir ki; Ergenekon ve karde\u015f davalar\u0131nda, bug\u00fcnk\u00fc \u201cgecikmi\u015f ve yar\u0131m\u201d adaleti, hukuk idealinin nihayet galip gelmesine de\u011fil, Fethullah G\u00fclen ile AKP ve Erdo\u011fan\u2019\u0131n \u00f6l\u00fcmc\u00fcl kavgas\u0131na bor\u00e7luyuz. Ve yine, uzun y\u0131llar boyunca devlet i\u00e7inde yap\u0131lanm\u0131\u015f ve onu sahte davalarla neredeyse \u00e7\u00f6kertebilme g\u00fcc\u00fcne eri\u015fmi\u015f bir paralel yap\u0131lanmadan haberdar olmam\u0131z\u0131 da bu kavgaya bor\u00e7luyuz.<\/p>\n<p>Demokratik hukuk devleti i\u00e7in ne hazin teselli\u2026<\/p>\n<p><em>*Bu makaledeki g\u00f6r\u00fc\u015fler, tamamen yazar\u0131n kendi g\u00f6r\u00fc\u015fleridir ve herhangi bir kurum ya da ki\u015fiye mal edilemez.<\/em><\/p>\n<p><strong>H\u0131fz\u0131 Deveci,\u00a0<\/strong><strong>Cumhurba\u015fkanl\u0131\u011f\u0131 Devlet Denetleme Kurulu Emekli \u00dcyesi<\/strong><\/p>\n<p>Makaleyi\u00a0\u015fu \u015fekilde referans vererek kullanabilirsiniz:<\/p>\n<p>Deveci H.\u00a0(Haziran, 2016), \u201cYeniden Ergenekon:Bir Hukuk Katliam\u0131n\u0131n \u0130bret Verici \u00d6yk\u00fcs\u00fc\u201d, Cilt V, Say\u0131 6, s.74 \u2013 85, T\u00fcrkiye Politika ve Ara\u015ft\u0131rma Merkezi (Research Turkey), Londra: Research Turkey (<a href=\"https:\/\/web.archive.org\/web\/20170609212058\/http:\/\/researchturkey.org\/?p=12065&amp;lang=tr\">http:\/\/researchturkey.org\/?p=12065&amp;lang=tr<\/a>)<\/p>\n<h4><strong>Sonnotlar<\/strong><\/h4>\n<p><a href=\"https:\/\/web.archive.org\/web\/20170609212058\/http:\/\/researchturkey.org\/tr\/ergenekon-once-again-an-exemplary-story-of-how-the-law-was-abolished\/#_ftnref1\" name=\"_ftn1\">[1]<\/a> H\u0131fz\u0131 DEVEC\u0130, \u201cErgenekon Davas\u0131 ve K\u0131ska\u00e7taki T\u00fcrk Ordusu: Hukuk mu Siyaset mi \u0130ntikam m\u0131?\u201d<\/p>\n<p><a href=\"https:\/\/web.archive.org\/web\/20170609212058\/http:\/\/researchturkey.org\/ergenekon-case-and-turkish-army-at-snare-is-it-law-politics-or-revenge\/\">http:\/\/researchturkey.org\/ergenekon-case-and-turkish-army-at-snare-is-it-law-politics-or-revenge\/<\/a><\/p>\n<p><a href=\"https:\/\/web.archive.org\/web\/20170609212058\/http:\/\/researchturkey.org\/tr\/ergenekon-once-again-an-exemplary-story-of-how-the-law-was-abolished\/#_ftnref2\" name=\"_ftn2\">[2]<\/a> Baz\u0131 kaynaklarda Mo\u011fol kaynakl\u0131 oldu\u011fu ileri s\u00fcr\u00fclen destan, daha yayg\u0131n kan\u0131ya g\u00f6reyse Hun soyundan gelen G\u00f6kt\u00fcrklerle ilgilidir. MS. 2. y\u00fczy\u0131l civar\u0131nda ge\u00e7er.<\/p>\n<p><a href=\"https:\/\/web.archive.org\/web\/20170609212058\/http:\/\/researchturkey.org\/tr\/ergenekon-once-again-an-exemplary-story-of-how-the-law-was-abolished\/#_ftnref3\" name=\"_ftn3\">[3]<\/a> Ana dosyaya sonradan dahil edilen 20 kadar davan\u0131n en \u00f6nemlileri \u015funlard\u0131r:<\/p>\n<p>(i) Dan\u0131\u015ftay\u2019a yap\u0131lan silahl\u0131 sald\u0131r\u0131 davas\u0131; (ii) Cumhuriyet Gazetesine molotof kokteyli at\u0131lmas\u0131 davas\u0131; \u00a0\u00a0\u00a0\u00a0\u00a0\u00a0\u00a0\u00a0(iii) Rum Ortodoks Patri\u011fine suikast haz\u0131rl\u0131\u011f\u0131 yap\u0131lmas\u0131 davas\u0131; (iv) \u0130stanbul Poyrazk\u00f6y\u2019de g\u00f6m\u00fcl\u00fc halde bulunan askeri m\u00fchimmat davas\u0131; (v) Baz\u0131 Amirallere suikast haz\u0131rl\u0131\u011f\u0131 yap\u0131lmas\u0131 davas\u0131; (vi) \u0130rtica ile m\u00fccadele eylem plan\u0131 ad\u0131yla bir darbe haz\u0131rland\u0131\u011f\u0131 davas\u0131; (vii) \u0130nternet siteleri kurup y\u00f6neterek darbe haz\u0131rland\u0131\u011f\u0131 davas\u0131.<\/p>\n<p><a href=\"https:\/\/web.archive.org\/web\/20170609212058\/http:\/\/researchturkey.org\/tr\/ergenekon-once-again-an-exemplary-story-of-how-the-law-was-abolished\/#_ftnref4\" name=\"_ftn4\">[4]<\/a> 2013 y\u0131l\u0131nda a\u00e7\u0131klanan gerek\u00e7eli mahkeme karar\u0131 ise tam 16.600 sayfayd\u0131.<\/p>\n<p><a href=\"https:\/\/web.archive.org\/web\/20170609212058\/http:\/\/researchturkey.org\/tr\/ergenekon-once-again-an-exemplary-story-of-how-the-law-was-abolished\/#_ftnref5\" name=\"_ftn5\">[5]<\/a> Orgeneral \u0130lker Ba\u015fbu\u011f.<\/p>\n<p><a href=\"https:\/\/web.archive.org\/web\/20170609212058\/http:\/\/researchturkey.org\/tr\/ergenekon-once-again-an-exemplary-story-of-how-the-law-was-abolished\/#_ftnref6\" name=\"_ftn6\">[6]<\/a> Emekli Jandarma Genel Komutan\u0131 \u015eener Eruygur ve Emekli 1. Ordu Komutan\u0131 Hur\u015fit Tolon<\/p>\n<p><a href=\"https:\/\/web.archive.org\/web\/20170609212058\/http:\/\/researchturkey.org\/tr\/ergenekon-once-again-an-exemplary-story-of-how-the-law-was-abolished\/#_ftnref7\" name=\"_ftn7\">[7]<\/a> Prf. Dr.Kemal G\u00fcr\u00fcz<\/p>\n<p><a href=\"https:\/\/web.archive.org\/web\/20170609212058\/http:\/\/researchturkey.org\/tr\/ergenekon-once-again-an-exemplary-story-of-how-the-law-was-abolished\/#_ftnref8\" name=\"_ftn8\">[8]<\/a> Prf. Dr. Fatih Hilmio\u011flu, Prf.Dr.Kemal Alemdaro\u011flu, Pf.Dr, Mustafa Abbas Yurtkuran,\u00a0 Prf.,dr.Ferit Bernay, Prf.Dr.Mehmet Haberal<\/p>\n<p><a href=\"https:\/\/web.archive.org\/web\/20170609212058\/http:\/\/researchturkey.org\/tr\/ergenekon-once-again-an-exemplary-story-of-how-the-law-was-abolished\/#_ftnref9\" name=\"_ftn9\">[9]<\/a> Sedat Peker ve Sami Ho\u015ftan<\/p>\n<p><a href=\"https:\/\/web.archive.org\/web\/20170609212058\/http:\/\/researchturkey.org\/tr\/ergenekon-once-again-an-exemplary-story-of-how-the-law-was-abolished\/#_ftnref10\" name=\"_ftn10\">[10]<\/a> Taraf Gazetesi ve muhabir Mehmet Baransu<\/p>\n<p><a href=\"https:\/\/web.archive.org\/web\/20170609212058\/http:\/\/researchturkey.org\/tr\/ergenekon-once-again-an-exemplary-story-of-how-the-law-was-abolished\/#_ftnref11\" name=\"_ftn11\">[11]<\/a> Balyoz davas\u0131na yap\u0131lan eklemelerin en \u00fcnl\u00fcs\u00fc, G\u00f6lc\u00fck Donanma Komutanl\u0131\u011f\u0131nda d\u00f6\u015feme alt\u0131nda bulundu\u011fu iddia edilen belgeler \u00fczerine a\u00e7\u0131lan askeri casusluk ve fuhu\u015f \u015fantaj\u0131 davas\u0131yd\u0131.<\/p>\n<p><a href=\"https:\/\/web.archive.org\/web\/20170609212058\/http:\/\/researchturkey.org\/tr\/ergenekon-once-again-an-exemplary-story-of-how-the-law-was-abolished\/#_ftnref12\" name=\"_ftn12\">[12]<\/a> Temyiz a\u015famas\u0131nda sadece 88 san\u0131k i\u00e7in veriler kararlar yeniden yarg\u0131lanmak \u00fczere bozulmu\u015ftu.<\/p>\n<p><a href=\"https:\/\/web.archive.org\/web\/20170609212058\/http:\/\/researchturkey.org\/tr\/ergenekon-once-again-an-exemplary-story-of-how-the-law-was-abolished\/#_ftnref13\" name=\"_ftn13\">[13]<\/a> Genelkurmay Ba\u015fkan\u0131 Orgeneral I\u015f\u0131k Ko\u015faner, Kara Kuvvetleri Komutan\u0131 Orgeneral Erdal Ceylano\u011flu, Deniz Kuvvetleru Komutan\u0131 Oramiral E\u015fref U\u011fur Yi\u011fit, Hava Kvvetleri Komutan\u0131 Orgeneral Hasan Aksay, Donanma Komutan\u0131 Oramiral Nusret G\u00fcner.<\/p>\n<p><a href=\"https:\/\/web.archive.org\/web\/20170609212058\/http:\/\/researchturkey.org\/tr\/ergenekon-once-again-an-exemplary-story-of-how-the-law-was-abolished\/#_ftnref14\" name=\"_ftn14\">[14]<\/a>\u00a0 Hiyerar\u015finin bozulmas\u0131na en \u00f6nemli \u00f6rnek, Orgeneral Necdet \u00d6zel olmu\u015ftur. T\u00fcrk Ordusunda Genelkurmay Ba\u015fkanl\u0131\u011f\u0131na atanacak subaylar\u0131n kara Kuvvetleri Komutanl\u0131\u011f\u0131 yapm\u0131\u015f olmas\u0131 gelenektir. Orgeneral I\u015f\u0131k Ko\u015faner\u2019in istifas\u0131 \u00fczerine, Jandarma Genel Komutan\u0131 Orgeneral Necdet \u00d6zel, hen\u00fcz bu g\u00f6revinde 1 y\u0131l\u0131 bile doldurmam\u0131\u015fken, team\u00fcllere uymak ad\u0131na, \u00f6nce Kara Kuvvetleri Komutan\u0131 olarak atanm\u0131\u015f, hemen ayn\u0131 tarihte Genelkurmay Ba\u015fkan vekili olarak g\u00f6revlendirilmi\u015fti.<\/p>\n<p><a href=\"https:\/\/web.archive.org\/web\/20170609212058\/http:\/\/researchturkey.org\/tr\/ergenekon-once-again-an-exemplary-story-of-how-the-law-was-abolished\/#_ftnref15\" name=\"_ftn15\">[15]<\/a> Asl\u0131nda, T\u00fcrkiye ola\u011fan\u00fcst\u00fc ceza soru\u015fturmas\u0131 ve yarg\u0131lamas\u0131 kavram\u0131na yabanc\u0131 de\u011fildir. T\u00fcrk hukuk tarihinde yer alan \u0130stiklal Mahkemeleri, S\u0131k\u0131 Y\u00f6netim Mahkemeleri, Yass\u0131ada Mahkemeleri, Ola\u011fan\u00fcst\u00fc Hal mahkemeleri, Devlet G\u00fcvenlik mahkemeleri hep \u201cola\u011fan\u00fcst\u00fc\u201d mahkemelerdir.<\/p>\n<p>Yukar\u0131da say\u0131lanlar i\u00e7inde, Devlet G\u00fcvenlik Mahkemeleri kal\u0131c\u0131, di\u011ferleri ise do\u011falar\u0131 gere\u011fi ge\u00e7ici nitelikte olmu\u015flard\u0131r.<\/p>\n<p>Kaynak: http:\/\/www.yarsuvat-law.com.tr\/articles\/article4.pdf<\/p>\n<p><a href=\"https:\/\/web.archive.org\/web\/20170609212058\/http:\/\/researchturkey.org\/tr\/ergenekon-once-again-an-exemplary-story-of-how-the-law-was-abolished\/#_ftnref16\" name=\"_ftn16\">[16]<\/a> Devlet G\u00fcvenlik Mahkemeleri, T\u00fcrk Hukuk sistemine, Anayasa\u2019n\u0131n 143. Maddesinde 1973 y\u0131l\u0131nda yap\u0131lan bir de\u011fi\u015fiklikle girmi\u015ftir.<\/p>\n<p>Devlet G\u00fcvenlik Mahkemeleri heyetinde askeri h\u00e2kim bulunuyordu. Askeri h\u00e2kimlerin varl\u0131\u011f\u0131, kararlar\u0131n\u0131n\u00a0<a href=\"https:\/\/web.archive.org\/web\/20170609212058\/https:\/\/tr.wikipedia.org\/wiki\/Avrupa_%C4%B0nsan_Haklar%C4%B1_Mahkemesi\">Avrupa \u0130nsan Haklar\u0131 Mahkemesi<\/a>nden d\u00f6n\u00fcyor, T\u00fcrkiye tazminatlar \u00f6demek zorunda kal\u0131yordu. 1999 y\u0131l\u0131nda askeri h\u00e2kimler heyetlerden \u00e7\u0131kar\u0131ld\u0131, 2004 y\u0131l\u0131nda ise <a href=\"https:\/\/web.archive.org\/web\/20170609212058\/https:\/\/tr.wikipedia.org\/wiki\/T%C3%BCrkiye%27nin_Avrupa_Birli%C4%9Fi_%C3%BCyeli%C4%9Fi_s%C3%BCreci\">Avrupa Birli\u011fi<\/a>\u2018ne kat\u0131l\u0131m reformlar\u0131 gere\u011fince kald\u0131r\u0131ld\u0131lar. Ayn\u0131 y\u0131l <a href=\"https:\/\/web.archive.org\/web\/20170609212058\/https:\/\/tr.wikipedia.org\/wiki\/Ceza_Muhakemeleri_Usul%C3%BC_Kanunu\">Ceza Muhakemeleri Usul\u00fc Kanunu<\/a>\u2018nun da yap\u0131lan de\u011fi\u015fiklik ile DGM\u2019lerin yerini \u00f6zel yetkili A\u011f\u0131r Ceza Mahkemeleri ald\u0131.<\/p>\n<p><a href=\"https:\/\/web.archive.org\/web\/20170609212058\/http:\/\/researchturkey.org\/tr\/ergenekon-once-again-an-exemplary-story-of-how-the-law-was-abolished\/#_ftnref17\" name=\"_ftn17\">[17]<\/a> Kaynak: http:\/\/www.yarsuvat-law.com.tr\/articles\/article4.pdf<\/p>\n<p><a href=\"https:\/\/web.archive.org\/web\/20170609212058\/http:\/\/researchturkey.org\/tr\/ergenekon-once-again-an-exemplary-story-of-how-the-law-was-abolished\/#_ftnref18\" name=\"_ftn18\">[18]<\/a> Gizli tan\u0131k kurumu Ceza Muhakemesi Kanununda \u00f6teden beri olmas\u0131na ra\u011fmen, kamuoyu kurumun varl\u0131\u011f\u0131ndan bu yarg\u0131lamalarla haberdar olmu\u015ftur.<\/p>\n<p>Gizli tan\u0131k, ceza yarg\u0131lamas\u0131nda \u201cy\u00fcz y\u00fczelik\u201d ilkesinin istisnas\u0131d\u0131r ve pek \u00e7ok ba\u015fka s\u0131n\u0131rlama nedeniyle de g\u00fcvenirli\u011fi zay\u0131ft\u0131r. Tan\u0131k Koruma Kanununun 9\/8. maddesine g\u00f6re gizli tan\u0131k beyan\u0131 tek ba\u015f\u0131na h\u00fckme esas al\u0131namaz. \u00d6zellikle de mahk\u00fbmiyet karar\u0131, ba\u015fka deliller olmad\u0131k\u00e7a, yaln\u0131zca gizli tan\u0131k beyan\u0131yla verilemez. Kaynak: Erol tatar, H\u00e2kim; \u201cGizli Tan\u0131k\u201d<\/p>\n<p>(http:\/\/www.ankarabarosu.org.tr\/siteler\/ankarabarosu\/tekmakale\/2013-4\/8.pdf)<\/p>\n<p><a href=\"https:\/\/web.archive.org\/web\/20170609212058\/http:\/\/researchturkey.org\/tr\/ergenekon-once-again-an-exemplary-story-of-how-the-law-was-abolished\/#_ftnref19\" name=\"_ftn19\">[19]<\/a> PKK y\u00f6neticisi \u015eemdin Sak\u0131k, Nisan 1998\u2019de bir askeri operasyonla yakalanm\u0131\u015f, \u00f6m\u00fcr boy hapis cezas\u0131na \u00e7arpt\u0131r\u0131larak Diyarbak\u0131r E tipi cezaevine konulmu\u015ftu. Gizli tan\u0131k olmadan \u00f6nce pi\u015fmanl\u0131k yasas\u0131ndan yararlanmak istemi\u015f, ama bu talebi mahkeme taraf\u0131ndan reddedilmi\u015fti.<\/p>\n<p><a href=\"https:\/\/web.archive.org\/web\/20170609212058\/http:\/\/researchturkey.org\/tr\/ergenekon-once-again-an-exemplary-story-of-how-the-law-was-abolished\/#_ftnref20\" name=\"_ftn20\">[20]<\/a> 17 May\u0131s 2006\u2019da Ankara\u2019daki Dan\u0131\u015ftay binas\u0131na giren sald\u0131rgan Alpaslan Arslan, \u0130kinci Daire \u00fcyesi H\u00e2kim Mustafa Y\u00fccel \u00d6zbilgin\u2019i \u00f6ld\u00fcrm\u00fc\u015f, daire ba\u015fkan\u0131 ve 3 \u00fcye h\u00e2kimi de yaralam\u0131\u015ft\u0131.<\/p>\n<p><a href=\"https:\/\/web.archive.org\/web\/20170609212058\/http:\/\/researchturkey.org\/tr\/ergenekon-once-again-an-exemplary-story-of-how-the-law-was-abolished\/#_ftnref21\" name=\"_ftn21\">[21]<\/a> Osman Y\u0131ld\u0131r\u0131m, Dan\u0131\u015ftay bask\u0131n\u0131n\u0131 as\u0131l fail Alpaslan Arslan ile birlikte planlamaktan \u00f6m\u00fcr boyu hapis cezas\u0131na mahk\u00fbm olduktan sonra, savc\u0131lara itiraflarda bulunarak, baz\u0131 Ergenekon san\u0131klar\u0131n\u0131, Cumhuriyet Gazetesine bomba at\u0131lmas\u0131 olay\u0131 ile ili\u015fkilendiren ifadeler vermi\u015fti. Onun ifadeleriyle Cumhuriyet gazetesini bombalama davas\u0131 Ergenekon davas\u0131 ile birle\u015ftirilmi\u015f, Osman Y\u0131ld\u0131r\u0131m bu \u015fekilde yeniden yarg\u0131lanma hakk\u0131 elde etmi\u015f, yeniden yarg\u0131lamada 8 y\u0131l 9 ay hapis cezas\u0131na \u00e7arpt\u0131r\u0131lm\u0131\u015f, yatt\u0131\u011f\u0131 s\u00fcre cezaya say\u0131larak sal\u0131verilmi\u015fti!<\/p>\n<p>Gizli tan\u0131k Osman Y\u0131ld\u0131r\u0131m\u2019\u0131n \u00f6nceki su\u00e7 dosyas\u0131 da kabar\u0131kt\u0131: Cinayet, kad\u0131n pazarlamak, yaralama, sahtecilik, kamu g\u00f6revlisine hakaret! \u015eu anda kay\u0131pt\u0131r.<\/p>\n<p><a href=\"https:\/\/web.archive.org\/web\/20170609212058\/http:\/\/researchturkey.org\/tr\/ergenekon-once-again-an-exemplary-story-of-how-the-law-was-abolished\/#_ftnref22\" name=\"_ftn22\">[22]<\/a> Baz\u0131 \u0130lgin\u00e7 gizli tan\u0131k \u00f6yk\u00fcleri:<\/p>\n<p>\u201cDeniz Uygar\u201d kod ad\u0131yla ifade veren \u0130lker \u00c7\u0131nar, tam anlam\u0131 ile profesyonel tan\u0131kt\u0131! Adam Ergenekon ve Balyoz davalar\u0131ndan ba\u015fka, Turgut \u00d6zal\u2019\u0131n \u00f6l\u00fcm\u00fc, Zirve Yay\u0131nevi katliam\u0131 soru\u015fturmalar\u0131nda da gizli tan\u0131kl\u0131k yapm\u0131\u015ft\u0131.<\/p>\n<p>Balyoz davas\u0131nda tam 20 subay ve astsubay\u2019\u0131n gizli tan\u0131kl\u0131k yapt\u0131\u011f\u0131 ortaya \u00e7\u0131km\u0131\u015ft\u0131.<\/p>\n<p>Erzincan \u0130li\u00e7 Cumhuriyet savc\u0131s\u0131 Bayram Bozkurt\u2019un, Ergenekon davas\u0131nda \u201cgizli tan\u0131k Efe\u201d kod ad\u0131yla tan\u0131kl\u0131k yapt\u0131\u011f\u0131 ortaya \u00e7\u0131km\u0131\u015ft\u0131. Gizli tan\u0131k Efe, kimli\u011fi de\u015fifre oldu\u011fu i\u00e7in emekli olmu\u015f, tan\u0131k koruma program\u0131 gere\u011fince estetik operasyonla g\u00f6r\u00fcn\u00fcm\u00fcn\u00fc ve kimli\u011fini de\u011fi\u015ftirmi\u015f, serbest avukatl\u0131\u011fa ba\u015flam\u0131\u015ft\u0131.\u00a0 Haziran 2013\u2019de yeni kimli\u011fi ile yeniden Ankara\u2019n\u0131n bir il\u00e7esinde savc\u0131l\u0131\u011fa atanm\u0131\u015f, bir s\u00fcre sonra ise \u201cbozuk sicili\u201d nedeniyle g\u00f6revine son verilmi\u015fti.<\/p>\n<p>Kaynak: <u>http:\/\/www.hurriyet.com.tr\/simdi-sira-gizli-taniklarda-27970347<\/u><\/p>\n<p><a href=\"https:\/\/web.archive.org\/web\/20170609212058\/http:\/\/researchturkey.org\/tr\/ergenekon-once-again-an-exemplary-story-of-how-the-law-was-abolished\/#_ftnref23\" name=\"_ftn23\">[23]<\/a> Buna benzer sahte delil itirazlar\u0131, tekrarlanan yarg\u0131lamalarda hep san\u0131klar\u0131n lehine sonu\u00e7lanm\u0131\u015ft\u0131r.<\/p>\n<p><a href=\"https:\/\/web.archive.org\/web\/20170609212058\/http:\/\/researchturkey.org\/tr\/ergenekon-once-again-an-exemplary-story-of-how-the-law-was-abolished\/#_ftnref24\" name=\"_ftn24\">[24]<\/a> Deyimi me\u015fhur eden, T\u00fcrkiye\u2019nin en \u00fcnl\u00fc siyaset\u00e7isi, eski ba\u015fbakan ve 9. Cumhurba\u015fkan\u0131 S\u00fcleyman Demirel\u2019dir.<\/p>\n<p><a href=\"https:\/\/web.archive.org\/web\/20170609212058\/http:\/\/researchturkey.org\/tr\/ergenekon-once-again-an-exemplary-story-of-how-the-law-was-abolished\/#_ftnref25\" name=\"_ftn25\">[25]<\/a> Anayasa Mahkemesine bireysel ba\u015fvuru hakk\u0131, Anayasa de\u011fi\u015fikliklerine ili\u015fkin 07.05.2010 tarihli 5982 say\u0131l\u0131 yasa ile T\u00fcrk yarg\u0131 sistemine girmi\u015ftir.<\/p>\n<p><a href=\"https:\/\/web.archive.org\/web\/20170609212058\/http:\/\/researchturkey.org\/tr\/ergenekon-once-again-an-exemplary-story-of-how-the-law-was-abolished\/#_ftnref26\" name=\"_ftn26\">[26]<\/a> Ergenekon davas\u0131n\u0131 y\u00fcr\u00fcten \u0130stanbul 13. A\u011f\u0131r Ceza Mahkemesi, Anayasa Mahkemesi\u2019nin hak ihlali karar\u0131n\u0131 tan\u0131mayarak san\u0131klar\u0131n tahliye taleplerini reddetmi\u015f,\u00a0 yerine g\u00f6revlendirilen 20. A\u011f\u0131r Ceza mahkemesine dava dosyas\u0131n\u0131 g\u00f6ndermeyi de reddetmi\u015fti. Bu geli\u015fme \u00fczerine Mahkeme \u00fcyeleri hakk\u0131nda H\u00e2kimler ve Savc\u0131lar Y\u00fcksek Kurulu soru\u015fturma ba\u015flatm\u0131\u015ft\u0131. \u0130lgin\u00e7 olan, Anayasa Mahkemesine direnen 13. A\u011f\u0131r Ceza Mahkemesinin \u201c\u00f6zel yetkili\u201d stat\u00fcs\u00fcn\u00fcn, tam da o s\u0131rada yap\u0131lan bir yasal d\u00fczenleme ile kald\u0131r\u0131lm\u0131\u015f olmas\u0131yd\u0131.<\/p>\n<p><a href=\"https:\/\/web.archive.org\/web\/20170609212058\/http:\/\/researchturkey.org\/tr\/ergenekon-once-again-an-exemplary-story-of-how-the-law-was-abolished\/#_ftnref27\" name=\"_ftn27\">[27]<\/a> \u00d6zel yetkili mahkemelerin kald\u0131r\u0131lmas\u0131na ili\u015fkin ilk d\u00fczenleme 02.07.2012 tarihinde kabul edilen 6352 say\u0131l\u0131 yasan\u0131n 105\u2019inci maddesiyle yap\u0131lm\u0131\u015ft\u0131. Ayn\u0131 yasan\u0131n ge\u00e7ici 2\/4 maddesi gere\u011fince de mevcut davalara bu mahkemelerde bak\u0131lmaya devam edilece\u011fi h\u00fckme ba\u011flanm\u0131\u015ft\u0131.\u00a0 Daha sonra, 21.02.2014 tarihinde kabul edilen 6526 say\u0131l\u0131 kanunun 1. maddesi ile mahkemeler T\u00fcrk hukuk sisteminden t\u00fcm\u00fcyle \u00e7\u0131kar\u0131ld\u0131lar.<\/p>\n<p><a href=\"https:\/\/web.archive.org\/web\/20170609212058\/http:\/\/researchturkey.org\/tr\/ergenekon-once-again-an-exemplary-story-of-how-the-law-was-abolished\/#_ftnref28\" name=\"_ftn28\">[28]<\/a> Ergenekon ve karde\u015f davalar\u0131nda rol alm\u0131\u015f h\u00e2kim ve savc\u0131lardan, yurtd\u0131\u015f\u0131na ka\u00e7anlar \u015funlard\u0131r: Cihan Kans\u0131z, Zekeriya \u00d6z, Celal Kara, Mehmet Y\u00fczge\u00e7, Muammer Akka\u015f, Fikret Se\u00e7en<\/p>\n<p><a href=\"https:\/\/web.archive.org\/web\/20170609212058\/http:\/\/researchturkey.org\/tr\/ergenekon-once-again-an-exemplary-story-of-how-the-law-was-abolished\/#_ftnref29\" name=\"_ftn29\">[29]<\/a> 17\/25 Aral\u0131k, ger\u00e7ekten de T\u00fcrk siyasi tarihinde daha \u00f6nce \u00f6rne\u011fine rastlanmam\u0131\u015f olaylar dizisiydi. Bu d\u00f6nemde, kamuoyu hemen her g\u00fcn ba\u015fka bir \u015fok geli\u015fmeye uyan\u0131yordu. Ba\u015fbakan\u0131n ve bakanlar\u0131n \u00e7ocuklar\u0131yla yapt\u0131klar\u0131 \u201ca\u011f\u0131r su\u00e7 i\u00e7erikli\u201d telefon konu\u015fmalar\u0131, banka m\u00fcd\u00fcrlerinin evinden \u00e7\u0131kan i\u00e7i para dolu kutular, bakan \u00e7ocuklar\u0131n\u0131n evinde bulunan inan\u0131lmaz y\u00fckl\u00fc d\u00f6vizler, para sayma makineleri\u2026 Olay\u0131 sadece T\u00fcrkiye\u2019nin de\u011fil, d\u00fcnyan\u0131n g\u00fcndeminde uzun s\u00fcre birinci s\u0131rada tuttu.<\/p>\n<p><a href=\"https:\/\/web.archive.org\/web\/20170609212058\/http:\/\/researchturkey.org\/tr\/ergenekon-once-again-an-exemplary-story-of-how-the-law-was-abolished\/#_ftnref30\" name=\"_ftn30\">[30]<\/a> Asl\u0131nda buna \u201cSoru\u015fturma giri\u015fimleri\u201d demek daha do\u011frudur. \u00c7\u00fcnk\u00fc AKP ve Ba\u015fbakan Erdo\u011fan, ilk \u015foku atlatt\u0131ktan sonra yasal ve y\u00f6netsel \u00f6nlemleri h\u0131zl\u0131ca alarak bu tehlikeyi savu\u015fturmay\u0131 ba\u015fard\u0131lar. Tutuklanan bakan \u00e7ocuklar\u0131 ve kamu g\u00f6revlileri h\u0131zl\u0131ca tahliye edildiler, soru\u015fturmac\u0131 savc\u0131lar, h\u00e2kimler ve polisler ba\u015fka g\u00f6revlere kayd\u0131r\u0131ld\u0131lar, \u015f\u00fcpheli bakanlar da TBMM taraf\u0131ndan koruma alt\u0131na al\u0131nd\u0131lar. Dolay\u0131s\u0131yla, 17\/25 Aral\u0131k AKP ve Erdo\u011fan i\u00e7in \u201cbiraz hasarla\u201d atlat\u0131lm\u0131\u015f oldu.<\/p>\n<p><a href=\"https:\/\/web.archive.org\/web\/20170609212058\/http:\/\/researchturkey.org\/tr\/ergenekon-once-again-an-exemplary-story-of-how-the-law-was-abolished\/#_ftnref31\" name=\"_ftn31\">[31]<\/a> Buradaki \u201cmasonik\u201d s\u0131fat\u0131n\u0131n nedeni; Hizmet Hareketi denilen \u00f6rg\u00fct\u00fcn hi\u00e7bir resmi y\u00fcz\u00fc olmamas\u0131ndan, tamamen adanm\u0131\u015fl\u0131k esas\u0131na dayanmas\u0131ndan kaynaklanmaktad\u0131r. Bu \u00f6rg\u00fct bir dernek ya da sendika gibi yasal de\u011fildir; y\u00f6netim kurulu, ba\u015fkan\u0131, idare merkezi, muhasebesi, hatta resmi \u00fcye listesi bile yoktur.<\/p>\n<p><a href=\"https:\/\/web.archive.org\/web\/20170609212058\/http:\/\/researchturkey.org\/tr\/ergenekon-once-again-an-exemplary-story-of-how-the-law-was-abolished\/#_ftnref32\" name=\"_ftn32\">[32]<\/a> Fethullah G\u00fclen bir imam ve vaizdir. Hitabet yetene\u011fi ile \u00e7evresine kalabal\u0131k m\u00fcrit (taraftar) toplamay\u0131 ba\u015farm\u0131\u015f, y\u0131llar i\u00e7inde e\u011fitim sekt\u00f6r\u00fcnde b\u00fcy\u00fck at\u0131l\u0131mlar ger\u00e7ekle\u015ftirmi\u015f, yurt i\u00e7inde ve d\u0131\u015f\u0131nda pek \u00e7ok okullar, dershaneler a\u00e7m\u0131\u015f, b\u00fcy\u00fck sanayi \u015firketlerinin ve pek \u00e7ok gazete-televizyonun sahiplerini kendine ba\u011flam\u0131\u015ft\u0131. 17\/25 Aral\u0131k, Onun T\u00fcrk idare yap\u0131s\u0131 i\u00e7inde, \u00f6zellikle de emniyet, adliye, m\u00fclki idare, sa\u011fl\u0131k gibi temel i\u015flevlerde \u00e7ok say\u0131da taraftar\u0131 oldu\u011funu ortaya koydu. Ordu i\u00e7inde de orta ve \u00fcst d\u00fczey, hatta general r\u00fctbeli subaylardan taraftarlar\u0131 bulundu\u011fu iddialar\u0131 vard\u0131r ve bu iddialar ciddidir.<\/p>\n<p>Fethullah G\u00fclen, 1999 y\u0131l\u0131nda, o g\u00fcnk\u00fc siyasi ortam\u0131 kendisi i\u00e7in tehlikeli g\u00f6rerek ABD\u2019ye gitmi\u015f ve geri d\u00f6nmemi\u015ftir. Halen Pensilvanya\u2019da ya\u015famaktad\u0131r.<\/p>\n<p><a href=\"https:\/\/web.archive.org\/web\/20170609212058\/http:\/\/researchturkey.org\/tr\/ergenekon-once-again-an-exemplary-story-of-how-the-law-was-abolished\/#_ftnref33\" name=\"_ftn33\">[33]<\/a> G\u00fclen ile AKP ve Erdo\u011fan aras\u0131ndaki kavgan\u0131n ger\u00e7ek nedenini bug\u00fcn bile kimse bilmiyor. Tahminler, G\u00fclen\u2019in devlet i\u00e7inde \u201cfazla g\u00fc\u00e7l\u00fc\u201d hale geldi\u011fi ve Erdo\u011fan\u2019\u0131n buna tahamm\u00fcl etmek istemedi\u011fi bi\u00e7imindedir.<\/p>\n<p><a href=\"https:\/\/web.archive.org\/web\/20170609212058\/http:\/\/researchturkey.org\/tr\/ergenekon-once-again-an-exemplary-story-of-how-the-law-was-abolished\/#_ftnref34\" name=\"_ftn34\">[34]<\/a> Evvelce, Ergenekon davalar\u0131 i\u00e7in \u201cBen bu davalar\u0131n savc\u0131s\u0131y\u0131m\u201d diyen Erdo\u011fan, Fethullah G\u00fclen Hareketi i\u00e7in bu defa \u201cNe istedilerse verdik, ama bizi kand\u0131rm\u0131\u015flar\u201d demeye ba\u015flad\u0131. Bu beyanlar i\u00e7in \u00f6zellikle kaynak belirtmedik. Okuyucu, bu s\u00f6zleri internete yazarak binlerce kayna\u011fa eri\u015febilir.<\/p>\n<p><a href=\"https:\/\/web.archive.org\/web\/20170609212058\/http:\/\/researchturkey.org\/tr\/ergenekon-once-again-an-exemplary-story-of-how-the-law-was-abolished\/#_ftnref35\" name=\"_ftn35\">[35]<\/a> AKP\u2019nin y\u00fcksek yarg\u0131yla sorunlar\u0131n\u0131n temelinde, kendisine kar\u015f\u0131 a\u00e7\u0131lan ve k\u0131l pay\u0131 kurtuldu\u011fu kapatma davas\u0131n\u0131n travmas\u0131 vard\u0131r.<\/p>\n<p>Anayasa Mahkemesi, AKP\u2019nin baz\u0131 yarg\u0131sal tasarruflar\u0131n\u0131 da iptal etmi\u015ftir. \u0130\u015fte bu y\u00fczden AKP, Anayasa de\u011fi\u015fiklik paketi ile hem Anayasa Mahkemesini, hem de pek \u00e7ok uygulamas\u0131nda kar\u015f\u0131s\u0131na hukuk direnci \u00e7\u0131karan Yarg\u0131tay\u2019\u0131, Hakimler ve Savc\u0131lar Y\u00fcksek Kurulunu, Askeri Yarg\u0131y\u0131 d\u00fczenlemeyi ama\u00e7lam\u0131\u015ft\u0131r. Paketin \u00f6teki h\u00fck\u00fcmleri, demokratik hukuk devleti ba\u011flam\u0131nda \u00e7ok temel sorunlar\u0131 kapsamam\u0131\u015ft\u0131r.<\/p>\n<p>Kaynak: Prf.Dr. Yusuf \u015eevki Hakyemez, \u201c2010 Anayasa De\u011fi\u015fiklikleri ve Demokratik Hukuk Devleti\u201d\u00a0 Gazi \u00dcni. Hukuk Fak. Dergisi, C.XVI, Y.2010, Sa.2<\/p>\n","protected":false},"excerpt":{"rendered":"<p>*Kaynak:\u00a0Sendika.org \u00a0\u00a9 Yeniden Ergenekon: Bir Hukuk Katliam\u0131n\u0131n \u0130bret Verici \u00d6yk\u00fcs\u00fc \u00d6zet Yarg\u0131tay\u2019, \u201cErgenekon\u201d ad\u0131yla bilinen \u00fcnl\u00fc davada, ilk derece mahkemesinin mahk\u00fbmiyetlerle dolu karar\u0131n\u0131 bozdu.\u00a0 Bu bozma, art\u0131k herkesin gayet iyi bildi\u011fi ger\u00e7e\u011fi net bi\u00e7imde ortaya koymakta: T\u00fcrkiye\u2019de, son dokuz y\u0131l boyunca, \u201chukuk s\u00fcs\u00fc verilmi\u015f\u201d bir tasfiye-i\u015fkence-intikam operasyonu y\u00fcr\u00fct\u00fclm\u00fc\u015ft\u00fcr. Dokuz y\u0131l \u00f6nce ba\u015flayan ve hepsi birbirinden [&hellip;]<\/p>\n","protected":false},"author":208,"featured_media":9758,"comment_status":"open","ping_status":"open","sticky":false,"template":"","format":"standard","meta":{"footnotes":""},"categories":[250,217],"tags":[],"_links":{"self":[{"href":"http:\/\/www.researchturkey.org\/tr\/wp-json\/wp\/v2\/posts\/9759"}],"collection":[{"href":"http:\/\/www.researchturkey.org\/tr\/wp-json\/wp\/v2\/posts"}],"about":[{"href":"http:\/\/www.researchturkey.org\/tr\/wp-json\/wp\/v2\/types\/post"}],"author":[{"embeddable":true,"href":"http:\/\/www.researchturkey.org\/tr\/wp-json\/wp\/v2\/users\/208"}],"replies":[{"embeddable":true,"href":"http:\/\/www.researchturkey.org\/tr\/wp-json\/wp\/v2\/comments?post=9759"}],"version-history":[{"count":1,"href":"http:\/\/www.researchturkey.org\/tr\/wp-json\/wp\/v2\/posts\/9759\/revisions"}],"predecessor-version":[{"id":9760,"href":"http:\/\/www.researchturkey.org\/tr\/wp-json\/wp\/v2\/posts\/9759\/revisions\/9760"}],"wp:featuredmedia":[{"embeddable":true,"href":"http:\/\/www.researchturkey.org\/tr\/wp-json\/wp\/v2\/media\/9758"}],"wp:attachment":[{"href":"http:\/\/www.researchturkey.org\/tr\/wp-json\/wp\/v2\/media?parent=9759"}],"wp:term":[{"taxonomy":"category","embeddable":true,"href":"http:\/\/www.researchturkey.org\/tr\/wp-json\/wp\/v2\/categories?post=9759"},{"taxonomy":"post_tag","embeddable":true,"href":"http:\/\/www.researchturkey.org\/tr\/wp-json\/wp\/v2\/tags?post=9759"}],"curies":[{"name":"wp","href":"https:\/\/api.w.org\/{rel}","templated":true}]}}