{"id":7501,"date":"2012-10-06T14:23:23","date_gmt":"2012-10-06T11:23:23","guid":{"rendered":"http:\/\/www.researchturkey.org\/?p=7501"},"modified":"2022-09-28T20:04:26","modified_gmt":"2022-09-28T17:04:26","slug":"book-recently-published-ahmet-t-kuru-and-alfred-stepan-eds-democracy-islam-and-secularism-in-turkey","status":"publish","type":"post","link":"https:\/\/www.researchturkey.org\/tr\/book-recently-published-ahmet-t-kuru-and-alfred-stepan-eds-democracy-islam-and-secularism-in-turkey\/","title":{"rendered":"Yeni Yay\u0131nlanan Kitap: Ahmet T. Kuru and Alfred Stepan (eds.), T\u00fcrkiye\u2019de Demokrasi, \u0130slam ve Laiklik"},"content":{"rendered":"<p><!--:en--><\/p>\n<p style=\"text-align: justify;\" align=\"center\"><strong>Ahmet T. Kuru and Alfred Stepan (eds.),<\/strong><strong>\u00a0T\u00fcrkiye\u2019de Demokrasi, \u0130slam ve Laiklik, Kolombiya Universitesi, New York, 2012\u00a0<\/strong><\/p>\n<p style=\"text-align: justify;\" align=\"center\">Bu kitap klasik Osmanl\u0131 d\u00f6nemindeki \u00e7e\u015fitlilikten T\u00fcrkiye\u2019de g\u00fcn\u00fcm\u00fczdeki Anayasa \u00e7al\u0131\u015fmalar\u0131na kadar bir\u00e7ok konuya de\u011finmektedir.<\/p>\n<p><!--:--><!--:tr--><\/p>\n<p><!--:--><\/p>\n","protected":false},"excerpt":{"rendered":"<p>Ahmet T. Kuru and Alfred Stepan (eds.),\u00a0T\u00fcrkiye\u2019de Demokrasi, \u0130slam ve Laiklik, Kolombiya Universitesi, New York, 2012\u00a0 Bu kitap klasik Osmanl\u0131 d\u00f6nemindeki \u00e7e\u015fitlilikten T\u00fcrkiye\u2019de g\u00fcn\u00fcm\u00fczdeki Anayasa \u00e7al\u0131\u015fmalar\u0131na kadar bir\u00e7ok konuya de\u011finmektedir.<\/p>\n","protected":false},"author":184,"featured_media":7754,"comment_status":"open","ping_status":"open","sticky":false,"template":"","format":"standard","meta":{"footnotes":""},"categories":[213],"tags":[205,206,283],"_links":{"self":[{"href":"https:\/\/www.researchturkey.org\/tr\/wp-json\/wp\/v2\/posts\/7501"}],"collection":[{"href":"https:\/\/www.researchturkey.org\/tr\/wp-json\/wp\/v2\/posts"}],"about":[{"href":"https:\/\/www.researchturkey.org\/tr\/wp-json\/wp\/v2\/types\/post"}],"author":[{"embeddable":true,"href":"https:\/\/www.researchturkey.org\/tr\/wp-json\/wp\/v2\/users\/184"}],"replies":[{"embeddable":true,"href":"https:\/\/www.researchturkey.org\/tr\/wp-json\/wp\/v2\/comments?post=7501"}],"version-history":[{"count":2,"href":"https:\/\/www.researchturkey.org\/tr\/wp-json\/wp\/v2\/posts\/7501\/revisions"}],"predecessor-version":[{"id":9662,"href":"https:\/\/www.researchturkey.org\/tr\/wp-json\/wp\/v2\/posts\/7501\/revisions\/9662"}],"wp:featuredmedia":[{"embeddable":true,"href":"https:\/\/www.researchturkey.org\/tr\/wp-json\/wp\/v2\/media\/7754"}],"wp:attachment":[{"href":"https:\/\/www.researchturkey.org\/tr\/wp-json\/wp\/v2\/media?parent=7501"}],"wp:term":[{"taxonomy":"category","embeddable":true,"href":"https:\/\/www.researchturkey.org\/tr\/wp-json\/wp\/v2\/categories?post=7501"},{"taxonomy":"post_tag","embeddable":true,"href":"https:\/\/www.researchturkey.org\/tr\/wp-json\/wp\/v2\/tags?post=7501"}],"curies":[{"name":"wp","href":"https:\/\/api.w.org\/{rel}","templated":true}]}}