{"id":7505,"date":"2012-09-24T20:42:41","date_gmt":"2012-09-24T17:42:41","guid":{"rendered":"http:\/\/www.researchturkey.org\/?p=7505"},"modified":"2022-09-28T20:00:32","modified_gmt":"2022-09-28T17:00:32","slug":"ft-turkey-summit-investing-in-europes-new-bric","status":"publish","type":"post","link":"https:\/\/www.researchturkey.org\/tr\/ft-turkey-summit-investing-in-europes-new-bric\/","title":{"rendered":"FT T\u00fcrkiye Zirvesi: Avrupa\u2019n\u0131n Yeni BRIC\u2019ine Yat\u0131r\u0131m"},"content":{"rendered":"<p><!--:en--><\/p>\n<p align=\"center\"><em>D\u00f6rt Mevsim Hotel, \u0130stanbul, Turkey<\/em><\/p>\n<p align=\"center\"><em>22 Kas\u0131m 2012<\/em><\/p>\n<p style=\"text-align: justify;\" align=\"center\">Financial Times\u2019in Uluslararas\u0131 \u0130li\u015fkiler edit\u00f6r\u00fc David Gardner taraf\u0131ndan y\u00f6netilecek bu uluslararas\u0131 zirve T\u00fcrkiye ve ba\u015fka \u00fclkelerden 200\u2019den fazla kamu ve \u00f6zel sekt\u00f6rde \u00e7al\u0131\u015fan y\u00f6neticiyi, T\u00fcrkiye\u2019de i\u015f yapman\u0131n yararlar\u0131n\u0131 ve zorluklar\u0131n\u0131 tart\u0131\u015fmak amac\u0131yla bir araya getirecektir.<\/p>\n<p style=\"text-align: justify;\" align=\"center\">\u00d6nemli konu\u015fmac\u0131lar:<\/p>\n<ul>\n<li>Ali Babacan, T.C. Ekonomiden Sorumlu Ba\u015fbakan Yard\u0131mc\u0131s\u0131<\/li>\n<li>Mehmet \u015eim\u015fek, T.C. Maliye Bakan\u0131<\/li>\n<li>Selim Yenel, AB B\u00fcy\u00fckel\u00e7isi<\/li>\n<li>Sani Sener, TAV Havaalanlar\u0131 \u0130cra Ba\u015fkan\u0131\/CEO<\/li>\n<li>Soli \u00d6zel, Yorumcu, Habert\u00fcrk TV<\/li>\n<li>Suzan Sabanc\u0131 Din\u00e7er, T\u00fcrk- \u0130ngiliz i\u015f Konseyi, D\u0131\u015f Ekonomik \u0130li\u015fkiler Kurulu (DE\u0130K)<\/li>\n<li>Dr. Tevfik Aksoy, Orta Avrupa, Ortado\u011fu ve Afrika Ekonomisi Ba\u015fkan\u0131, Morgan Stanley<\/li>\n<\/ul>\n<p><em>Detayl\u0131 bilgi:\u00a0<\/em><em><a href=\"http:\/\/conferences.ft.com\/_act\/link.php?mId=R781201354730418520148&amp;tId=84089\" target=\"_blank\" rel=\"noopener\">www.ft-live.com\/turkeysummit<\/a><\/em><\/p>\n<p><!--:--><!--:tr--><\/p>\n","protected":false},"excerpt":{"rendered":"<p>D\u00f6rt Mevsim Hotel, \u0130stanbul, Turkey 22 Kas\u0131m 2012 Financial Times\u2019in Uluslararas\u0131 \u0130li\u015fkiler edit\u00f6r\u00fc David Gardner taraf\u0131ndan y\u00f6netilecek bu uluslararas\u0131 zirve T\u00fcrkiye ve ba\u015fka \u00fclkelerden 200\u2019den fazla kamu ve \u00f6zel sekt\u00f6rde \u00e7al\u0131\u015fan y\u00f6neticiyi, T\u00fcrkiye\u2019de i\u015f yapman\u0131n yararlar\u0131n\u0131 ve zorluklar\u0131n\u0131 tart\u0131\u015fmak amac\u0131yla bir araya getirecektir. \u00d6nemli konu\u015fmac\u0131lar: Ali Babacan, T.C. Ekonomiden Sorumlu Ba\u015fbakan Yard\u0131mc\u0131s\u0131 Mehmet \u015eim\u015fek, T.C. [&hellip;]<\/p>\n","protected":false},"author":184,"featured_media":7754,"comment_status":"open","ping_status":"open","sticky":false,"template":"","format":"standard","meta":{"footnotes":""},"categories":[213],"tags":[205,206,283,208],"_links":{"self":[{"href":"https:\/\/www.researchturkey.org\/tr\/wp-json\/wp\/v2\/posts\/7505"}],"collection":[{"href":"https:\/\/www.researchturkey.org\/tr\/wp-json\/wp\/v2\/posts"}],"about":[{"href":"https:\/\/www.researchturkey.org\/tr\/wp-json\/wp\/v2\/types\/post"}],"author":[{"embeddable":true,"href":"https:\/\/www.researchturkey.org\/tr\/wp-json\/wp\/v2\/users\/184"}],"replies":[{"embeddable":true,"href":"https:\/\/www.researchturkey.org\/tr\/wp-json\/wp\/v2\/comments?post=7505"}],"version-history":[{"count":2,"href":"https:\/\/www.researchturkey.org\/tr\/wp-json\/wp\/v2\/posts\/7505\/revisions"}],"predecessor-version":[{"id":9653,"href":"https:\/\/www.researchturkey.org\/tr\/wp-json\/wp\/v2\/posts\/7505\/revisions\/9653"}],"wp:featuredmedia":[{"embeddable":true,"href":"https:\/\/www.researchturkey.org\/tr\/wp-json\/wp\/v2\/media\/7754"}],"wp:attachment":[{"href":"https:\/\/www.researchturkey.org\/tr\/wp-json\/wp\/v2\/media?parent=7505"}],"wp:term":[{"taxonomy":"category","embeddable":true,"href":"https:\/\/www.researchturkey.org\/tr\/wp-json\/wp\/v2\/categories?post=7505"},{"taxonomy":"post_tag","embeddable":true,"href":"https:\/\/www.researchturkey.org\/tr\/wp-json\/wp\/v2\/tags?post=7505"}],"curies":[{"name":"wp","href":"https:\/\/api.w.org\/{rel}","templated":true}]}}