{"id":7507,"date":"2012-09-11T21:12:23","date_gmt":"2012-09-11T18:12:23","guid":{"rendered":"http:\/\/www.researchturkey.org\/?p=7507"},"modified":"2022-09-27T20:01:35","modified_gmt":"2022-09-27T17:01:35","slug":"international-conference-on-social-sciences-icss","status":"publish","type":"post","link":"https:\/\/www.researchturkey.org\/tr\/international-conference-on-social-sciences-icss\/","title":{"rendered":"Uluslararas\u0131 Sosyal Bilimler Konferans\u0131"},"content":{"rendered":"<p><!--:en--><\/p>\n<p align=\"center\">5-6 Ekim 2012<\/p>\n<p align=\"center\">\u0130zmir, T\u00fcrkiye<\/p>\n<p align=\"center\">\u0130nternet sitesi: <a href=\"http:\/\/www.icssconference.net\/\" target=\"_blank\" rel=\"noopener\">http:\/\/www.icssconference.net\/<\/a><\/p>\n<p align=\"center\">\u0130lgili ki\u015fi: Can Aktan<\/p>\n<p align=\"center\">Konferans, sosyal bilimlerin t\u00fcm alanlar\u0131yla ilgili akademisyenlerin kat\u0131l\u0131m\u0131na a\u00e7\u0131kt\u0131r.Konferans ba\u015fl\u0131klar\u0131 \u00f6zellikle, ekonomi, i\u015fletme, y\u00f6neti\u015fim ve siyaset bilimi disiplinleri \u00fczerinde yo\u011funla\u015fmaktad\u0131r.<\/p>\n<p><!--:--><\/p>\n","protected":false},"excerpt":{"rendered":"<p>5-6 Ekim 2012 \u0130zmir, T\u00fcrkiye \u0130nternet sitesi: http:\/\/www.icssconference.net\/ \u0130lgili ki\u015fi: Can Aktan Konferans, sosyal bilimlerin t\u00fcm alanlar\u0131yla ilgili akademisyenlerin kat\u0131l\u0131m\u0131na a\u00e7\u0131kt\u0131r.Konferans ba\u015fl\u0131klar\u0131 \u00f6zellikle, ekonomi, i\u015fletme, y\u00f6neti\u015fim ve siyaset bilimi disiplinleri \u00fczerinde yo\u011funla\u015fmaktad\u0131r.<\/p>\n","protected":false},"author":184,"featured_media":7754,"comment_status":"open","ping_status":"open","sticky":false,"template":"","format":"standard","meta":{"footnotes":""},"categories":[213],"tags":[205,206,283],"_links":{"self":[{"href":"https:\/\/www.researchturkey.org\/tr\/wp-json\/wp\/v2\/posts\/7507"}],"collection":[{"href":"https:\/\/www.researchturkey.org\/tr\/wp-json\/wp\/v2\/posts"}],"about":[{"href":"https:\/\/www.researchturkey.org\/tr\/wp-json\/wp\/v2\/types\/post"}],"author":[{"embeddable":true,"href":"https:\/\/www.researchturkey.org\/tr\/wp-json\/wp\/v2\/users\/184"}],"replies":[{"embeddable":true,"href":"https:\/\/www.researchturkey.org\/tr\/wp-json\/wp\/v2\/comments?post=7507"}],"version-history":[{"count":2,"href":"https:\/\/www.researchturkey.org\/tr\/wp-json\/wp\/v2\/posts\/7507\/revisions"}],"predecessor-version":[{"id":9650,"href":"https:\/\/www.researchturkey.org\/tr\/wp-json\/wp\/v2\/posts\/7507\/revisions\/9650"}],"wp:featuredmedia":[{"embeddable":true,"href":"https:\/\/www.researchturkey.org\/tr\/wp-json\/wp\/v2\/media\/7754"}],"wp:attachment":[{"href":"https:\/\/www.researchturkey.org\/tr\/wp-json\/wp\/v2\/media?parent=7507"}],"wp:term":[{"taxonomy":"category","embeddable":true,"href":"https:\/\/www.researchturkey.org\/tr\/wp-json\/wp\/v2\/categories?post=7507"},{"taxonomy":"post_tag","embeddable":true,"href":"https:\/\/www.researchturkey.org\/tr\/wp-json\/wp\/v2\/tags?post=7507"}],"curies":[{"name":"wp","href":"https:\/\/api.w.org\/{rel}","templated":true}]}}