{"id":7508,"date":"2012-09-11T21:08:34","date_gmt":"2012-09-11T18:08:34","guid":{"rendered":"http:\/\/www.researchturkey.org\/?p=7508"},"modified":"2022-09-27T19:59:29","modified_gmt":"2022-09-27T16:59:29","slug":"icopec-2012-iv-international-conference-of-political-economy","status":"publish","type":"post","link":"https:\/\/www.researchturkey.org\/tr\/icopec-2012-iv-international-conference-of-political-economy\/","title":{"rendered":"IV. Uluslararas\u0131 Ekonomi Politik Konferans\u0131"},"content":{"rendered":"<p align=\"center\">\n<p align=\"center\">27-29 Eyl\u00fcl 2012<\/p>\n<p align=\"center\">\u0130zmit, Kocaeli, T\u00fcrkiye<\/p>\n<p align=\"center\">\u0130nternet sitesi: <a href=\"http:\/\/www.icopec.org\/\" target=\"_blank\" rel=\"noopener\">http:\/\/www.icopec.org<\/a><\/p>\n<p align=\"center\">\u0130lgili ki\u015fi: \u0130smail \u015eiriner<\/p>\n<p align=\"center\">Kocaeli \u00dcniversitesi University of Westminster (\u0130ngiltere), Silesian University in Opava (\u00c7ek Cumhuriyeti), IRES Piemonte Ekonomik ve Sosyal Ara\u015ft\u0131rmalar Enstit\u00fcs\u00fc (\u0130talya) ve Ostrava Teknik \u00dcniversitesi (\u00c7ek Cumhuriyeti)\u00a0 taraf\u0131ndan ortakla\u015fa d\u00fczenlenen, uluslararas\u0131 ekonomi politik konferanslar serisinin d\u00f6rd\u00fcnc\u00fcs\u00fcn\u00fcn ana temas\u0131, \u201c<em>Esneklik<\/em>\u201d olarak belirlenmi\u015ftir. Konferans 27-28 Eyl\u00fcl 2012 tarihleri aras\u0131nda Kocaeli&#8217;de ger\u00e7ekle\u015ftirilecektir.<\/p>\n","protected":false},"excerpt":{"rendered":"<p>27-29 Eyl\u00fcl 2012 \u0130zmit, Kocaeli, T\u00fcrkiye \u0130nternet sitesi: http:\/\/www.icopec.org \u0130lgili ki\u015fi: \u0130smail \u015eiriner Kocaeli \u00dcniversitesi University of Westminster (\u0130ngiltere), Silesian University in Opava (\u00c7ek Cumhuriyeti), IRES Piemonte Ekonomik ve Sosyal Ara\u015ft\u0131rmalar Enstit\u00fcs\u00fc (\u0130talya) ve Ostrava Teknik \u00dcniversitesi (\u00c7ek Cumhuriyeti)\u00a0 taraf\u0131ndan ortakla\u015fa d\u00fczenlenen, uluslararas\u0131 ekonomi politik konferanslar serisinin d\u00f6rd\u00fcnc\u00fcs\u00fcn\u00fcn ana temas\u0131, \u201cEsneklik\u201d olarak belirlenmi\u015ftir. Konferans 27-28 [&hellip;]<\/p>\n","protected":false},"author":184,"featured_media":7754,"comment_status":"open","ping_status":"open","sticky":false,"template":"","format":"standard","meta":{"footnotes":""},"categories":[213],"tags":[205,206,283],"_links":{"self":[{"href":"https:\/\/www.researchturkey.org\/tr\/wp-json\/wp\/v2\/posts\/7508"}],"collection":[{"href":"https:\/\/www.researchturkey.org\/tr\/wp-json\/wp\/v2\/posts"}],"about":[{"href":"https:\/\/www.researchturkey.org\/tr\/wp-json\/wp\/v2\/types\/post"}],"author":[{"embeddable":true,"href":"https:\/\/www.researchturkey.org\/tr\/wp-json\/wp\/v2\/users\/184"}],"replies":[{"embeddable":true,"href":"https:\/\/www.researchturkey.org\/tr\/wp-json\/wp\/v2\/comments?post=7508"}],"version-history":[{"count":2,"href":"https:\/\/www.researchturkey.org\/tr\/wp-json\/wp\/v2\/posts\/7508\/revisions"}],"predecessor-version":[{"id":9646,"href":"https:\/\/www.researchturkey.org\/tr\/wp-json\/wp\/v2\/posts\/7508\/revisions\/9646"}],"wp:featuredmedia":[{"embeddable":true,"href":"https:\/\/www.researchturkey.org\/tr\/wp-json\/wp\/v2\/media\/7754"}],"wp:attachment":[{"href":"https:\/\/www.researchturkey.org\/tr\/wp-json\/wp\/v2\/media?parent=7508"}],"wp:term":[{"taxonomy":"category","embeddable":true,"href":"https:\/\/www.researchturkey.org\/tr\/wp-json\/wp\/v2\/categories?post=7508"},{"taxonomy":"post_tag","embeddable":true,"href":"https:\/\/www.researchturkey.org\/tr\/wp-json\/wp\/v2\/tags?post=7508"}],"curies":[{"name":"wp","href":"https:\/\/api.w.org\/{rel}","templated":true}]}}