{"id":7509,"date":"2012-09-10T23:38:25","date_gmt":"2012-09-10T20:38:25","guid":{"rendered":"http:\/\/www.researchturkey.org\/?p=7509"},"modified":"2022-09-27T19:57:58","modified_gmt":"2022-09-27T16:57:58","slug":"first-international-balkan-symposium-yesterday-today-tomorrow-and-the-change-conference","status":"publish","type":"post","link":"https:\/\/www.researchturkey.org\/tr\/first-international-balkan-symposium-yesterday-today-tomorrow-and-the-change-conference\/","title":{"rendered":"Birinci Uluslararas\u0131 Balkan Kongresi D\u00fcn,Bug\u00fcn,Yar\u0131n ve De\u011fi\u015fim"},"content":{"rendered":"<p><!--:en--><\/p>\n<p align=\"center\">24-26 Eyl\u00fcl 2012<\/p>\n<p align=\"center\">\u0130stanbul, Turkey<\/p>\n<p align=\"center\">\u0130nternt sitesi: <a href=\"http:\/\/www.ssu.edu.tr\/ibs\/?&amp;changelang=tr\">http:\/\/www.ssu.edu.tr\/ibs\/?&amp;changelang=tr<\/a><\/p>\n<p align=\"center\">\u0130lgili ki\u015fi Fatih \u0130yiol<\/p>\n<p style=\"text-align: justify;\" align=\"center\">S\u00fcleyman \u015eah \u00dcniversitesi Balkan \u00c7al\u0131\u015fmalar\u0131 Uygulama ve Ara\u015ft\u0131rma Merkezi (\u015eAHBAM), her y\u0131l uluslararas\u0131 kongre d\u00fczenlemeyi planlamaktad\u0131r. Bu kongrelerden ilki 24-26 Eyl\u00fcl 2012\u2019de yap\u0131lacakt\u0131r. I. Uluslararas\u0131 Balkan Kongresi, \u0130nsan ve Toplum Bilimleri, \u0130\u015fletme-Y\u00f6netim Bilimleri ve E\u011fitim Bilimleri temel ba\u015fl\u0131klar\u0131 alt\u0131nda kapsaml\u0131 bir kongre olacakt\u0131r. Kongrenin T\u00fcrkiye\u2019deki di\u011fer orta\u011f\u0131 Y\u0131ld\u0131z Teknik \u00dcniversitesi\u2019dir. Balkan co\u011frafyas\u0131ndaki ortaklar\u0131 ise Arnavutluk-Tiran \u00dcniversitesi, Makedonya- Kril Metodi \u00dcniversitesi, Bosna-Hersek- Saraybosna \u00dcniversitesi, Bulgaristan-Sofya \u00dcniversitesi, Kosova-Pri\u015ftine \u00dcniversitesi&#8217;dir.<\/p>\n<p style=\"text-align: justify;\">Ayr\u0131nt\u0131l\u0131 bilgi i\u00e7in: <a href=\"http:\/\/www.ssu.edu.tr\/ibs\/?&amp;changelang=tr\">http:\/\/www.ssu.edu.tr\/ibs\/?&amp;changelang=tr<\/a><\/p>\n<p><!--:--><!--:tr--><\/p>\n<p><!--:--><\/p>\n","protected":false},"excerpt":{"rendered":"<p>24-26 Eyl\u00fcl 2012 \u0130stanbul, Turkey \u0130nternt sitesi: http:\/\/www.ssu.edu.tr\/ibs\/?&amp;changelang=tr \u0130lgili ki\u015fi Fatih \u0130yiol S\u00fcleyman \u015eah \u00dcniversitesi Balkan \u00c7al\u0131\u015fmalar\u0131 Uygulama ve Ara\u015ft\u0131rma Merkezi (\u015eAHBAM), her y\u0131l uluslararas\u0131 kongre d\u00fczenlemeyi planlamaktad\u0131r. Bu kongrelerden ilki 24-26 Eyl\u00fcl 2012\u2019de yap\u0131lacakt\u0131r. I. Uluslararas\u0131 Balkan Kongresi, \u0130nsan ve Toplum Bilimleri, \u0130\u015fletme-Y\u00f6netim Bilimleri ve E\u011fitim Bilimleri temel ba\u015fl\u0131klar\u0131 alt\u0131nda kapsaml\u0131 bir kongre olacakt\u0131r. [&hellip;]<\/p>\n","protected":false},"author":184,"featured_media":7754,"comment_status":"open","ping_status":"open","sticky":false,"template":"","format":"standard","meta":{"footnotes":""},"categories":[213],"tags":[205,206,283],"_links":{"self":[{"href":"https:\/\/www.researchturkey.org\/tr\/wp-json\/wp\/v2\/posts\/7509"}],"collection":[{"href":"https:\/\/www.researchturkey.org\/tr\/wp-json\/wp\/v2\/posts"}],"about":[{"href":"https:\/\/www.researchturkey.org\/tr\/wp-json\/wp\/v2\/types\/post"}],"author":[{"embeddable":true,"href":"https:\/\/www.researchturkey.org\/tr\/wp-json\/wp\/v2\/users\/184"}],"replies":[{"embeddable":true,"href":"https:\/\/www.researchturkey.org\/tr\/wp-json\/wp\/v2\/comments?post=7509"}],"version-history":[{"count":2,"href":"https:\/\/www.researchturkey.org\/tr\/wp-json\/wp\/v2\/posts\/7509\/revisions"}],"predecessor-version":[{"id":9643,"href":"https:\/\/www.researchturkey.org\/tr\/wp-json\/wp\/v2\/posts\/7509\/revisions\/9643"}],"wp:featuredmedia":[{"embeddable":true,"href":"https:\/\/www.researchturkey.org\/tr\/wp-json\/wp\/v2\/media\/7754"}],"wp:attachment":[{"href":"https:\/\/www.researchturkey.org\/tr\/wp-json\/wp\/v2\/media?parent=7509"}],"wp:term":[{"taxonomy":"category","embeddable":true,"href":"https:\/\/www.researchturkey.org\/tr\/wp-json\/wp\/v2\/categories?post=7509"},{"taxonomy":"post_tag","embeddable":true,"href":"https:\/\/www.researchturkey.org\/tr\/wp-json\/wp\/v2\/tags?post=7509"}],"curies":[{"name":"wp","href":"https:\/\/api.w.org\/{rel}","templated":true}]}}