{"id":7513,"date":"2012-09-03T19:01:39","date_gmt":"2012-09-03T16:01:39","guid":{"rendered":"http:\/\/www.researchturkey.org\/?p=7513"},"modified":"2022-09-27T19:46:40","modified_gmt":"2022-09-27T16:46:40","slug":"call-for-papers-40-years-since-the-first-enlargement","status":"publish","type":"post","link":"https:\/\/www.researchturkey.org\/tr\/call-for-papers-40-years-since-the-first-enlargement\/","title":{"rendered":"Bildiri \u00c7a\u011fr\u0131s\u0131 &#8211; Birinci Geni\u015flemeden Bu Yana 40 Y\u0131l"},"content":{"rendered":"<p><!--:en--><\/p>\n<div align=\"center\"><strong>Bildiri \u00e7a\u011fr\u0131s\u0131 i\u00e7in son ba\u015fvuru tarihi \u2013 29 Ekim 2012<\/strong><\/div>\n<p align=\"center\"><strong>Mekan &#8211; Woburn House Konferans Merkezi, 7-8 Mart 2013<\/strong><\/p>\n<p>2013, Avrupa Birli\u011fi\u2019nin ilk geni\u015flemesinin 40. y\u0131l\u0131. Bu \u00f6zel duruma dikkat \u00e7ekmek amac\u0131yla UACES; Birle\u015fik Krall\u0131k, Danimarka ve \u0130rlanda\u2019n\u0131n AB\u2019ye kat\u0131ld\u0131\u011f\u0131 1973 y\u0131l\u0131ndan beri s\u00fcregelen entegrasyon plan\u0131n\u0131n s\u00fcrecini inceleyen bir kongre d\u00fczenliyor.<br \/>\nA\u015fa\u011f\u0131daki konulardan herhangi birine odaklanm\u0131\u015f bildiri \u00f6nerilerini bekliyoruz:<br \/>\nBirinci Oturum:\u00a0\u00a0\u00a0\u00a0\u00a0\u00a0\u00a0\u00a0\u00a0\u00a0 \u201cBirinci Geni\u015fleme:\u00a0 AB ve Kat\u0131lan \u00dclkeler i\u00e7in faydal\u0131 m\u0131?\u201d<br \/>\n\u0130kinci Oturum: \u00a0\u00a0\u00a0\u00a0\u00a0\u00a0\u00a0\u00a0\u00a0\u00a0 \u201c\u0130\u00e7 Politika, Toplum ve Medya\u2019ya Etkisi\u201d<br \/>\n\u00dc\u00e7\u00fcnc\u00fc Oturum:\u00a0\u00a0\u00a0\u00a0\u00a0\u00a0\u00a0\u00a0 \u201cKat\u0131l\u0131m\u0131n Ekonomik Etkisi\u201d<br \/>\nD\u00f6rd\u00fcnc\u00fc Oturum: \u00a0\u00a0\u00a0 \u201cDe\u011fi\u015ftirilmi\u015f Hukuk D\u00fczeni?\u201d<br \/>\nBe\u015finci Oturum: \u00a0 \u00a0 \u00a0 \u00a0 \u00a0\u201cGeli\u015ftirilmi\u015f Kamu Y\u00f6netimi?\u201d<br \/>\nBildiri \u00f6nerisi sunmak i\u00e7in, 250 kelimelik \u00f6zetinizi word format\u0131nda <a href=\"mailto:admin@uaces.org\">admin@uaces.org<\/a> adresine g\u00f6ndermeniz gerekmektedir. \u00a0L\u00fctfen bildirinizin uydu\u011fu oturumu belirtiniz.<br \/>\nBildiri \u00f6nerileri i\u00e7in son ba\u015fvuru tarihi: 29 Ekim 2012 (Pazartesi)<br \/>\nDaha fazla bilgi i\u00e7in <a href=\"http:\/\/www.uaces.org\/forty\">www.uaces.org\/forty<\/a> adresini inceleyebilirsiniz.<br \/>\nSorular\u0131n\u0131z i\u00e7in: <a href=\"mailto:elinnemann@uaces.org\" target=\"_blank\" rel=\"noopener\">elinnemann@uaces.org<\/a><\/p>\n","protected":false},"excerpt":{"rendered":"<p>Bildiri \u00e7a\u011fr\u0131s\u0131 i\u00e7in son ba\u015fvuru tarihi \u2013 29 Ekim 2012 Mekan &#8211; Woburn House Konferans Merkezi, 7-8 Mart 2013 2013, Avrupa Birli\u011fi\u2019nin ilk geni\u015flemesinin 40. y\u0131l\u0131. Bu \u00f6zel duruma dikkat \u00e7ekmek amac\u0131yla UACES; Birle\u015fik Krall\u0131k, Danimarka ve \u0130rlanda\u2019n\u0131n AB\u2019ye kat\u0131ld\u0131\u011f\u0131 1973 y\u0131l\u0131ndan beri s\u00fcregelen entegrasyon plan\u0131n\u0131n s\u00fcrecini inceleyen bir kongre d\u00fczenliyor. A\u015fa\u011f\u0131daki konulardan herhangi birine [&hellip;]<\/p>\n","protected":false},"author":184,"featured_media":7754,"comment_status":"open","ping_status":"open","sticky":false,"template":"","format":"standard","meta":{"footnotes":""},"categories":[213],"tags":[205,206,283,208],"_links":{"self":[{"href":"https:\/\/www.researchturkey.org\/tr\/wp-json\/wp\/v2\/posts\/7513"}],"collection":[{"href":"https:\/\/www.researchturkey.org\/tr\/wp-json\/wp\/v2\/posts"}],"about":[{"href":"https:\/\/www.researchturkey.org\/tr\/wp-json\/wp\/v2\/types\/post"}],"author":[{"embeddable":true,"href":"https:\/\/www.researchturkey.org\/tr\/wp-json\/wp\/v2\/users\/184"}],"replies":[{"embeddable":true,"href":"https:\/\/www.researchturkey.org\/tr\/wp-json\/wp\/v2\/comments?post=7513"}],"version-history":[{"count":2,"href":"https:\/\/www.researchturkey.org\/tr\/wp-json\/wp\/v2\/posts\/7513\/revisions"}],"predecessor-version":[{"id":9629,"href":"https:\/\/www.researchturkey.org\/tr\/wp-json\/wp\/v2\/posts\/7513\/revisions\/9629"}],"wp:featuredmedia":[{"embeddable":true,"href":"https:\/\/www.researchturkey.org\/tr\/wp-json\/wp\/v2\/media\/7754"}],"wp:attachment":[{"href":"https:\/\/www.researchturkey.org\/tr\/wp-json\/wp\/v2\/media?parent=7513"}],"wp:term":[{"taxonomy":"category","embeddable":true,"href":"https:\/\/www.researchturkey.org\/tr\/wp-json\/wp\/v2\/categories?post=7513"},{"taxonomy":"post_tag","embeddable":true,"href":"https:\/\/www.researchturkey.org\/tr\/wp-json\/wp\/v2\/tags?post=7513"}],"curies":[{"name":"wp","href":"https:\/\/api.w.org\/{rel}","templated":true}]}}