{"id":7515,"date":"2012-08-30T15:09:26","date_gmt":"2012-08-30T12:09:26","guid":{"rendered":"http:\/\/www.researchturkey.org\/?p=7515"},"modified":"2022-09-27T19:42:29","modified_gmt":"2022-09-27T16:42:29","slug":"middle-eastern-congress-on-politics-and-society-conference","status":"publish","type":"post","link":"https:\/\/www.researchturkey.org\/tr\/middle-eastern-congress-on-politics-and-society-conference\/","title":{"rendered":"Ortado\u011fu Politika ve Toplum Kongresi"},"content":{"rendered":"<p><!--:en--><\/p>\n<p align=\"center\">\n<p align=\"center\"><em>9-11 Ekim 2012<\/em><\/p>\n<p align=\"center\"><em>Sakarya, T\u00fcrkiye<\/em><\/p>\n<p align=\"center\"><em>Internet adresi: <\/em><a href=\"http:\/\/www.ortadogu.sakarya.edu.tr\/Default.aspx?id=1&amp;dil=en\" target=\"_blank\" rel=\"noopener\"><em>http:\/\/www.ortadogu.sakarya.edu.tr\/Default.aspx?id=1&amp;dil=en<\/em><\/a><\/p>\n<p align=\"center\"><em>\u0130lgili ki\u015fi: \u0130smail Numan Telci<\/em><em>\u00a0<\/em><\/p>\n<p align=\"center\"><em>Sakarya \u00dcniversitesi, Ortado\u011fu\u2019da ya\u015fananlar\u0131 derinlemesine incelemek amac\u0131yla t\u00fcm akademisyenleri Ortado\u011fu Politika ve Toplum Kongresi kapsam\u0131ndaki panel ve konferanslara kat\u0131lmaya \u00e7a\u011f\u0131r\u0131yor. Konferanslarda \u0130ngilizce, Arap\u00e7a ve T\u00fcrk\u00e7e simultane \u00e7eviri yap\u0131lacakt\u0131r.<\/em><\/p>\n<p style=\"text-align: justify;\" align=\"center\">A\u00e7\u0131l\u0131\u015f konu\u015fmas\u0131n\u0131 T.C. D\u0131\u015fi\u015fleri Bakan\u0131 Ahmet Davuto\u011flu\u2019nun yapaca\u011f\u0131 Kongre\u2019de Prof.\u00a0Mohammed Ayoob,\u00a0Prof. Anoush Ehteshami, Prof. Udo Steinbach,\u00a0Prof. Amr Hamzawy, Gideon Levy\u00a0ve Abdulbari Atwan kat\u0131l\u0131mc\u0131 olarak yer alacaklard\u0131r.<\/p>\n<p><!--:--><!--:tr--><\/p>\n<p><!--:--><\/p>\n","protected":false},"excerpt":{"rendered":"<p>9-11 Ekim 2012 Sakarya, T\u00fcrkiye Internet adresi: http:\/\/www.ortadogu.sakarya.edu.tr\/Default.aspx?id=1&amp;dil=en \u0130lgili ki\u015fi: \u0130smail Numan Telci\u00a0 Sakarya \u00dcniversitesi, Ortado\u011fu\u2019da ya\u015fananlar\u0131 derinlemesine incelemek amac\u0131yla t\u00fcm akademisyenleri Ortado\u011fu Politika ve Toplum Kongresi kapsam\u0131ndaki panel ve konferanslara kat\u0131lmaya \u00e7a\u011f\u0131r\u0131yor. Konferanslarda \u0130ngilizce, Arap\u00e7a ve T\u00fcrk\u00e7e simultane \u00e7eviri yap\u0131lacakt\u0131r. A\u00e7\u0131l\u0131\u015f konu\u015fmas\u0131n\u0131 T.C. D\u0131\u015fi\u015fleri Bakan\u0131 Ahmet Davuto\u011flu\u2019nun yapaca\u011f\u0131 Kongre\u2019de Prof.\u00a0Mohammed Ayoob,\u00a0Prof. Anoush Ehteshami, Prof. [&hellip;]<\/p>\n","protected":false},"author":184,"featured_media":7754,"comment_status":"open","ping_status":"open","sticky":false,"template":"","format":"standard","meta":{"footnotes":""},"categories":[213],"tags":[205,206,283,208],"_links":{"self":[{"href":"https:\/\/www.researchturkey.org\/tr\/wp-json\/wp\/v2\/posts\/7515"}],"collection":[{"href":"https:\/\/www.researchturkey.org\/tr\/wp-json\/wp\/v2\/posts"}],"about":[{"href":"https:\/\/www.researchturkey.org\/tr\/wp-json\/wp\/v2\/types\/post"}],"author":[{"embeddable":true,"href":"https:\/\/www.researchturkey.org\/tr\/wp-json\/wp\/v2\/users\/184"}],"replies":[{"embeddable":true,"href":"https:\/\/www.researchturkey.org\/tr\/wp-json\/wp\/v2\/comments?post=7515"}],"version-history":[{"count":2,"href":"https:\/\/www.researchturkey.org\/tr\/wp-json\/wp\/v2\/posts\/7515\/revisions"}],"predecessor-version":[{"id":9622,"href":"https:\/\/www.researchturkey.org\/tr\/wp-json\/wp\/v2\/posts\/7515\/revisions\/9622"}],"wp:featuredmedia":[{"embeddable":true,"href":"https:\/\/www.researchturkey.org\/tr\/wp-json\/wp\/v2\/media\/7754"}],"wp:attachment":[{"href":"https:\/\/www.researchturkey.org\/tr\/wp-json\/wp\/v2\/media?parent=7515"}],"wp:term":[{"taxonomy":"category","embeddable":true,"href":"https:\/\/www.researchturkey.org\/tr\/wp-json\/wp\/v2\/categories?post=7515"},{"taxonomy":"post_tag","embeddable":true,"href":"https:\/\/www.researchturkey.org\/tr\/wp-json\/wp\/v2\/tags?post=7515"}],"curies":[{"name":"wp","href":"https:\/\/api.w.org\/{rel}","templated":true}]}}