{"id":7516,"date":"2012-08-28T20:46:50","date_gmt":"2012-08-28T17:46:50","guid":{"rendered":"http:\/\/www.researchturkey.org\/spatial-transformations-in-istanbul\/"},"modified":"2022-04-10T16:48:32","modified_gmt":"2022-04-10T13:48:32","slug":"spatial-transformations-in-istanbul","status":"publish","type":"post","link":"https:\/\/www.researchturkey.org\/tr\/spatial-transformations-in-istanbul\/","title":{"rendered":"\u0130stanbul\u2019da Mekansal D\u00f6n\u00fc\u015f\u00fcmler"},"content":{"rendered":"<p><!--:en--><\/p>\n<p style=\"text-align: justify;\">2011 y\u0131l\u0131n\u0131n ilkbahar\u0131nda, T\u00fcrkiye Cumhuriyeti Ba\u015fbakan\u0131 Erdo\u011fan, bir bas\u0131n toplant\u0131s\u0131 d\u00fczenledi ve ikinci bir bo\u011faz kanal\u0131 in\u015faat\u0131na dair planlar\u0131n\u0131 halka, kendi standartlar\u0131 i\u00e7in bile olduk\u00e7a s\u00fcsl\u00fc ve g\u00f6steri\u015fli bir konu\u015fmayla duyurmu\u015f oldu. \u0130hti\u015fam ve delili\u011fin adeta e\u015fle\u015fmi\u015f hali olan bu kanal -50 kilometre uzunlu\u011funda, 150 metre geni\u015fli\u011finde ve 25 metre derinli\u011finde- Cumhuriyet\u2019in 100. Y\u0131ld\u00f6n\u00fcm\u00fc olan 2023\u2019te tamamlanm\u0131\u015f olacak.<\/p>\n<p style=\"text-align: justify;\"><a href=\"\/subscribe\">devam\u0131 i\u00e7in t\u0131klay\u0131n\u0131z<\/a><\/p>\n<p style=\"text-align: justify;\">\n<p><!--:--><!--:tr--><\/p>\n<p><!--:--><\/p>\n","protected":false},"excerpt":{"rendered":"<p>2011 y\u0131l\u0131n\u0131n ilkbahar\u0131nda, T\u00fcrkiye Cumhuriyeti Ba\u015fbakan\u0131 Erdo\u011fan, bir bas\u0131n toplant\u0131s\u0131 d\u00fczenledi ve ikinci bir bo\u011faz kanal\u0131 in\u015faat\u0131na dair planlar\u0131n\u0131 halka, kendi standartlar\u0131 i\u00e7in bile olduk\u00e7a s\u00fcsl\u00fc ve g\u00f6steri\u015fli bir konu\u015fmayla duyurmu\u015f oldu. \u0130hti\u015fam ve delili\u011fin adeta e\u015fle\u015fmi\u015f hali olan bu kanal -50 kilometre uzunlu\u011funda, 150 metre geni\u015fli\u011finde ve 25 metre derinli\u011finde- Cumhuriyet\u2019in 100. Y\u0131ld\u00f6n\u00fcm\u00fc olan [&hellip;]<\/p>\n","protected":false},"author":181,"featured_media":8214,"comment_status":"open","ping_status":"open","sticky":false,"template":"","format":"standard","meta":{"footnotes":""},"categories":[280],"tags":[205,206,207,208],"_links":{"self":[{"href":"https:\/\/www.researchturkey.org\/tr\/wp-json\/wp\/v2\/posts\/7516"}],"collection":[{"href":"https:\/\/www.researchturkey.org\/tr\/wp-json\/wp\/v2\/posts"}],"about":[{"href":"https:\/\/www.researchturkey.org\/tr\/wp-json\/wp\/v2\/types\/post"}],"author":[{"embeddable":true,"href":"https:\/\/www.researchturkey.org\/tr\/wp-json\/wp\/v2\/users\/181"}],"replies":[{"embeddable":true,"href":"https:\/\/www.researchturkey.org\/tr\/wp-json\/wp\/v2\/comments?post=7516"}],"version-history":[{"count":2,"href":"https:\/\/www.researchturkey.org\/tr\/wp-json\/wp\/v2\/posts\/7516\/revisions"}],"predecessor-version":[{"id":8217,"href":"https:\/\/www.researchturkey.org\/tr\/wp-json\/wp\/v2\/posts\/7516\/revisions\/8217"}],"wp:featuredmedia":[{"embeddable":true,"href":"https:\/\/www.researchturkey.org\/tr\/wp-json\/wp\/v2\/media\/8214"}],"wp:attachment":[{"href":"https:\/\/www.researchturkey.org\/tr\/wp-json\/wp\/v2\/media?parent=7516"}],"wp:term":[{"taxonomy":"category","embeddable":true,"href":"https:\/\/www.researchturkey.org\/tr\/wp-json\/wp\/v2\/categories?post=7516"},{"taxonomy":"post_tag","embeddable":true,"href":"https:\/\/www.researchturkey.org\/tr\/wp-json\/wp\/v2\/tags?post=7516"}],"curies":[{"name":"wp","href":"https:\/\/api.w.org\/{rel}","templated":true}]}}