{"id":7536,"date":"2012-05-26T10:14:03","date_gmt":"2012-05-26T07:14:03","guid":{"rendered":"http:\/\/www.researchturkey.org\/?p=7536"},"modified":"2022-08-25T18:10:02","modified_gmt":"2022-08-25T15:10:02","slug":"want-to-join-researchturkey-team","status":"publish","type":"post","link":"https:\/\/www.researchturkey.org\/tr\/want-to-join-researchturkey-team\/","title":{"rendered":"AnalizT\u00fcrkiye Ekibine Kat\u0131lmak \u0130ster misiniz?"},"content":{"rendered":"<p><!--:en--><\/p>\n<p style=\"text-align: justify;\"><strong>AnalizT\u00fcrkiye <\/strong><strong>gen\u00e7 ve dinamik yeni<\/strong> <strong>ekip arkada\u015flar\u0131 ar\u0131yor!<\/strong><\/p>\n<p style=\"text-align: justify;\"><strong>T\u00fcrkiye Politika ve Ara\u015ft\u0131rma Merkezi (AnalizT\u00fcrkiye)<\/strong>\u00a0temel olarak g\u00fcn\u00fcm\u00fcz T\u00fcrkiye\u2019sine odaklanan, politika analizi ve ara\u015ft\u0131rmalara adanm\u0131\u015f ba\u011f\u0131ms\u0131z ve kar amac\u0131 g\u00fctmeyen bir kurumdur. K\u0131sa ele\u015ftiri yaz\u0131lar\u0131, siyasi, ekonomik ve toplumsal analizler, r\u00f6portajlar, ara\u015ft\u0131rma raporlar\u0131 ve yorumlardan olu\u015fan geni\u015f bir yelpazeden yay\u0131n t\u00fcrlerini payla\u015fmay\u0131 ama\u00e7lar. Disiplinler aras\u0131 e\u011filimleri takip etmeyi ve hem T\u00fcrkiye\u2019yi hem de k\u00fcresel d\u00fcnyay\u0131 farkl\u0131 bak\u0131\u015f a\u00e7\u0131lar\u0131ndan incelemeyi hedefler. Medyadaki farkl\u0131 perspektifleri homojenle\u015ftirme ve karma\u015f\u0131k siyasi ve toplumsal ger\u00e7eklikleri basite indirgeme e\u011filimine kar\u015f\u0131, k\u00fcresel ba\u011flam\u0131 i\u00e7inde T\u00fcrkiye\u2019nin b\u00fct\u00fcnl\u00fckl\u00fc ve \u00e7ok boyutlu bir kavray\u0131\u015f\u0131na hizmet edecek bir kuramsal ve siyasi \u00e7o\u011fulculu\u011fu \u00f6ne \u00e7\u0131kar\u0131r. AnalizT\u00fcrkiye Londra merkezli bir kurulu\u015f olup ayn\u0131 zamanda ResearchTurkey ad\u0131yla da yurtd\u0131\u015f\u0131nda faaliyet g\u00f6stermekte, t\u00fcm i\u00e7eriklerini hem \u0130ngilizce hem de T\u00fcrk\u00e7e olarak yay\u0131nlamaktad\u0131r. Kurum \u00e7al\u0131\u015fmalar\u0131 ve faaliyetlerine \u015fu adreslerden ula\u015fabilirsiniz: <a href=\"http:\/\/www.researchturkey.org\/dev\/\">www.researchturkey.org<\/a> ve <a href=\"http:\/\/www.analizturkiye.com\/\">www.analizturkiye.com<\/a><\/p>\n<p style=\"text-align: justify;\">Londra merkezli kurumumuz i\u00e7in yeni ve dinamik tak\u0131m arkada\u015flar\u0131 ar\u0131yoruz. Adaylar \u00e7eviri, proje asistanl\u0131\u011f\u0131, alan ara\u015ft\u0131rmalar\u0131 asistanl\u0131\u011f\u0131, rapor haz\u0131rlama, websitesinde teknik asistanl\u0131k, r\u00f6portaj ve rapor de\u015fifreleme, ulusal\/uluslararas\u0131 konferans ve aktivitelerde g\u00f6rev alma, finans ve reklam b\u00f6l\u00fcm\u00fc asistanl\u0131\u011f\u0131, akademik dergi asistanl\u0131\u011f\u0131 gibi b\u00f6l\u00fcmlerde g\u00f6revlendirilecektir. \u00dcniversitelerin ekonomi, siyaset bilimi, uluslararas\u0131 ili\u015fkiler, ileti\u015fim ve e\u011fitim b\u00f6l\u00fcmlerinde lisans ya da y\u00fcksek lisans \u00f6\u011frencisi olanlara \u00f6ncelik verilecektir. T\u00fcm i\u00e7eriklerini \u0130ngilizce ve T\u00fcrk\u00e7e olarak yay\u0131nlayan bir merkez olarak iyi d\u00fczeyde \u0130ngilizce bilen adaylar\u0131 \u00f6ncelikli olarak tercih edece\u011fiz.\u00a0 Ancak sadece T\u00fcrk\u00e7e veya \u0130ngilizce d\u0131\u015f\u0131ndaki dillere h\u00e2kim olan adaylar\u0131n da yeteneklerine g\u00f6re \u00e7e\u015fitli b\u00f6l\u00fcmlerde g\u00f6revlendirilmek \u00fczere ba\u015fvurular\u0131 kabul edilecektir. Adaylar\u0131n \u00f6zge\u00e7mi\u015flerini ve neden AnalizT\u00fcrkiye\u2019nin bir par\u00e7as\u0131 olmak istekleri ile ilgili k\u0131sa \u00f6n yaz\u0131lar\u0131n\u0131 (en fazla 500 kelime) <a href=\"mailto:info@researchturkey.org\">info@researchturkey.org<\/a> adresine g\u00f6ndermeleri gerekmektedir. Yap\u0131lan \u00f6n elemenin ard\u0131ndan ba\u015far\u0131l\u0131 bulunan adaylarla irtibata ge\u00e7ilecek ve se\u00e7ilen adaylar m\u00fclakata tabi tutulacakt\u0131r.<\/p>\n<p><!--:--><!--:tr--><\/p>\n<p><!--:--><\/p>\n","protected":false},"excerpt":{"rendered":"<p>AnalizT\u00fcrkiye gen\u00e7 ve dinamik yeni ekip arkada\u015flar\u0131 ar\u0131yor! T\u00fcrkiye Politika ve Ara\u015ft\u0131rma Merkezi (AnalizT\u00fcrkiye)\u00a0temel olarak g\u00fcn\u00fcm\u00fcz T\u00fcrkiye\u2019sine odaklanan, politika analizi ve ara\u015ft\u0131rmalara adanm\u0131\u015f ba\u011f\u0131ms\u0131z ve kar amac\u0131 g\u00fctmeyen bir kurumdur. K\u0131sa ele\u015ftiri yaz\u0131lar\u0131, siyasi, ekonomik ve toplumsal analizler, r\u00f6portajlar, ara\u015ft\u0131rma raporlar\u0131 ve yorumlardan olu\u015fan geni\u015f bir yelpazeden yay\u0131n t\u00fcrlerini payla\u015fmay\u0131 ama\u00e7lar. Disiplinler aras\u0131 e\u011filimleri takip [&hellip;]<\/p>\n","protected":false},"author":184,"featured_media":7754,"comment_status":"open","ping_status":"open","sticky":false,"template":"","format":"standard","meta":{"footnotes":""},"categories":[213],"tags":[206,283],"_links":{"self":[{"href":"https:\/\/www.researchturkey.org\/tr\/wp-json\/wp\/v2\/posts\/7536"}],"collection":[{"href":"https:\/\/www.researchturkey.org\/tr\/wp-json\/wp\/v2\/posts"}],"about":[{"href":"https:\/\/www.researchturkey.org\/tr\/wp-json\/wp\/v2\/types\/post"}],"author":[{"embeddable":true,"href":"https:\/\/www.researchturkey.org\/tr\/wp-json\/wp\/v2\/users\/184"}],"replies":[{"embeddable":true,"href":"https:\/\/www.researchturkey.org\/tr\/wp-json\/wp\/v2\/comments?post=7536"}],"version-history":[{"count":2,"href":"https:\/\/www.researchturkey.org\/tr\/wp-json\/wp\/v2\/posts\/7536\/revisions"}],"predecessor-version":[{"id":9367,"href":"https:\/\/www.researchturkey.org\/tr\/wp-json\/wp\/v2\/posts\/7536\/revisions\/9367"}],"wp:featuredmedia":[{"embeddable":true,"href":"https:\/\/www.researchturkey.org\/tr\/wp-json\/wp\/v2\/media\/7754"}],"wp:attachment":[{"href":"https:\/\/www.researchturkey.org\/tr\/wp-json\/wp\/v2\/media?parent=7536"}],"wp:term":[{"taxonomy":"category","embeddable":true,"href":"https:\/\/www.researchturkey.org\/tr\/wp-json\/wp\/v2\/categories?post=7536"},{"taxonomy":"post_tag","embeddable":true,"href":"https:\/\/www.researchturkey.org\/tr\/wp-json\/wp\/v2\/tags?post=7536"}],"curies":[{"name":"wp","href":"https:\/\/api.w.org\/{rel}","templated":true}]}}