{"id":7538,"date":"2012-05-23T22:27:21","date_gmt":"2012-05-23T19:27:21","guid":{"rendered":"http:\/\/www.researchturkey.org\/?p=7538"},"modified":"2022-08-25T18:04:28","modified_gmt":"2022-08-25T15:04:28","slug":"local-and-regional-administration-in-the-new-constitution","status":"publish","type":"post","link":"https:\/\/www.researchturkey.org\/tr\/local-and-regional-administration-in-the-new-constitution\/","title":{"rendered":"Yeni Anayasada Yerel ve B\u00f6lgesel Y\u00f6netim"},"content":{"rendered":"<p>\u2018Yeni Anayasada Yerel ve B\u00f6lgesel Y\u00f6netim\u2019 konferans\u0131 T\u00fcrkiye Ekonomik ve Sosyal Et\u00fcdler Vakf\u0131 (TESEV) taraf\u0131ndan d\u00fczenlenmektedir.<br \/>\n<strong>Tarih:<\/strong> 9 Haziran 2012, Cumartesi<br \/>\n<strong>Saat:<\/strong> 10.30<br \/>\n<strong>Yer:<\/strong> Nippon Hotel, Top\u00e7u Caddesi No: 6 34437, Taksim\/Istanbul, T\u00fcrkiye.<br \/>\n<strong>Konferans Program\u0131:<\/strong><br \/>\n10.30-11.00\u00a0\u00a0\u00a0\u00a0\u00a0\u00a0\u00a0\u00a0\u00a0\u00a0\u00a0\u00a0\u00a0\u00a0\u00a0\u00a0\u00a0\u00a0\u00a0\u00a0\u00a0\u00a0\u00a0\u00a0 A\u00e7\u0131l\u0131\u015f Konu\u015fmalar\u0131<br \/>\n11.00-12.30\u00a0\u00a0\u00a0\u00a0\u00a0\u00a0\u00a0\u00a0\u00a0\u00a0\u00a0\u00a0\u00a0\u00a0\u00a0\u00a0\u00a0\u00a0\u00a0\u00a0\u00a0\u00a0\u00a0\u00a0 Prof. Dr. Oktay Uygun<br \/>\n\u2018Yeni Anayasada Yerel ve B\u00f6lgesel Y\u00f6netim\u2019 raporunun sunumu<br \/>\n12.30-13.30\u00a0\u00a0\u00a0\u00a0\u00a0\u00a0\u00a0\u00a0\u00a0\u00a0\u00a0\u00a0\u00a0\u00a0\u00a0\u00a0\u00a0\u00a0\u00a0\u00a0\u00a0\u00a0\u00a0\u00a0 \u00d6\u011fle Yeme\u011fi<br \/>\n13.30-15.00\u00a0\u00a0\u00a0\u00a0\u00a0\u00a0\u00a0\u00a0\u00a0\u00a0\u00a0\u00a0\u00a0\u00a0\u00a0\u00a0\u00a0\u00a0\u00a0\u00a0\u00a0\u00a0\u00a0\u00a0 Moderat\u00f6r: Prof. Dr. Korel G\u00f6ymen<br \/>\nSoru-Cevap ve Yorumlar (1. B\u00f6l\u00fcm)<br \/>\n15.00-15.15\u00a0\u00a0\u00a0\u00a0\u00a0\u00a0\u00a0\u00a0\u00a0\u00a0\u00a0\u00a0\u00a0\u00a0\u00a0\u00a0\u00a0\u00a0\u00a0\u00a0\u00a0\u00a0\u00a0\u00a0 Kahve Aras\u0131<br \/>\n15.15-16.45\u00a0\u00a0\u00a0\u00a0\u00a0\u00a0\u00a0\u00a0\u00a0\u00a0\u00a0\u00a0\u00a0\u00a0\u00a0\u00a0\u00a0\u00a0\u00a0\u00a0\u00a0\u00a0\u00a0\u00a0 Moderat\u00f6r: Prof. Dr. Korel G\u00f6ymen<br \/>\nSoru-Cevap ve Yorumlar (2. B\u00f6l\u00fcm)<\/p>\n<p><strong>Konferans Kay\u0131t ve Bilgi i\u00e7in ileti\u015fim: <\/strong>Emre D\u00f6nmez (TESEV \u0130yi Y\u00f6neti\u015fim Program\u0131 Asistan\u0131)<br \/>\n+90 212 292 89 03 (126)<\/p>\n<p><!--:--><\/p>\n","protected":false},"excerpt":{"rendered":"<p>\u2018Yeni Anayasada Yerel ve B\u00f6lgesel Y\u00f6netim\u2019 konferans\u0131 T\u00fcrkiye Ekonomik ve Sosyal Et\u00fcdler Vakf\u0131 (TESEV) taraf\u0131ndan d\u00fczenlenmektedir. Tarih: 9 Haziran 2012, Cumartesi Saat: 10.30 Yer: Nippon Hotel, Top\u00e7u Caddesi No: 6 34437, Taksim\/Istanbul, T\u00fcrkiye. Konferans Program\u0131: 10.30-11.00\u00a0\u00a0\u00a0\u00a0\u00a0\u00a0\u00a0\u00a0\u00a0\u00a0\u00a0\u00a0\u00a0\u00a0\u00a0\u00a0\u00a0\u00a0\u00a0\u00a0\u00a0\u00a0\u00a0\u00a0 A\u00e7\u0131l\u0131\u015f Konu\u015fmalar\u0131 11.00-12.30\u00a0\u00a0\u00a0\u00a0\u00a0\u00a0\u00a0\u00a0\u00a0\u00a0\u00a0\u00a0\u00a0\u00a0\u00a0\u00a0\u00a0\u00a0\u00a0\u00a0\u00a0\u00a0\u00a0\u00a0 Prof. Dr. Oktay Uygun \u2018Yeni Anayasada Yerel ve B\u00f6lgesel Y\u00f6netim\u2019 raporunun sunumu 12.30-13.30\u00a0\u00a0\u00a0\u00a0\u00a0\u00a0\u00a0\u00a0\u00a0\u00a0\u00a0\u00a0\u00a0\u00a0\u00a0\u00a0\u00a0\u00a0\u00a0\u00a0\u00a0\u00a0\u00a0\u00a0 \u00d6\u011fle Yeme\u011fi 13.30-15.00\u00a0\u00a0\u00a0\u00a0\u00a0\u00a0\u00a0\u00a0\u00a0\u00a0\u00a0\u00a0\u00a0\u00a0\u00a0\u00a0\u00a0\u00a0\u00a0\u00a0\u00a0\u00a0\u00a0\u00a0 [&hellip;]<\/p>\n","protected":false},"author":184,"featured_media":7754,"comment_status":"open","ping_status":"open","sticky":false,"template":"","format":"standard","meta":{"footnotes":""},"categories":[213],"tags":[206,283],"_links":{"self":[{"href":"https:\/\/www.researchturkey.org\/tr\/wp-json\/wp\/v2\/posts\/7538"}],"collection":[{"href":"https:\/\/www.researchturkey.org\/tr\/wp-json\/wp\/v2\/posts"}],"about":[{"href":"https:\/\/www.researchturkey.org\/tr\/wp-json\/wp\/v2\/types\/post"}],"author":[{"embeddable":true,"href":"https:\/\/www.researchturkey.org\/tr\/wp-json\/wp\/v2\/users\/184"}],"replies":[{"embeddable":true,"href":"https:\/\/www.researchturkey.org\/tr\/wp-json\/wp\/v2\/comments?post=7538"}],"version-history":[{"count":2,"href":"https:\/\/www.researchturkey.org\/tr\/wp-json\/wp\/v2\/posts\/7538\/revisions"}],"predecessor-version":[{"id":9363,"href":"https:\/\/www.researchturkey.org\/tr\/wp-json\/wp\/v2\/posts\/7538\/revisions\/9363"}],"wp:featuredmedia":[{"embeddable":true,"href":"https:\/\/www.researchturkey.org\/tr\/wp-json\/wp\/v2\/media\/7754"}],"wp:attachment":[{"href":"https:\/\/www.researchturkey.org\/tr\/wp-json\/wp\/v2\/media?parent=7538"}],"wp:term":[{"taxonomy":"category","embeddable":true,"href":"https:\/\/www.researchturkey.org\/tr\/wp-json\/wp\/v2\/categories?post=7538"},{"taxonomy":"post_tag","embeddable":true,"href":"https:\/\/www.researchturkey.org\/tr\/wp-json\/wp\/v2\/tags?post=7538"}],"curies":[{"name":"wp","href":"https:\/\/api.w.org\/{rel}","templated":true}]}}