{"id":7539,"date":"2012-05-21T15:21:23","date_gmt":"2012-05-21T12:21:23","guid":{"rendered":"http:\/\/www.researchturkey.org\/?p=7539"},"modified":"2022-08-25T17:57:48","modified_gmt":"2022-08-25T14:57:48","slug":"regulated-global-markets-an-impossible-dream","status":"publish","type":"post","link":"https:\/\/www.researchturkey.org\/tr\/regulated-global-markets-an-impossible-dream\/","title":{"rendered":"Reg\u00fcle Edilen K\u00fcresel Pazarlar: \u0130mkans\u0131z bir hayal mi?"},"content":{"rendered":"<p><!--:en--><\/p>\n<p>&nbsp;<\/p>\n<p style=\"text-align: justify;\">\u2018Reg\u00fcle Edilen K\u00fcresel Pazarlar: \u0130mkans\u0131z bir hayal mi?\u2019 konferans\u0131 The Federal Trust, the Konrad Adenauer Foundation ve the Global Policy Institute taraf\u0131ndan ortakla\u015fa d\u00fczenlenmektedir.<\/p>\n<p><strong>Tarih:<\/strong>\u00a013 Haziran 2012, \u00c7ar\u015famba<br \/>\n<strong>Saat:<\/strong>\u00a018.00-20.00<br \/>\n<strong>Yer:<\/strong>\u00a0<strong>National Liberal Club, Whitehall Place<\/strong>\u00a0<strong>Londra SW1A 2HE, Birle\u015fik Krall\u0131k<\/strong><\/p>\n<p style=\"text-align: justify;\"><strong>Konferans G\u00fcndemi:<\/strong>\u00a0Bu konferans\u0131n ana g\u00fcndem maddesi mali piyasalar\u0131n d\u00fczenlemesi olacakt\u0131r. D\u00fczenlemeler i\u00e7inde bulundu\u011fumuzun benzeri krizleri \u00f6nleyebilir mi? Hangi tip d\u00fczenlemeler etkilidir? Hangi pazar hareketleri d\u00fczenleyici \u00e7er\u00e7eveye dahil olmal\u0131d\u0131r? Bu ve bunun benzeri konular, mali piyasalar\u0131n temsilcileri olan konu\u015fmac\u0131lar taraf\u0131ndan tart\u0131\u015f\u0131lacakt\u0131r.<\/p>\n<p><strong>Konu\u015fmac\u0131lar:<\/strong><br \/>\n<strong>Stephen Barber<\/strong>, South Bank \u00dcniversitesi \u00d6\u011fretim \u00dcyesi ve\u00a0<em>&#8216;Tragedy of Riches\u2019in yazar\u0131<\/em><br \/>\n<strong>Richard Bassett<\/strong><strong>,<\/strong>\u00a0West LB \u0130cra Direkt\u00f6r\u00fc ve\u00a0<em>&#8216;Restoring Confidence in the Financial Markets&#8217;\u0131n yazar\u0131<\/em><br \/>\n<strong>Thomas Nienaber<\/strong><strong>,<\/strong>\u00a0Arrowgrass Capital Partners Portfolyo Y\u00f6neticisi<em>\u00a0<\/em><br \/>\n<strong>Frederick Studemann-Schulenburg<\/strong>, Financial Times\u00a0 Analiz Edit\u00f6r\u00fc (Oturum Ba\u015fkan\u0131)<br \/>\n<strong>\u00a0<\/strong><br \/>\n<strong>LCV:<\/strong>\u00a0Alison Sutherland\u00a0<a href=\"mailto:alison.sutherland@fedtrust.co.uk\">alison.sutherland@fedtrust.co.uk<\/a><\/p>\n","protected":false},"excerpt":{"rendered":"<p>&nbsp; \u2018Reg\u00fcle Edilen K\u00fcresel Pazarlar: \u0130mkans\u0131z bir hayal mi?\u2019 konferans\u0131 The Federal Trust, the Konrad Adenauer Foundation ve the Global Policy Institute taraf\u0131ndan ortakla\u015fa d\u00fczenlenmektedir. Tarih:\u00a013 Haziran 2012, \u00c7ar\u015famba Saat:\u00a018.00-20.00 Yer:\u00a0National Liberal Club, Whitehall Place\u00a0Londra SW1A 2HE, Birle\u015fik Krall\u0131k Konferans G\u00fcndemi:\u00a0Bu konferans\u0131n ana g\u00fcndem maddesi mali piyasalar\u0131n d\u00fczenlemesi olacakt\u0131r. D\u00fczenlemeler i\u00e7inde bulundu\u011fumuzun benzeri krizleri \u00f6nleyebilir [&hellip;]<\/p>\n","protected":false},"author":184,"featured_media":7754,"comment_status":"open","ping_status":"open","sticky":false,"template":"","format":"standard","meta":{"footnotes":""},"categories":[213],"tags":[205,206,283],"_links":{"self":[{"href":"https:\/\/www.researchturkey.org\/tr\/wp-json\/wp\/v2\/posts\/7539"}],"collection":[{"href":"https:\/\/www.researchturkey.org\/tr\/wp-json\/wp\/v2\/posts"}],"about":[{"href":"https:\/\/www.researchturkey.org\/tr\/wp-json\/wp\/v2\/types\/post"}],"author":[{"embeddable":true,"href":"https:\/\/www.researchturkey.org\/tr\/wp-json\/wp\/v2\/users\/184"}],"replies":[{"embeddable":true,"href":"https:\/\/www.researchturkey.org\/tr\/wp-json\/wp\/v2\/comments?post=7539"}],"version-history":[{"count":2,"href":"https:\/\/www.researchturkey.org\/tr\/wp-json\/wp\/v2\/posts\/7539\/revisions"}],"predecessor-version":[{"id":9359,"href":"https:\/\/www.researchturkey.org\/tr\/wp-json\/wp\/v2\/posts\/7539\/revisions\/9359"}],"wp:featuredmedia":[{"embeddable":true,"href":"https:\/\/www.researchturkey.org\/tr\/wp-json\/wp\/v2\/media\/7754"}],"wp:attachment":[{"href":"https:\/\/www.researchturkey.org\/tr\/wp-json\/wp\/v2\/media?parent=7539"}],"wp:term":[{"taxonomy":"category","embeddable":true,"href":"https:\/\/www.researchturkey.org\/tr\/wp-json\/wp\/v2\/categories?post=7539"},{"taxonomy":"post_tag","embeddable":true,"href":"https:\/\/www.researchturkey.org\/tr\/wp-json\/wp\/v2\/tags?post=7539"}],"curies":[{"name":"wp","href":"https:\/\/api.w.org\/{rel}","templated":true}]}}