{"id":7540,"date":"2012-05-21T13:05:35","date_gmt":"2012-05-21T10:05:35","guid":{"rendered":"http:\/\/www.researchturkey.org\/ilhan-cihaner-interview\/"},"modified":"2022-06-09T00:32:01","modified_gmt":"2022-06-08T21:32:01","slug":"ilhan-cihaner-interview","status":"publish","type":"post","link":"https:\/\/www.researchturkey.org\/tr\/ilhan-cihaner-interview\/","title":{"rendered":"Say\u0131n \u0130lhan Cihaner ile R\u00f6portaj: \u201cT\u00fcrkiye\u2019de Siyasi G\u00f6r\u00fcn\u00fcm, Adalet Sorunu ve Medya Eti\u011fi\u201d"},"content":{"rendered":"<p><!--:en--><\/p>\n<p><strong>Say\u0131n \u0130lhan Cihaner, Erzincan Cumhuriyet Ba\u015fsavc\u0131s\u0131yken y\u00fcr\u00fctt\u00fc\u011f\u00fc soru\u015fturmalar\u0131n ard\u0131ndan Ergenekon Ter\u00f6r \u00d6rg\u00fct\u00fc\u2019ne \u00fcye olmak su\u00e7uyla i\u00e7eri al\u0131nd\u0131. Uzun bir tutukluluk s\u00fcrecinin ard\u0131ndan sal\u0131verildi. \u015eimdi CHP\u2019den milletvekilli. Analiz T\u00fcrkiye olarak kendisiyle siyasetin genel g\u00f6r\u00fcn\u00fcm\u00fc, siyasete ilerleyen s\u00fcreci de\u011ferlendirdik.<\/strong><\/p>\n<p><strong>Savc\u0131l\u0131ktan meclise giden s\u00fcre\u00e7 nas\u0131l ilerledi? Bu s\u00fcreci k\u0131saca \u00f6zetleyebilir misiniz?<\/strong><\/p>\n<p>Asl\u0131nda \u00f6zetlenecek bir s\u00fcre\u00e7 de\u011fil. En son Adana Cumhuriyet Savc\u0131s\u0131\u2019yken istifa ettim. \u00d6ncesinde Erzincan Cumhuriyet Ba\u015fsavc\u0131s\u0131yken bir soru\u015fturma ba\u015flatt\u0131m. Son soru\u015fturmam H\u00fck\u00fcmet\u2019in ya da Adalet Bakanl\u0131\u011f\u0131\u2019n\u0131n ho\u015funa gitmeyen tek soru\u015fturma de\u011fildi. Toplum daha \u00e7ok \u0130smail A\u011fa ve G\u00fclen cemaati ile ilgili ba\u015flatt\u0131\u011f\u0131m soru\u015fturmay\u0131 biliyor. Ancak o soru\u015fturma bir noktadan sonra \u0130smail A\u011fa ve benzeri cemaatlerden \u2013 yani yurtta\u015flardan izinsiz yard\u0131m toplayan, yard\u0131m toplama kanuna ayk\u0131r\u0131 \u015fekilde ve doland\u0131r\u0131c\u0131l\u0131k gibi g\u00f6r\u00fclebilecek, izinsiz e\u011fitim kurumu a\u00e7an ba\u015fka benzer yap\u0131lanmalara do\u011fru ilerledi. Yani soru\u015fturma s\u00fcreci, \u0130smail A\u011fa Cemaati ile ba\u015flad\u0131 ama Fethullah G\u00fclen Grubu\u2019na, benzer \u015fekilde davranan S\u00fcleymanc\u0131lar gibi gruplara do\u011fru da geni\u015fledi.<\/p>\n<p>&nbsp;<\/p>\n<p><strong>Peki soru\u015fturman\u0131zda, \u0130smail A\u011fa Cemaati Fethullah G\u00fclen Cemaati\u2019nin alt\u0131nda m\u0131yd\u0131 ya da ortaya \u00e7\u0131kard\u0131\u011f\u0131n\u0131z ba\u011flant\u0131lar\u0131 oldu mu?<\/strong><\/p>\n<p>Soru\u015fturman\u0131n o a\u015famas\u0131nda aralar\u0131nda organik bir ili\u015fki oldu\u011funa dair delil yoktu. Birbirine benzer faaliyetlerin y\u00fcr\u00fct\u00fcld\u00fc\u011f\u00fcn\u00fc \u0130smail A\u011fa Cemaati soru\u015fturmas\u0131ndaki bir tak\u0131m delillerden anlam\u0131\u015ft\u0131m ama birbirleriyle ba\u011flant\u0131l\u0131 olduklar\u0131 ya da bir organizasyon i\u00e7inde bulunduklar\u0131na dair bir delil yoktu. Kald\u0131 ki, soru\u015fturma hen\u00fcz ba\u015flam\u0131\u015ft\u0131. Ayn\u0131 d\u00f6nemde, Erzincan \u0130li\u00e7\u2019te, e\u015f zamanl\u0131 giden bir alt\u0131n madeni soru\u015fturmas\u0131 vard\u0131. O soru\u015fturmada, benim talimat\u0131mla, oradaki Cumhuriyet Savc\u0131s\u0131 taraf\u0131ndan ba\u015flat\u0131lm\u0131\u015ft\u0131 \u2013 ona iletilen bir \u015fik\u00e2yet mektubunu \u2013 daha do\u011frusu yerel gazetede \u00e7\u0131kan haberleri ele alarak soru\u015fturma a\u00e7mas\u0131n\u0131 talep etmi\u015ftim. O soru\u015fturma \u00e7ok \u00f6nemliydi \u00e7\u00fcnk\u00fc bir m\u00fcddet sonra oradaki alt\u0131n madeni nedeniyle baz\u0131 kamu g\u00f6revlilerine r\u00fc\u015fvet verdi\u011fi yolunda \u00e7ok ciddi delillere ula\u015ft\u0131m. R\u00fc\u015fvet verdi\u011fi iddia edilenlerden bir tanesinin d\u00f6nemin bakanlardan birisinin yak\u0131n\u0131 oldu\u011fu y\u00f6n\u00fcnde bir tak\u0131m emarelere ula\u015ft\u0131m. Nitekim o soru\u015fturmay\u0131 da Adalet Bakanl\u0131\u011f\u0131 benim elimden al\u0131p m\u00fcfetti\u015flere verdi. Yine \u0130smail A\u011fa soru\u015fturmas\u0131 kapsam\u0131nda, sizin sorunuz o, birka\u00e7 bakan\u0131n su\u00e7 olu\u015fturan eylemler i\u015fledi\u011fine dair emarelere de ula\u015ft\u0131m. Onlar\u0131n d\u0131\u015f\u0131nda, yine e\u015f zamanl\u0131 olarak, ilgin\u00e7 bir \u015fekilde, h\u00fck\u00fcmetin ho\u015funa gitmeyece\u011fini d\u00fc\u015f\u00fcnd\u00fc\u011f\u00fcm birka\u00e7 soru\u015fturma daha vard\u0131. Mesela bunlardan biri, Sivas Olaylar\u0131 ve Mara\u015f Olaylar\u0131 s\u0131ras\u0131nda, civardaki baz\u0131 k\u00f6ylere silah da\u011f\u0131t\u0131ld\u0131\u011f\u0131na dair iddialard\u0131.<\/p>\n<p><strong>S\u0131ras\u0131nda, yani 1978 \u2013 1993 y\u0131llar\u0131n\u0131 m\u0131 kastediyorsunuz?<\/strong><\/p>\n<p>1978 ve 1993 sonras\u0131nda, oradaki k\u00f6ylere baz\u0131 silahlar da\u011f\u0131t\u0131ld\u0131\u011f\u0131 iddias\u0131 vard\u0131 hatta g\u00f6lde bulunan el bombalar\u0131 ve m\u00fchimmat\u0131n y\u00fcksek olas\u0131l\u0131kla o silahlar oldu\u011funu d\u00fc\u015f\u00fcn\u00fcyorum ben.<\/p>\n<p><strong>Hangi g\u00f6ldeki m\u00fchimmatlar\u0131n?<\/strong><\/p>\n<p>Bizim soru\u015fturmam\u0131zda, bir g\u00f6lde askerlere ait oldu\u011fu iddia edilen bir tak\u0131m m\u00fchimmatlar bulundu. Hatta Erzincan\u2019da birka\u00e7 g\u00f6lde bir tak\u0131m el bombalar\u0131 mermiler de bulundu. Bunlar\u0131n baz\u0131lar\u0131n\u0131n tarihi \u00e7ok eskiydi. Bu m\u00fchimmatlar, jandarman\u0131n elinde bulunma ihtimali \u00e7ok olmayan hatta baz\u0131lar\u0131n\u0131n \u00fczerinde Emniyet Genel M\u00fcd\u00fcrl\u00fc\u011f\u00fc\u2019n\u00fcn damgas\u0131 olan m\u00fchimmatlard\u0131. Bunlar\u0131n o d\u00f6nemden kalm\u0131\u015f olabilece\u011fi, o d\u00f6nemde da\u011f\u0131t\u0131lm\u0131\u015f silahlar olabilece\u011fi y\u00f6n\u00fcnde bir \u015f\u00fcphem vard\u0131. Tabi bunlar \u00e7ok soru\u015fturulamad\u0131. O d\u00f6nem elimde b\u00f6yle soru\u015fturmalar vard\u0131. \u00d6zellikle Adalet Bakanl\u0131\u011f\u0131, bu soru\u015fturmalardan \u00e7ok rahats\u0131z oldu. Bu soru\u015fturmalar\u0131n faturas\u0131n\u0131n kendisine \u00e7\u0131kart\u0131laca\u011f\u0131na dair bir rahats\u0131zl\u0131\u011f\u0131 oldu.<\/p>\n<p><strong>Siz o soru\u015fturmalar\u0131 yaparken, \u201cusuls\u00fcz yap\u0131ld\u0131\u011f\u0131 iddia edilen bir kameriye\u201d olay\u0131yla g\u00fcndeme geldiniz\u2026<\/strong><\/p>\n<p>S\u0131rf kameriye de de\u011fil. Soru\u015fturmalar bu \u015fekilde y\u00fcr\u00fcy\u00fcnce Adalet Bakanl\u0131\u011f\u0131 bana m\u00fcfetti\u015fler g\u00f6nderdi. M\u00fcfetti\u015fler g\u00f6rev yapt\u0131\u011f\u0131m s\u00fcre i\u00e7erisinde att\u0131\u011f\u0131m her imzay\u0131, neredeyse g\u00f6r\u00fc\u015ft\u00fc\u011f\u00fcm herkesi, ald\u0131\u011f\u0131m her nefesi incelediler ve asl\u0131nda belediyeden izin al\u0131narak yap\u0131lan, adliye mensuplar\u0131n\u0131n bir k\u0131sm\u0131n\u0131 kendilerinin \u00f6dedikleri kameriyeyi buldular. Onun d\u0131\u015f\u0131nda, asl\u0131nda yine su\u00e7 olmayan, pazartesi ba\u015flayan bir toplant\u0131ya cumartesi u\u00e7a\u011f\u0131yla gitmi\u015fim gibi, b\u00f6yle abuk sabuk gerek\u00e7elerle, hukuk d\u0131\u015f\u0131 iddialar\u0131 g\u00fcndeme getirdiler.<\/p>\n<p><strong>Detaylarla sizi oyalamak gibi mi d\u00fc\u015f\u00fcnd\u00fcn\u00fcz?<\/strong><\/p>\n<p>Aynen \u00f6yle. Hedefe oturtmak. Ancak t\u00fcm bunlara ra\u011fmen ben soru\u015fturmaya devam edince onlar da beni ve soru\u015fturmalar\u0131 durdurmak i\u00e7in ba\u015fka bir y\u00f6ntem daha buldular. \u0130simsiz mektuplarla soru\u015fturman\u0131n Erzurum\u2019a gitmesine \u00e7al\u0131\u015ft\u0131lar ve de soru\u015fturmay\u0131 engellemeye \u00e7al\u0131\u015ft\u0131lar. Adalet Bakanl\u0131\u011f\u0131 da, hatta yarg\u0131lananlar bile dosyan\u0131n Erzurum\u2019a gitmesini istediler.<\/p>\n<p><strong>O d\u00f6nem Adalet Bakan\u0131 kimdi?<\/strong><\/p>\n<p>\u0130lk ba\u015flad\u0131\u011f\u0131m\u0131zda, 2007\u2019de Mehmet Ali \u015eahin\u2019di, daha sonra \u015fimdiki Adalet Bakan\u0131 Sadullah Ergin\u2019di. O d\u00f6nemin soru\u015fturmalar\u0131 b\u00f6yleydi. Erzurum Savc\u0131l\u0131\u011f\u0131, hukuk d\u0131\u015f\u0131 bir s\u00fcre\u00e7 ba\u015flat\u0131p tutuklama olunca kamuoyunun ayr\u0131nt\u0131lar\u0131yla bildi\u011fi s\u00fcre\u00e7 ya\u015fand\u0131.<\/p>\n<p><strong>O d\u00f6nem \u00e7\u0131kan haberlerde kamuoyu sizin bir ter\u00f6r \u00f6rg\u00fct\u00fcne \u00fcye oldu\u011funuzdan neredeyse emindi. \u201cServis edilen\u201d bu haberleri nas\u0131l yorumluyorsunuz?<\/strong><\/p>\n<p>\u015eimdi servis edilen haberlere bakacak olursak, asl\u0131nda hem medya eti\u011fi hem de yarg\u0131 a\u00e7\u0131s\u0131ndan \u00fczerinde durulmas\u0131 gerekir.<\/p>\n<p><strong>\u00d6rne\u011fin duru\u015fman\u0131zda F-16\u2019lar u\u00e7tu gibi sosyal medya bu haber kesin bir bilgi gibi yer ald\u0131.<\/strong><\/p>\n<p>B\u00f6yle bir \u015fey olmad\u0131 tabi ki. \u015eimdi, bunun \u00fczerine \u00e7ok durulmas\u0131 gerek ger\u00e7ekten. Neden? Ben bir soru\u015fturma y\u00fcr\u00fct\u00fcyorum. Bu soru\u015fturmadaki \u015f\u00fcphelilerden birisi, bu haberi yapan gazetelerden birinin sahibi. Yeni \u015eafak Grubu\u2019nun sahibi olan ki\u015fi, benim yapt\u0131\u011f\u0131m soru\u015fturmada \u015f\u00fcpheliydi. \u015eimdi dolay\u0131s\u0131yla, bu ki\u015fiye ait gazetede bu haberlerin yap\u0131lmas\u0131 medya eti\u011fiyle ba\u011fda\u015fm\u0131yor ve tarafl\u0131 haberlerin de gerek\u00e7esini olu\u015fturuyor.<\/p>\n<p><strong>Soru\u015fturdu\u011funuz olaylar ve ard\u0131ndan \u00e7\u0131kan haberler soru\u015fturman\u0131n rahats\u0131zl\u0131k verdi\u011fini g\u00f6steriyor diyebilir miyiz? <\/strong><\/p>\n<p>O haberleri en \u00e7ok Zaman Gazetesi yapt\u0131. Zaman Gazetesi, yine o soru\u015fturman\u0131n konusu olan bir gruba ait oldu\u011fu herkes taraf\u0131ndan bilinen bir gazete. Bu haberler, iki \u00fc\u00e7 gazeteden ba\u015flad\u0131. \u00c7ok \u00e7arp\u0131c\u0131 bir \u00f6rnek var o konuda. Mesela, Yeni \u015eafak Gazetesi and\u0131c\u0131n ikinci uygulama yeri olarak Bursa\u2019y\u0131 g\u00f6sterdi. Tam sayfa bir haber, and\u0131\u00e7 Bursa\u2019da da uyguland\u0131 diye. Oysa anla\u015f\u0131ld\u0131 ki, Ahmet Albayrak hakk\u0131nda orada da y\u00fcr\u00fct\u00fclen bir soru\u015fturma var. Orada da izinsiz kum \u00e7ekme vs. gibi iddialarla haklar\u0131nda bir soru\u015fturma ba\u015flat\u0131lm\u0131\u015f. Oradaki savc\u0131l\u0131\u011f\u0131 da ayn\u0131 y\u00f6ntemlerle y\u0131pratmaya \u00e7al\u0131\u015ft\u0131lar. Ama sonradan Bursa\u2019da and\u0131\u00e7 uyguland\u0131 haberinin tutmayaca\u011f\u0131 anla\u015f\u0131ld\u0131 ve haberin devam\u0131 da gelmedi, tek bir kere yapt\u0131lar bu haberi.<\/p>\n<p><strong>Peki, \u015fu anda Albayrak\u2019lar\u0131n h\u00fck\u00fcmet ile ili\u015fkisi ne durumda, takip ediyor musunuz?<\/strong><\/p>\n<p>O tarz \u00f6zel bir ilgim yok. O d\u00f6nem soru\u015fturma yapt\u0131\u011f\u0131m i\u00e7in bilgi sahibiydim. Ama gene benim soru\u015fturma konular\u0131mdan biri, Adalet Bakanl\u0131\u011f\u0131\u2019n\u0131n H\u00e2kim ve Savc\u0131lar i\u00e7in Albayrak\u2019lardan \u00e7ok uygun olmayan ko\u015fullarda lojman almas\u0131 oldu. Yani, soru\u015fturulan konulardan birisi de o olacakt\u0131. Albayrak Grubu ruhsat\u0131 s\u0131k\u0131nt\u0131l\u0131 ve ekspertiz raporuyla fiyatlar\u0131 \u015fi\u015firilmi\u015f lojmanlar satt\u0131 Adalet Bakanl\u0131\u011f\u0131\u2019na. Bu bir \u015feyler ifade ediyordur herhalde h\u00fck\u00fcmet ile ili\u015fkisinin nas\u0131l olaca\u011f\u0131na dair.<\/p>\n<p><strong>Bir r\u00f6portaj\u0131n\u0131zda cemaatten bahsederken \u201cg\u00f6lge boksu oynuyorlar\u201d diye bir tan\u0131m kulland\u0131n\u0131z. Biraz a\u00e7abilir misiniz?<\/strong><\/p>\n<p>Demokrasilerde, hukuk devletlerinde s\u00fcre\u00e7 hesap sorulabilirlik \u00fczerine kuruludur. Demokrasinin olmazsa olmaz tan\u0131m\u0131, y\u00f6netilenlerin y\u00f6netenleri belli aral\u0131klarla se\u00e7ebilmesi ve de\u011fi\u015ftirebilmesidir. Biz yarg\u0131y\u0131, idareyi, toplumsal hayat\u0131n h\u00fck\u00fcmetlere b\u0131rakt\u0131\u011f\u0131 alan\u0131 d\u00fczenlesin diye oy verip bir H\u00fck\u00fcmet se\u00e7mi\u015fiz. \u015eimdi, biz T\u00fcrkiye\u2019de her olan bitenin ard\u0131ndan, h\u00fck\u00fcmet de\u011fil de, hesap sorulabilirli\u011fi olmayan, \u015feffaf olmayan, \u00f6n\u00fc sonu olmayan bir mekanizmay\u0131 getirdi\u011fimiz ve onun \u00fczerinden siyaseti d\u00f6nd\u00fcrmeye \u00e7al\u0131\u015ft\u0131\u011f\u0131m\u0131z zaman, bu iktidar\u0131n sorumlulu\u011funu g\u00f6zden ka\u00e7\u0131r\u0131r, ikincisi de sadece g\u00f6lge boksu yapars\u0131n\u0131z. Cemaati ele\u015ftiriyorsunuz, kimi ele\u015ftireceksiniz? Zaman Gazetesi\u2019nin Genel Yay\u0131n Y\u00f6netmenini mi muhatap alacaks\u0131n\u0131z yoksa mahalledeki a\u011fabeyleri mi, yazarlar vakf\u0131n\u0131n ba\u015fkan\u0131n\u0131 m\u0131, falanca dershanenin sorumlusunu mu muhatap alacaks\u0131n\u0131z? B\u00f6yle bir \u015fey yok, ku\u015fkusuz sosyal bir ger\u00e7eklik olarak veya kriminal bir \u00f6rg\u00fctlenme olarak ele al\u0131nabilir ama siyaseten, sadece cemaat \u00fczerinden siyaseti okumak ve politika olu\u015fturmak \u00e7ok do\u011fru de\u011fildir, diye d\u00fc\u015f\u00fcn\u00fcyorum, anlatmak istedi\u011fim oydu.<\/p>\n<p><strong>Yani, siyaset bilimine de ayk\u0131r\u0131. Bir g\u00fc\u00e7ten bahsetti\u011finiz zaman o g\u00fcc\u00fc bilmeniz laz\u0131m. Sonu\u00e7ta g\u00fc\u00e7, iktidar\u0131n elinde olan bir \u015feydir. Lobi faaliyetleri ise iktidarla ba\u011flant\u0131l\u0131 ama ba\u015fka saiklerle incelenmesi gereken bir \u015feydir\u2026 <\/strong><\/p>\n<p>Zaten s\u0131k\u0131nt\u0131 oradan kaynaklan\u0131yor. Yani o g\u00fcc\u00fc kulland\u0131\u011f\u0131na eminsiniz ama fark edebilece\u011finiz bir \u015fey de\u011fil. \u00d6zellikle M\u0130T tart\u0131\u015fmalar\u0131 bunu ortaya koydu. H\u00fck\u00fcmet ve h\u00fck\u00fcmeti olu\u015fturan bireyler bile, emniyetin Fethullah G\u00fclen grubu taraf\u0131ndan kontrol edildi\u011fini, art\u0131k onlara da meydan okundu\u011funu s\u00f6ylediler. \u015eimdi, bunu kabul etti\u011fimiz anda, h\u00fck\u00fcmetin g\u00f6revini b\u0131rak\u0131p gitmesi gerekir. Demek ki, egemen de\u011filsin sen, yurtta\u015flar sana oy vermi\u015f ama bunun yerine \u015f\u00f6yle bir tart\u0131\u015fma \u00e7\u0131kt\u0131: cemaatle h\u00fck\u00fcmet farkl\u0131 kulvarda, ayn\u0131 hedefe giden iki ayr\u0131 g\u00fc\u00e7. \u015eimdi asl\u0131nda, h\u00fck\u00fcmetin me\u015fruiyetini de siyaseten ortadan kald\u0131ran bir durum. Siyaset bilimciler ve ayd\u0131nlar sesleri \u00e7ok k\u0131s\u0131ld\u0131\u011f\u0131 i\u00e7in b\u00f6yle bir durumda tepki veremiyorlar ancak bu tabloda art\u0131k h\u00fck\u00fcmet me\u015fru de\u011fildir, me\u015fruiyeti kalkm\u0131\u015ft\u0131r. H\u00fck\u00fcmet olarak yurtta\u015f\u0131n sana verdi\u011fi temsil g\u00f6revini yerine getirmiyorsan, hele tutuklu milletvekilleri gibi se\u00e7im baraj\u0131 gibi sistemin me\u015fruiyetini zorlayan tart\u0131\u015fma yaratan mekanizmalar\u0131n \u00fczerine, bir de g\u00fcvenlik b\u00fcrokrasisi bir ba\u015fka hiyerar\u015finin kontrol\u00fc elindeyse ve hele hele ba\u011f\u0131ms\u0131z olmas\u0131 gereken yarg\u0131 b\u00fcrokrasisi bir ba\u015fka g\u00fcc\u00fcn elindeyse, bunun i\u00e7in gerekli ad\u0131mlar\u0131 atmay\u0131p seninle pazarl\u0131\u011fa giriyorsa, art\u0131k ya\u015fad\u0131\u011f\u0131m\u0131z d\u00fczenin parlamenter bir demokrasi olmad\u0131\u011f\u0131n\u0131, fiili bir el koyma oldu\u011funu a\u00e7\u0131k\u00e7a s\u00f6yleyebiliriz.<\/p>\n<p><strong>Ba\u015fa d\u00f6nelim, siz bu soru\u015fturmalar\u0131 y\u00fcr\u00fct\u00fcrken, dava s\u00fcrecinden sonra neden Meclise gelmeyi tercih ettiniz?<\/strong><\/p>\n<p>\u015eimdi tahliye sonras\u0131 tayinim Adana Cumhuriyet Savc\u0131l\u0131\u011f\u0131\u2019na \u00e7\u0131kt\u0131. \u00dclkenin ya\u015fad\u0131\u011f\u0131 s\u00fcre\u00e7leri g\u00f6rd\u00fcm ve ciddi bir hukuk-adalet sorunu oldu\u011funu daha net \u015fekilde g\u00f6zlemlemeye ba\u015flad\u0131m. De\u011fi\u015fim s\u00fcreci, asl\u0131nda \u00f6teden beri zaten s\u0131k\u0131nt\u0131l\u0131 olan adalet sistemini, hukuk sistemini daha sorgulan\u0131r hale getirdi. \u00d6nceden de yarg\u0131 sistemimiz \u00e7ok parlak de\u011fildi. Yurtta\u015flar\u0131n hak ve \u00f6zg\u00fcrl\u00fcklerini korumas\u0131 gereken yarg\u0131 sistemi, insanlar\u0131 yayg\u0131n i\u015fkencelerden korumad\u0131. Darbe d\u00f6nemlerindeki idamlardan tutun, \u00e7ok a\u011f\u0131r hak ihlallerinden korumad\u0131, faili me\u00e7hullerden korumad\u0131, koruyamad\u0131. Hatta yaln\u0131zca ceza hukuku alan\u0131nda hak ve \u00f6zg\u00fcrl\u00fckler de\u011fil, m\u00fclkiyet alan\u0131nda bile yurtta\u015flara iyi bir adalet hizmeti sunamad\u0131. Bu mekanizman\u0131n bir par\u00e7as\u0131 olmay\u0131 ya da onun i\u00e7inde kalarak, \u00fclkeye ve d\u00fcnyaya ili\u015fkin kendi tasar\u0131mlar\u0131m\u0131 ya da yapmak istediklerimi \u00e7ok az hayata ge\u00e7irebilece\u011fimi g\u00f6rd\u00fcm. Alternatif ise ku\u015fkusuz siyaset. Siyaset derken de, sadece meclise girmeyi kastetmiyorum. O gerek\u00e7eyle, o d\u00f6nem genel se\u00e7imler d\u00f6nemine denk gelince istifa ettim\u2026<\/p>\n<p><strong>Ve s\u00fcrpriz olarak Denizli\u2019den \u00e7\u0131kt\u0131n\u0131z\u2026<\/strong><\/p>\n<p>\u00d6zellikle CHP taban\u0131, bu y\u00f6nde bir beklentisi oldu\u011funu iletti, ben de b\u00f6yle bir tercihte bulundum.<\/p>\n<p><strong>Ka\u00e7 ay oldu, 8 ay\u2026<\/strong><\/p>\n<p>Evet 8 ay.<\/p>\n<p><strong>8 ayd\u0131r Meclis\u2019te oldu\u011funuza g\u00f6re, yasa tekliflerinin haz\u0131rland\u0131\u011f\u0131 komisyonlar\u0131n i\u015fleyi\u015fleri konusunda ne s\u00f6yleyebilirsiniz? <\/strong><\/p>\n<p>Bug\u00fcnk\u00fc meclisin ciddi bir \u2013\u00f6nceki meclislerden- farkl\u0131l\u0131\u011f\u0131 oldu\u011funu d\u00fc\u015f\u00fcyorum. \u00d6zellikle ba\u015fbakan\u0131n kafas\u0131nda \u00e7ok farkl\u0131 bir tasar\u0131m var. Belli soru\u015fturmalar\u0131 halk istedi, s\u00f6zlerinin mant\u0131ksal uzant\u0131lar\u0131n\u0131 izledi\u011finiz zaman, \u2018ba\u015fbakan\u0131n\u0131n milleti\u2019 mesela muhalefet partilerine oy verenler de\u011fil, \u00f6yle anla\u015f\u0131l\u0131yor.<\/p>\n<p><strong>Halk ve millet ayr\u0131m\u0131 y\u0131llard\u0131r tart\u0131\u015f\u0131lan bir konudur\u2026<\/strong><\/p>\n<p>O halk \/ millet ayr\u0131m\u0131ndan ba\u011f\u0131ms\u0131z olarak s\u00f6yl\u00fcyorum. Ba\u015fbakan\u0131n referans ald\u0131\u011f\u0131, millet b\u00f6yle istedi dedi\u011fi bir kitle diyelim. Bir\u00e7ok yasa i\u00e7in \u00f6yle s\u00f6yl\u00fcyor, par\u00e7al\u0131 e\u011fitim yasas\u0131 i\u00e7in \u00f6yle s\u00f6yl\u00fcyor, millet b\u00f6yle istiyor diyor. Belli soru\u015fturmalara; ba\u011f\u0131ms\u0131z oldu\u011funu iddia etti\u011fi yarg\u0131n\u0131n yapt\u0131\u011f\u0131 soru\u015fturmalara \u2018millet hesap soruyor\u2019 diye sahip \u00e7\u0131k\u0131yor. Par\u00e7al\u0131 e\u011fitim yasas\u0131na yurtta\u015flar\u0131n b\u00fcy\u00fck bir k\u0131sm\u0131 kar\u015f\u0131 \u00e7\u0131kt\u0131\u011f\u0131na g\u00f6re, demek ki ba\u015fbakan\u0131n milleti onlar de\u011fil. Mesela \u00f6\u011fretmenler kar\u015f\u0131 \u00e7\u0131kt\u0131, demek ki onlar da de\u011fil. Tekel i\u015f\u00e7ileri, demokratik muhalefet haklar\u0131n\u0131 kullanmak istediler, o olayda da Tekel i\u015f\u00e7ilerini milletten saymad\u0131. Ba\u015fbakan\u0131n kendine oy verenleri de a\u015fan, a\u015fk\u0131n bir millet tasar\u0131m\u0131 oldu\u011funu d\u00fc\u015f\u00fcn\u00fcyorum. Hali haz\u0131rda, \u00fclkede ya\u015fayanlar i\u00e7in bu durum \u00e7ok tehlikeli. Bu durum do\u011frudan do\u011fruya meclisin t\u00fcm mekanizmalar\u0131n\u0131 anti demokratik k\u0131l\u0131yor. \u0130nan\u0131yorum ki, M\u0130T yasas\u0131n\u0131n bir milletvekilinin teklifi olarak meclise gelmesi olay\u0131nda, bir\u00e7ok AKP\u2019li milletvekili de yasa teklifinin i\u00e7eri\u011fini bilmiyor ve o yasadan ciddi anlamda rahats\u0131zd\u0131lar. Benzer \u015fekilde, par\u00e7al\u0131 e\u011fitim yasas\u0131, mesela komisyonda Milli E\u011fitim Bakan\u0131 ba\u015fka bir \u015fey s\u00f6yl\u00fcyor, AKP\u2019li komisyon \u00fcyeleri ayn\u0131 maddeyle ilgili ba\u015fka bir \u015fey s\u00f6yl\u00fcyor. Yine bir televizyon kanal\u0131nda, Milli E\u011fitim Bakan\u0131\u2019na bir soru soruldu, Bakan \u201cbilmiyorum, onu teklifi sunan arkada\u015flara sormal\u0131\u201d dedi. \u015eimdi bunlar\u0131n hepsini \u00fcst \u00fcste koydu\u011fumuz zaman, bu mekanizmalar\u0131n milli iradenin tezah\u00fcr\u00fc olabilece\u011fi, ortak akl\u0131 bulacak, toplumun oraya g\u00f6nderdi\u011fi temsilcilerle tercihler aras\u0131ndaki uzla\u015fmay\u0131 sa\u011flayacak mekanizma da par\u00e7alanm\u0131\u015f durumda. \u00d6nceki d\u00f6nemlerde, meclisin g\u00fcndemini belirleyen Ba\u015fkanl\u0131k Divan\u0131 kararlar\u0131 az ya da \u00e7ok uzla\u015fmayla belirlenirdi. \u015eimdi durum b\u00f6yle de\u011fil. AKP kendisinin istemedi\u011fi tek bir yasan\u0131n meclisten ge\u00e7mesine m\u00fcsaade etmiyor. Ba\u015fbakan emrediyor askerleri yerine getiriyor gibi bir durum mevcut. Dolay\u0131s\u0131yla da, komisyonlarda, verimli bir tart\u0131\u015fma y\u00fcr\u00fcm\u00fcyor. Bak\u0131n, mesela, benim izledi\u011fim komisyon toplant\u0131lar\u0131nda AKP milletvekilleri konu\u015fma haklar\u0131n\u0131 da kullanm\u0131yorlar. Bir\u00e7ok milletvekili, AKP ad\u0131na konu\u015fmak i\u00e7in gelip biz bu yasaya kar\u015f\u0131y\u0131z deyip oturuyorlar. Bu \u00e7ok s\u0131k oluyor. Ba\u015fbakan\u0131n emretti\u011fi yasalar\u0131 \u00e7\u0131karmak i\u00e7in\u2026. Onun i\u00e7in \u015fu anda meclis, me\u015fruiyet tart\u0131\u015fmalar\u0131 yan\u0131 s\u0131ra yasama konusunda da i\u015flevsel olmaktan s\u00fcratle \u00e7\u0131km\u0131\u015f durumda. Bunlar\u0131n \u00fczerine devletin yapt\u0131\u011f\u0131 de\u011fi\u015fiklikleri, Kanun H\u00fckm\u00fcnde Kararnameleri koyun, mecliste \u00e7o\u011funlu\u011fun her \u015feyi yapabilece\u011fi o anti-demokratik alg\u0131y\u0131 koyun; onun i\u00e7in komisyonlara klasik anlamda komisyon demenin anlams\u0131zla\u015ft\u0131\u011f\u0131n\u0131 d\u00fc\u015f\u00fcn\u00fcyorum.<\/p>\n<p><strong>Peki, bu kadar geni\u015f kapsaml\u0131 yasa de\u011fi\u015fikliklerine sadece bir Ba\u015fbakan karar verebilir mi?<\/strong><\/p>\n<p>Belirleyici iradenin o oldu\u011funu d\u00fc\u015f\u00fcnelim \u00e7\u00fcnk\u00fc bu irade meclis i\u00e7indeki bir mekanizma de\u011fil. Komisyon da de\u011fil, \u00e7\u00fcnk\u00fc yasalarla ilgili di\u011fer AKP milletvekillerinin tav\u0131rlar\u0131ndan anl\u0131yorsunuz. Yasa teklifleri ba\u015fka bir mutfakta haz\u0131rlan\u0131yor, o da muhtemelen bir dan\u0131\u015fman, ba\u015fbakan\u0131n yak\u0131n \u00e7ekirdek kadrosu. Az\u0131c\u0131k hukuk e\u011fitimi alm\u0131\u015f birisinin, M\u0130T yasas\u0131na evet demesi m\u00fcmk\u00fcn de\u011fil. Milli E\u011fitim Komisyonu\u2019ndaki akademisyen \u00fcyeler, b\u00f6yle yasa yap\u0131lmayaca\u011f\u0131n\u0131 elbette bilirler. Hatta bu \u00fcyelerin ge\u00e7mi\u015fte yazd\u0131klar\u0131, \u015fimdi yapt\u0131klar\u0131n\u0131n 180 derece tersi. Ancak i\u015f buraya geldi\u011fi zaman adeta kur\u015fun asker gibi bunlar\u0131n hepsini unutup, lider ne derse, ona k\u0131l\u0131f arayan bir pozisyona geliyorlar\u2026 Dolay\u0131s\u0131yla yasama faaliyeti tersine \u00e7evrilmi\u015f durumda. S\u0131f\u0131rdan sorunu al\u0131p, soruna ili\u015fkin \u00e7\u00f6z\u00fcm getirmek yerine tepeden \u00e7\u00f6z\u00fcm olarak dikte edilene k\u0131l\u0131f giydirilebilir bir mekanizma, s\u00fcre\u00e7 ba\u015f a\u015fa\u011f\u0131 \u00e7evrilmi\u015f durumda.<\/p>\n<p><strong>Sizin 15 Haziran\u2019da duru\u015fman\u0131z var. O duru\u015fmada siz ter\u00f6r \u00f6rg\u00fct\u00fc \u00fcyesi \u00e7\u0131kabilir misiniz?<\/strong><\/p>\n<p>(G\u00fcl\u00fcyor) \u015eimdi, T\u00fcrkiye\u2019de hi\u00e7bir \u015fey \u00f6ng\u00f6r\u00fclemez. Bu bana belli davalarla ilgili olarak soruluyor mesela \u00f6zellikle belli tutukluluklarla ilgili olarak. Tutuklu olmamalar\u0131 laz\u0131m. Tutuklu olanlarla ilgili ne zaman \u00e7\u0131kabilirler sorusu \u00e7ok bo\u015fta kal\u0131yor. Verilecek her yan\u0131tta spek\u00fclatif oluyor. Bana sorarsan\u0131z, hukuk i\u00e7inde kalarak b\u00f6yle bir dava olmamas\u0131 laz\u0131m\u2026 Onun d\u0131\u015f\u0131nda ise, hukukun d\u0131\u015f\u0131nda okumalar olabilir. Ya da i\u015fte daha \u00f6nceden yapt\u0131klar\u0131 ya da yapmad\u0131klar\u0131 \u015feylerden hareketle bir \u00e7\u0131kar\u0131mda bulunabiliriz. T\u00fcrkiye\u2019de hukuki g\u00fcvenlik yok edilmi\u015f durumda ve o davaya ili\u015fkin herhangi bir \u00e7\u0131kar\u0131m yap\u0131lamaz.<\/p>\n<p><strong>Ola ki mahk\u00fbmiyet \u00e7\u0131kt\u0131, sizin TMK\u2019ya g\u00f6re milletvekilli\u011finiz de d\u00fc\u015febilir\u2026<\/strong><\/p>\n<p>Yani bu davan\u0131n o kadar k\u0131sa s\u00fcrece\u011fi kanaatinde de\u011filim. S\u00f6yleyece\u011fimiz her \u015fey spek\u00fclatif olur, \u00e7\u00fcnk\u00fc hukuki g\u00fcvenlik yok.<\/p>\n<p><strong>Balyoz\u2019u ve ODA TV duru\u015fmalar\u0131n\u0131 da takip ediyorsunuz. Bir hukuk\u00e7u olarak ne s\u00f6yleyebilirsiniz?<\/strong><\/p>\n<p>Dava s\u00fcre\u00e7lerinde ortakla\u015fan \u00e7ok y\u00f6nler var. Ergenekon davalar\u0131, Devrimci Karargah, Balyoz, ODA TV, Askeri Casusluk, KCK hatta bir boyutla \u015eike davalar\u0131, bunlar\u0131n hepsi \u00f6zellikle \u00f6zel yetkili mahkemeler eliyle y\u00fcr\u00fct\u00fclen davalar, buna 12 Eyl\u00fcl ve 28 \u015eubat soru\u015fturmalar\u0131n\u0131 da d\u00e2hil edebiliriz. Siyasi ve alabildi\u011fine iktidar\u0131 olu\u015fturan bile\u015fenlerle do\u011frudan do\u011fruya ba\u011flant\u0131l\u0131 davalar. Bir etkin soru\u015fturma yok. Etkin soru\u015fturma \u015fu: bir su\u00e7 iddias\u0131 varsa, mant\u0131ksal uzant\u0131lar\u0131na kadar gitmeniz gerekir. Balyoz Davas\u0131\u2019nda bir\u00e7ok ki\u015fi, \u2018senin onay\u0131n olmasayd\u0131 ismin oraya yaz\u0131lmazd\u0131\u2019 mant\u0131\u011f\u0131yla tutuklu \u015fu an. Ama mesela 28 \u015eubat\u2019a geldi\u011fi zaman i\u015f, o emirleri verenlere bile \u2013 ki 28 \u015eubat o kararlardan sonra ba\u015flam\u0131\u015f- mesela Erbakan\u2019a niye bir sorumluluk atfetmiyor? Ya da 28 \u015eubat\u2019taki gazetecilere neredeyse asal\u0131m keselim derken, 12 Eyl\u00fcl\u2019e destek veren gazetecilere neden ili\u015filmiyor? \u0130kincisi lehe delil hi\u00e7 toplanm\u0131yor. Bir soru\u015fturmada, \u015f\u00fcphelinin lehine delillerde toplanmal\u0131. Yine ortakla\u015fan bir hukuksuzluk: Medya bir ara\u00e7 olarak kullan\u0131l\u0131yor. T\u00fcm s\u00fcre\u00e7 iddialar \u00fczerinden okunuyor, savunmalarla hi\u00e7 ba\u011flant\u0131 kurulmuyor ve iddianameler \u00fczerinden her \u015fey s\u00f6yleniyor. Oysa T\u00fcrkiye yarg\u0131s\u0131n\u0131n ge\u00e7mi\u015fteki durumu da ortada. Bu esaslara \u00e7ok dikkat edilmeli. Mesela on y\u0131l yat\u0131p beraat edenlerin oldu\u011fu bir \u00fclkede, iddianamelere daha mesafeli durmam\u0131z gerekirken, iddianameleri tart\u0131\u015fmas\u0131z ger\u00e7ekler gibi ele al\u0131yoruz. Bu davalar\u0131n tamam\u0131nda hak ihlalleri var. Yani delillerin i\u00e7eri\u011fine girmeden s\u00f6yl\u00fcyorum bunu; belli ba\u015fl\u0131 a\u011f\u0131r hukuksuzluklar var. Belirleyici olan bir ba\u015fka ortak nokta bu davalarda h\u00fck\u00fcmet \u00e7ok etkin bir \u015fekilde taraf olmas\u0131. H\u00fck\u00fcmetin etkin \u015fekilde taraf oldu\u011fu davalarda, ger\u00e7ekten bu ki\u015filer su\u00e7lu olsa dahi, adalet ger\u00e7ekle\u015femez. En \u00e7ok Deniz Feneri soru\u015fturmas\u0131nda g\u00f6rd\u00fck bunu. Hatta Sivas Davas\u0131nda, ba\u015fbakan \u00e7\u0131k\u0131p diyor ki; orada mahk\u00fbm edilenlerin \u00e7ocuklar\u0131 \u00e7ok \u00fczg\u00fcnler. Onlar\u0131n ac\u0131lar\u0131na ili\u015fkin s\u00f6zler s\u00f6yl\u00fcyorlar. Orada yap\u0131lanlar\u0131n, oradaki ailelerin ac\u0131lar\u0131n\u0131 anlamak yerine, mahk\u00fbm olanlar\u0131n yak\u0131nlar\u0131yla bir \u00f6zde\u015fle\u015fme kuruyor. Muhalefetin bir davay\u0131 ele\u015ftirmesi ba\u015fka bir \u015feydir, iktidar\u0131n bu s\u00f6zleri s\u00f6ylemesi ba\u015fka bir \u015feydir. Hele bunun yan\u0131na HSYK\u2019y\u0131 koydu\u011funuz zaman, bu sayd\u0131\u011f\u0131m\u0131z davalar\u0131n hi\u00e7 birinde adil bir sonu\u00e7 bekleyemeyiz. Mahkemelerde davalar arac\u0131l\u0131\u011f\u0131yla siyasi alanlar daralt\u0131l\u0131yor. Mesela KCK soru\u015fturmas\u0131 a\u00e7\u0131k\u00e7a bir siyasi soyk\u0131r\u0131m. Gene CHP\u2019li olan belediyelere, sadece \u0130zmir de\u011fil, oradaki sosyal demokrat belediyecilik \u00f6rne\u011fi olan uygulamalar, yoksul \u00e7ocuklara s\u00fct da\u011f\u0131t\u0131lmas\u0131 i\u015fte meyve da\u011f\u0131t\u0131lmas\u0131 resmen kriminalize edilmi\u015f durumda.<\/p>\n<p><strong>Dikili\u2019deki bedava su uygulamas\u0131 da dava konusu olmu\u015ftu, hat\u0131rl\u0131yor musunuz?<\/strong><\/p>\n<p>Dikili diyebilirsiniz, \u0130stanbul\u2019daki belediyeler, Maltepe\u2019ye, Kartal\u2019a, Kad\u0131k\u00f6y\u2019e kadar bir\u00e7ok belediyeye\u2026 Bunlar siyaset alan\u0131na yap\u0131lan sald\u0131r\u0131lar, asl\u0131nda siyasi soyk\u0131r\u0131m denebilecek sald\u0131r\u0131lar. Onun i\u00e7in \u015fu anda T\u00fcrkiye\u2019nin en acil sorunun adalet sorunu oldu\u011funu d\u00fc\u015f\u00fcn\u00fcyorum.<\/p>\n<p><strong>Alt\u0131 ay sonra nas\u0131l bir T\u00fcrkiye \u00f6ng\u00f6r\u00fcyorsunuz?<\/strong><\/p>\n<p>Ben AKP\u2019nin 4-5 noktada \u00e7ok b\u00fcy\u00fck bir sorunla kar\u015f\u0131 kar\u015f\u0131ya oldu\u011funu d\u00fc\u015f\u00fcn\u00fcyorum. Bunlardan birisi d\u0131\u015f politika, d\u0131\u015f politikada tamamen \u00e7uvallam\u0131\u015f durumda. \u00d6zellikle AKP\u2019nin model \u00fclke, stratejik \u00fclke, kom\u015fularla s\u0131f\u0131r sorun gibi ilkelerle \u00e7\u0131kt\u0131\u011f\u0131 d\u0131\u015f politika elinde patlad\u0131. Bu anlamda da Suriye\u2019nin \u00e7ok b\u00fcy\u00fck bir soruna d\u00f6n\u00fc\u015fme tehdidi var. Hem de AKP\u2019nin orada t\u00fcm prestijini yitirme ihtimali var, her ikisi de tehlikeli. Ba\u015fbakan\u2019\u0131n konu\u015fmalar\u0131na bakt\u0131\u011f\u0131n\u0131z zaman, bunlar\u0131 engellemek i\u00e7in \u00e7ok g\u00f6z\u00fc kara maceralara girebilir, oraya s\u00fcr\u00fcklenebilir de. Ben hep Almanya\u2019n\u0131n Polonya\u2019y\u0131 i\u015fgal \u00f6rne\u011fini veriyorum; orada Polonya askeri \u00fcniformas\u0131 girmi\u015f Nazi askerleri bir Alman karakoluna sald\u0131r\u0131p Polonyal\u0131lar sald\u0131rm\u0131\u015f demi\u015fti, benzer bir provokasyonla kendimizi kar\u015f\u0131 kar\u015f\u0131ya bulabiliriz. Emperyalizmin orada bir denge olu\u015fturdu\u011funu anla\u015f\u0131l\u0131yor, T\u00fcrkiye de o dengeden yana g\u00f6r\u00fcn\u00fcyor \u015fu anda. O dengeyi bozabilecek bir g\u00f6z\u00fc karal\u0131k yapabilir, o anlamda bir d\u0131\u015f politika alan\u0131na s\u0131k\u0131\u015fabilece\u011fini d\u00fc\u015f\u00fcn\u00fcyorum. \u0130kincisi makro g\u00f6stergeler art\u0131k ekonominin de s\u00fcrd\u00fcr\u00fclebilir olmaktan \u00e7\u0131kt\u0131\u011f\u0131n\u0131 g\u00f6steriyor, b\u00fcy\u00fcmeden ziyade \u015fi\u015fen bir ekonomi mevcut, bunu konsolide etmek i\u00e7in s\u00fcrekli astronomik zamlar, gene i\u00e7eride AKP\u2019nin ba\u015far\u0131l\u0131 oldu\u011funu iddia etti\u011fi sa\u011fl\u0131k politikalar\u0131n\u0131n git gide cilas\u0131n\u0131n d\u00f6k\u00fclmekte oldu\u011fu, e\u011fitim sistemindeki karga\u015fa, bunlar\u0131n hepsinin i\u00e7eride bir risk olu\u015fturaca\u011f\u0131n\u0131\u2026 Bunlar\u0131n yan\u0131nda AKP\u2019nin kar\u015f\u0131 kar\u015f\u0131ya kalaca\u011f\u0131 s\u0131k\u0131nt\u0131lar\u0131n aras\u0131nda, muhalefet cephesi de bu sorunlar\u0131n kar\u015f\u0131s\u0131nda birbirine daha \u00e7ok yakla\u015f\u0131yor. Yani AKP\u2019nin \u00fclkeye yapt\u0131\u011f\u0131 k\u00f6t\u00fcl\u00fc\u011f\u00fc g\u00f6r\u00fcyor. T\u00fcrkiye\u2019nin en \u00f6nemli s\u0131k\u0131nt\u0131s\u0131, inan\u0131lmaz \u015fekilde kampla\u015fm\u0131\u015f olmas\u0131. AKP, bunu gidermek yerine, daha \u00e7ok gererek, \u0131rk\u00e7\u0131 s\u00f6ylemleriyle, nefret s\u00f6ylemleriyle iktidar\u0131n\u0131 peki\u015ftirmeye \u00e7al\u0131\u015f\u0131yor. Bunlar\u0131n hepsini riskler olarak g\u00f6r\u00fcyorum. Ama her ne kadar medya ya da ileti\u015fim kanallar\u0131 muhalefete kapal\u0131ysa da, \u00e7ok yetersiz bir muhalefet oldu\u011funu d\u00fc\u015f\u00fcnm\u00fcyorum. \u00d6n\u00fcm\u00fczdeki g\u00fcnlerde belli ba\u015fl\u0131 risk alanlar\u0131 nedeniyle AKP\u2019nin o kadar rahat olamayaca\u011f\u0131n\u0131 d\u00fc\u015f\u00fcn\u00fcyorum.<\/p>\n<p><strong>\u0130ktidar bir \u00e7an e\u011frisiyse, o \u00e7an e\u011frisinin a\u015f\u0131ld\u0131\u011f\u0131n\u0131 d\u00fc\u015f\u00fcn\u00fcyorum, kendi g\u00f6zlemim olarak<\/strong>.<\/p>\n<p>Bir de, K\u00fcrt sorunu alan\u0131nda da s\u0131k\u0131\u015facak. \u00d6zellikle Van Depremi sonras\u0131 yerel y\u00f6netimle i\u015fbirli\u011fi yapmaya yana\u015fmamalar\u0131 ve Van\u2019\u0131 adeta bir hayalet \u015fehir haline getirmi\u015f olmalar\u0131 var. Uludere Katliam\u0131 hakk\u0131nda bunca ge\u00e7en zamana ra\u011fmen kamuoyuna hala bir a\u00e7\u0131klama yap\u0131lmamas\u0131, orada kim taraf\u0131ndan emrin verildi\u011fi, kimlerin sorumlu oldu\u011funa dair hi\u00e7bir \u015feyin yap\u0131lmam\u0131\u015f olmas\u0131 ve git gide BDP ile mesafesinin a\u00e7\u0131l\u0131yor olmas\u0131, K\u00fcrt Sorunu konusunda da AKP\u2019nin \u00e7ok s\u0131k\u0131\u015faca\u011f\u0131n\u0131 g\u00f6steriyor. \u00d6zellikle KCK operasyonlar\u0131, AKP\u2019nin kal\u0131c\u0131 bir bar\u0131\u015ftan yana olmad\u0131\u011f\u0131n\u0131n \u00e7ok a\u00e7\u0131k g\u00f6stergesi. Siz, bir siyasi hareketin silahl\u0131 olan\u0131yla pazarl\u0131k yapacaks\u0131n\u0131z, silahs\u0131z olan\u0131n\u0131 hapse atacaks\u0131n\u0131z. B\u00fc\u015fra Er\u015fanl\u0131\u2019y\u0131, Rag\u0131p Zarakolu\u2019nu, Zeynep Kuray\u2019\u0131, belediye ba\u015fkanlar\u0131n\u0131 tutuklayacaks\u0131n\u0131z ve silahl\u0131 olanlarla pazarl\u0131k yapacaks\u0131n\u0131z. \u0130dris Naim \u015eahin gibi bir \u0130\u00e7i\u015fleri Bakan\u0131\u2019n\u0131n oldu\u011fu bir kabine, bu anlamda hi\u00e7bir \u015fey \u00fcretemez. \u00dclkemiz ad\u0131na hep umutlu oldum, umutlar\u0131m\u0131n en azald\u0131\u011f\u0131 an \u0130dris Naim \u015eahin\u2019in o vatanda\u015fa yapt\u0131klar\u0131 oldu. Bu \u0130dris Naim \u015eahin nedeniyle de\u011fil, burada daha vahim olan\u0131, onun yan\u0131nda durup b\u00f6yle bir olay\u0131 alk\u0131\u015flayacak olanlar ve bakan\u0131 istifa ettirecek bir mekanizman\u0131n da olmamas\u0131. Hele Erzurum gibi, b\u00f6yle bir olaya tepki duyacak bir halk\u0131n oldu\u011fu yerde \u0130dris Naim \u015eahin soka\u011fa \u00e7\u0131kabiliyorsa, umutlar\u0131m\u0131z\u0131 azaltmam\u0131z gerekebilir diye d\u00fc\u015f\u00fcnd\u00fcm bir an. Ku\u015fkusuz umutsuz olmayaca\u011f\u0131z ama bu derece bir ahlaki, vicdani bir sald\u0131r\u0131n\u0131n tepki almamas\u0131 rahats\u0131zl\u0131k verici olan. Ama ben T\u00fcrkiye\u2019nin t\u00fcm muhaliflerinden umutluyum, bu s\u00fcreci, ba\u015fta CHP olmak \u00fczere umuda \u00e7evirece\u011fiz. Bu g\u00fcnleri de atlataca\u011f\u0131z, ba\u015fka \u00e7aresi yok.<\/p>\n<p><strong>Bu r\u00f6portaj i\u00e7in \u00e7ok te\u015fekk\u00fcr ediyoruz. <\/strong><\/p>\n<p><strong>Not: Bu r\u00f6portaj Analiz T\u00fcrkiye Ankara Temsilcisi \u00d6zge Mumcu taraf\u0131ndan AnalizT\u00fcrkiye ad\u0131na ger\u00e7ekle\u015ftirilmi\u015ftir.<\/strong><\/p>\n<p>\u00a9 2012 Analiz T\u00fcrkiye. T\u00fcm haklar\u0131 sakl\u0131d\u0131r.\u00a0Bu r\u00f6portaj referans verilmeden bas\u0131lamaz, \u00e7o\u011falt\u0131lamaz veya kopya edilemez.<\/p>\n<p>R\u00f6portaj\u0131 \u015fu \u015fekilde referans vererek kullanabilirsiniz:<\/p>\n<p>Analiz T\u00fcrkiye (May\u0131s, 2012), \u201cSay\u0131n \u0130lhan Cihaner ile R\u00f6portaj: \u201cT\u00fcrkiye\u2019de Siyasi G\u00f6r\u00fcn\u00fcm, Adalet Sorunu ve Medya Eti\u011fi\u201d\u201d, Cilt I, Say\u0131 3,\u00a0 s.42-50, <em>T\u00fcrkiye Politika ve Ara\u015ft\u0131rma Merkezi (AnalizT\u00fcrkiye), <\/em>Londra: Analiz T\u00fcrkiye<em> \u00a0<\/em>(http:\/\/researchturkey.org\/p= 1071&amp;lang=tr)<\/p>\n<p>&nbsp;<\/p>\n<p><!--:--><\/p>\n","protected":false},"excerpt":{"rendered":"<p>Say\u0131n \u0130lhan Cihaner, Erzincan Cumhuriyet Ba\u015fsavc\u0131s\u0131yken y\u00fcr\u00fctt\u00fc\u011f\u00fc soru\u015fturmalar\u0131n ard\u0131ndan Ergenekon Ter\u00f6r \u00d6rg\u00fct\u00fc\u2019ne \u00fcye olmak su\u00e7uyla i\u00e7eri al\u0131nd\u0131. Uzun bir tutukluluk s\u00fcrecinin ard\u0131ndan sal\u0131verildi. \u015eimdi CHP\u2019den milletvekilli. Analiz T\u00fcrkiye olarak kendisiyle siyasetin genel g\u00f6r\u00fcn\u00fcm\u00fc, siyasete ilerleyen s\u00fcreci de\u011ferlendirdik. Savc\u0131l\u0131ktan meclise giden s\u00fcre\u00e7 nas\u0131l ilerledi? Bu s\u00fcreci k\u0131saca \u00f6zetleyebilir misiniz? Asl\u0131nda \u00f6zetlenecek bir s\u00fcre\u00e7 de\u011fil. En son [&hellip;]<\/p>\n","protected":false},"author":184,"featured_media":8887,"comment_status":"open","ping_status":"open","sticky":false,"template":"","format":"standard","meta":{"footnotes":""},"categories":[197],"tags":[205,206,278,208],"_links":{"self":[{"href":"https:\/\/www.researchturkey.org\/tr\/wp-json\/wp\/v2\/posts\/7540"}],"collection":[{"href":"https:\/\/www.researchturkey.org\/tr\/wp-json\/wp\/v2\/posts"}],"about":[{"href":"https:\/\/www.researchturkey.org\/tr\/wp-json\/wp\/v2\/types\/post"}],"author":[{"embeddable":true,"href":"https:\/\/www.researchturkey.org\/tr\/wp-json\/wp\/v2\/users\/184"}],"replies":[{"embeddable":true,"href":"https:\/\/www.researchturkey.org\/tr\/wp-json\/wp\/v2\/comments?post=7540"}],"version-history":[{"count":4,"href":"https:\/\/www.researchturkey.org\/tr\/wp-json\/wp\/v2\/posts\/7540\/revisions"}],"predecessor-version":[{"id":8893,"href":"https:\/\/www.researchturkey.org\/tr\/wp-json\/wp\/v2\/posts\/7540\/revisions\/8893"}],"wp:featuredmedia":[{"embeddable":true,"href":"https:\/\/www.researchturkey.org\/tr\/wp-json\/wp\/v2\/media\/8887"}],"wp:attachment":[{"href":"https:\/\/www.researchturkey.org\/tr\/wp-json\/wp\/v2\/media?parent=7540"}],"wp:term":[{"taxonomy":"category","embeddable":true,"href":"https:\/\/www.researchturkey.org\/tr\/wp-json\/wp\/v2\/categories?post=7540"},{"taxonomy":"post_tag","embeddable":true,"href":"https:\/\/www.researchturkey.org\/tr\/wp-json\/wp\/v2\/tags?post=7540"}],"curies":[{"name":"wp","href":"https:\/\/api.w.org\/{rel}","templated":true}]}}