{"id":7551,"date":"2012-04-15T21:07:49","date_gmt":"2012-04-15T18:07:49","guid":{"rendered":"http:\/\/www.researchturkey.org\/?p=7551"},"modified":"2022-08-24T19:32:44","modified_gmt":"2022-08-24T16:32:44","slug":"the-einstein-fellowship","status":"publish","type":"post","link":"https:\/\/www.researchturkey.org\/tr\/the-einstein-fellowship\/","title":{"rendered":"Einstein Bursu"},"content":{"rendered":"<p>&nbsp;<\/p>\n<p>The Einstein Forum ve the Daimler and Benz Foundation\u2019\u0131n daha \u00f6nce ara\u015ft\u0131rma yapt\u0131klar\u0131 alanlardan farkl\u0131 bir alanda \u00e7al\u0131\u015facak se\u00e7kin gen\u00e7 d\u00fc\u015f\u00fcn\u00fcrlere sundu\u011fu Einstein bursuna dikkatinizi \u00e7ekmek istiyoruz.<br \/>\nBa\u015far\u0131l\u0131 olan adaylar burs kapsam\u0131nda <strong>5-6 ay boyunca<\/strong> Einstein\u2019\u0131n Caputh, Brandenburg yak\u0131nlar\u0131ndaki yazl\u0131k evinde konaklayacakt\u0131r. Bu ev Potsdam ve Berlin\u2019deki \u00fcniversite ve akademik kurumlara \u00e7ok yak\u0131n bir mesafede yer almaktad\u0131r. Bursiyere ayr\u0131ca <strong>10,000 Avroluk<\/strong> bir \u00fccret verilecek olup, t\u00fcm <strong>seyahat masraflar\u0131n\u0131n da geri \u00f6demesi<\/strong> yap\u0131lacakt\u0131r. Adaylar\u0131n <strong>35 ya\u015f\u0131n alt\u0131nda<\/strong> olmas\u0131 ve \u00fcniversitlerin be\u015feri bilimler, sosyal bilimler ya da do\u011fa bilimleri b\u00f6l\u00fcmlerinden mezun olmalar\u0131 gerekmektedir.<br \/>\n<strong>Adaylar 2013 ba\u015fvurular\u0131 i\u00e7in<\/strong> CV, 2 sayfal\u0131k proje \u00f6nerisi ve 2 referans mektubunu<strong> 14 May\u0131s 2012<\/strong> tarihine kadar g\u00f6ndermeleri gerekmektedir. L\u00fctfen ba\u015fvuru dok\u00fcmanlar\u0131n\u0131z\u0131:<br \/>\nProf. Dr. Susan Neiman<br \/>\nEinstein Forum<br \/>\nAm Neuen Markt 7<br \/>\n14467 Potsdam<br \/>\nadresine <strong>posta<\/strong> ile ya da<br \/>\n<a href=\"mailto:fellowship@einsteinforum.de\">fellowship@einsteinforum.de<\/a> adresine g\u00f6nderce\u011finiz <strong>e-posta<\/strong> ile g\u00f6nderiniz.<br \/>\nDaha detayl\u0131 bilgi i\u00e7in l\u00fctfen <a href=\"http:\/\/www.einsteinforum.de\/index.php?id=35&amp;L=1\">http:\/\/www.einsteinforum.de\/index.php?id=35&amp;L=1<\/a> adresini ziyaret ediniz.<\/p>\n","protected":false},"excerpt":{"rendered":"<p>&nbsp; The Einstein Forum ve the Daimler and Benz Foundation\u2019\u0131n daha \u00f6nce ara\u015ft\u0131rma yapt\u0131klar\u0131 alanlardan farkl\u0131 bir alanda \u00e7al\u0131\u015facak se\u00e7kin gen\u00e7 d\u00fc\u015f\u00fcn\u00fcrlere sundu\u011fu Einstein bursuna dikkatinizi \u00e7ekmek istiyoruz. Ba\u015far\u0131l\u0131 olan adaylar burs kapsam\u0131nda 5-6 ay boyunca Einstein\u2019\u0131n Caputh, Brandenburg yak\u0131nlar\u0131ndaki yazl\u0131k evinde konaklayacakt\u0131r. Bu ev Potsdam ve Berlin\u2019deki \u00fcniversite ve akademik kurumlara \u00e7ok yak\u0131n bir [&hellip;]<\/p>\n","protected":false},"author":184,"featured_media":7754,"comment_status":"open","ping_status":"open","sticky":false,"template":"","format":"standard","meta":{"footnotes":""},"categories":[213],"tags":[283],"_links":{"self":[{"href":"https:\/\/www.researchturkey.org\/tr\/wp-json\/wp\/v2\/posts\/7551"}],"collection":[{"href":"https:\/\/www.researchturkey.org\/tr\/wp-json\/wp\/v2\/posts"}],"about":[{"href":"https:\/\/www.researchturkey.org\/tr\/wp-json\/wp\/v2\/types\/post"}],"author":[{"embeddable":true,"href":"https:\/\/www.researchturkey.org\/tr\/wp-json\/wp\/v2\/users\/184"}],"replies":[{"embeddable":true,"href":"https:\/\/www.researchturkey.org\/tr\/wp-json\/wp\/v2\/comments?post=7551"}],"version-history":[{"count":2,"href":"https:\/\/www.researchturkey.org\/tr\/wp-json\/wp\/v2\/posts\/7551\/revisions"}],"predecessor-version":[{"id":9333,"href":"https:\/\/www.researchturkey.org\/tr\/wp-json\/wp\/v2\/posts\/7551\/revisions\/9333"}],"wp:featuredmedia":[{"embeddable":true,"href":"https:\/\/www.researchturkey.org\/tr\/wp-json\/wp\/v2\/media\/7754"}],"wp:attachment":[{"href":"https:\/\/www.researchturkey.org\/tr\/wp-json\/wp\/v2\/media?parent=7551"}],"wp:term":[{"taxonomy":"category","embeddable":true,"href":"https:\/\/www.researchturkey.org\/tr\/wp-json\/wp\/v2\/categories?post=7551"},{"taxonomy":"post_tag","embeddable":true,"href":"https:\/\/www.researchturkey.org\/tr\/wp-json\/wp\/v2\/tags?post=7551"}],"curies":[{"name":"wp","href":"https:\/\/api.w.org\/{rel}","templated":true}]}}