{"id":7553,"date":"2012-04-10T23:04:55","date_gmt":"2012-04-10T20:04:55","guid":{"rendered":"http:\/\/www.researchturkey.org\/?p=7553"},"modified":"2022-08-24T19:29:04","modified_gmt":"2022-08-24T16:29:04","slug":"second-istanbul-international-human-security-conference","status":"publish","type":"post","link":"https:\/\/www.researchturkey.org\/tr\/second-istanbul-international-human-security-conference\/","title":{"rendered":"\u0130kinci \u0130stanbul Uluslararas\u0131 \u0130nsan G\u00fcvenli\u011fi Konferans\u0131"},"content":{"rendered":"<p>Coventry, Kadir Has, Abant \u0130zzet Baysal ve Orta Do\u011fu Teknik \u00dcniversitelerinin ortakla\u015fa d\u00fczenledi\u011fi \u2018\u0130kinci \u0130stanbul Uluslararas\u0131 \u0130nsan G\u00fcvenli\u011fi Konferans\u0131\u2019 18-19 Ekim 2012 tarihlerinde ger\u00e7ekle\u015ftirilecek.<br \/>\nKonferansta makale sunmak i\u00e7in, sunuluacak makalenin 500 kelimelik \u00f6zeti 31 May\u0131s 2012 tarihine kadar Konferans Genel Koordinat\u00f6r\u00fc\u2019ne (<a href=\"mailto:fusunozerdem@yahoo.com\" target=\"_blank\" rel=\"noopener\">fusunozerdem@yahoo.com<\/a>) g\u00f6nderilmelidir. Konferans kamuya a\u00e7\u0131k olup t\u00fcm sekt\u00f6rlerden dinleyiciler davetlidir.<br \/>\n<strong>\u0130stanbul Konfernas\u0131: \u0130nsan G\u00fcvenli\u011fi: Tehditler, Riskler ve Krizler<\/strong><br \/>\nKonferans\u0131n dili: T\u00fcrk\u00e7e ve \u0130ngilizce<br \/>\nSon \u00f6zet kabul tarihi: 31 May\u0131s 2012<br \/>\nKabul Bildirimi: 29 Haziran 2012<br \/>\nTam makale teslimi: 31 A\u011fustos 2012<br \/>\nDaha fazla bilgi i\u00e7in a\u015fa\u011f\u0131daki adresi ziyaret edebilirsiniz: <a href=\"http:\/\/wwwm.coventry.ac.uk\/researchnet\/CPRS\/Turkey\/conference\/Pages\/CPRSTurkey.aspx\">http:\/\/www.coventry.ac.uk\/researchnet\/CPRS\/Turkey\/conference\/Pages\/CPRSTurkey.aspx\u00a0<\/a><\/p>\n","protected":false},"excerpt":{"rendered":"<p>Coventry, Kadir Has, Abant \u0130zzet Baysal ve Orta Do\u011fu Teknik \u00dcniversitelerinin ortakla\u015fa d\u00fczenledi\u011fi \u2018\u0130kinci \u0130stanbul Uluslararas\u0131 \u0130nsan G\u00fcvenli\u011fi Konferans\u0131\u2019 18-19 Ekim 2012 tarihlerinde ger\u00e7ekle\u015ftirilecek. Konferansta makale sunmak i\u00e7in, sunuluacak makalenin 500 kelimelik \u00f6zeti 31 May\u0131s 2012 tarihine kadar Konferans Genel Koordinat\u00f6r\u00fc\u2019ne (fusunozerdem@yahoo.com) g\u00f6nderilmelidir. Konferans kamuya a\u00e7\u0131k olup t\u00fcm sekt\u00f6rlerden dinleyiciler davetlidir. \u0130stanbul Konfernas\u0131: \u0130nsan G\u00fcvenli\u011fi: [&hellip;]<\/p>\n","protected":false},"author":184,"featured_media":7754,"comment_status":"open","ping_status":"open","sticky":false,"template":"","format":"standard","meta":{"footnotes":""},"categories":[213],"tags":[283],"_links":{"self":[{"href":"https:\/\/www.researchturkey.org\/tr\/wp-json\/wp\/v2\/posts\/7553"}],"collection":[{"href":"https:\/\/www.researchturkey.org\/tr\/wp-json\/wp\/v2\/posts"}],"about":[{"href":"https:\/\/www.researchturkey.org\/tr\/wp-json\/wp\/v2\/types\/post"}],"author":[{"embeddable":true,"href":"https:\/\/www.researchturkey.org\/tr\/wp-json\/wp\/v2\/users\/184"}],"replies":[{"embeddable":true,"href":"https:\/\/www.researchturkey.org\/tr\/wp-json\/wp\/v2\/comments?post=7553"}],"version-history":[{"count":2,"href":"https:\/\/www.researchturkey.org\/tr\/wp-json\/wp\/v2\/posts\/7553\/revisions"}],"predecessor-version":[{"id":9329,"href":"https:\/\/www.researchturkey.org\/tr\/wp-json\/wp\/v2\/posts\/7553\/revisions\/9329"}],"wp:featuredmedia":[{"embeddable":true,"href":"https:\/\/www.researchturkey.org\/tr\/wp-json\/wp\/v2\/media\/7754"}],"wp:attachment":[{"href":"https:\/\/www.researchturkey.org\/tr\/wp-json\/wp\/v2\/media?parent=7553"}],"wp:term":[{"taxonomy":"category","embeddable":true,"href":"https:\/\/www.researchturkey.org\/tr\/wp-json\/wp\/v2\/categories?post=7553"},{"taxonomy":"post_tag","embeddable":true,"href":"https:\/\/www.researchturkey.org\/tr\/wp-json\/wp\/v2\/tags?post=7553"}],"curies":[{"name":"wp","href":"https:\/\/api.w.org\/{rel}","templated":true}]}}