{"id":7554,"date":"2012-04-10T22:09:48","date_gmt":"2012-04-10T19:09:48","guid":{"rendered":"http:\/\/www.researchturkey.org\/?p=7554"},"modified":"2022-08-24T19:26:49","modified_gmt":"2022-08-24T16:26:49","slug":"democracy-and-the-eurozones-fiscal-pact-are-they-compatible","status":"publish","type":"post","link":"https:\/\/www.researchturkey.org\/tr\/democracy-and-the-eurozones-fiscal-pact-are-they-compatible\/","title":{"rendered":"Demokrasi ve Eurozone Mali Pakt\u0131: Birbirleri ile uyumlu mu?"},"content":{"rendered":"<p>The Federal Trust, the Konrad Adenauer Foundation ve the Global Policy Institute\u2019un ortakla\u015fa d\u00fczenleyece\u011fi \u2018<strong>Democracy and the Eurozone&#8217;s Fiscal Pact:\u00a0 Are They Compatible?\u2019 (<\/strong>Demokrasi ve Eurozone Mali Pakt\u0131: Birbirleri ile uyumlu mu?) konferans\u0131na dikkatinizi \u00e7ekmek istiyoruz.<br \/>\n<strong>Tarih:<\/strong> 16 Nisan 2012<br \/>\n<strong>Saat:<\/strong> 18.00-20.00<br \/>\n<strong>Yer:<\/strong> <strong>National Liberal Club, Whitehall Place<\/strong> <strong>Londra SW1A 2HE, Birle\u015fik Krall\u0131k<\/strong><br \/>\n<strong>Konferans G\u00fcndemi:<\/strong> Konferans yak\u0131n zamanda kabul edilen Mali Pakt\u0131n Avrupa\u2019daki demokrasiye olan etkilerini de\u011ferlendirecektir. Pakt\u0131 ele\u015ftiren kesimler pakt\u0131n \u00f6z\u00fcnde anti-demokratik oldu\u011funu iddia etmektedir. \u00d6te yandan bu Pakt\u0131 destekleyen kesimlerse ulusal ve Avrupa \u00f6l\u00e7e\u011finde pakt\u0131n Avrupal\u0131 se\u00e7menin demokratik haklar\u0131n\u0131 korudu\u011funu tart\u0131\u015fmaktad\u0131r. 16 Nisan\u2019da ger\u00e7ekle\u015fek olan konferans\u0131n ana g\u00fcndem maddesi bu ihtilaf olacakt\u0131r.<br \/>\n<strong>Konu\u015fmac\u0131lar:<\/strong><\/p>\n<p><strong>Professor Vernon Bogdanor,<\/strong> Profes\u00f6r, King&#8217;s College London<br \/>\n<strong>Andreas Krautscheid<\/strong>, Association of German Banks (Bundesverband deutscher Banken)<br \/>\n<strong>Brendan Donnelly<\/strong>, Ba\u015fkan, the Federal Trust<br \/>\n<strong>John Stevens<\/strong>, Eski Milletvekili (<strong>Oturum Ba\u015fkan\u0131)<\/strong><br \/>\n<strong>LCV:<\/strong> Alison Sutherland <a href=\"mailto:alison.sutherland@fedtrust.co.uk\">alison.sutherland@fedtrust.co.uk<\/a><\/p>\n","protected":false},"excerpt":{"rendered":"<p>The Federal Trust, the Konrad Adenauer Foundation ve the Global Policy Institute\u2019un ortakla\u015fa d\u00fczenleyece\u011fi \u2018Democracy and the Eurozone&#8217;s Fiscal Pact:\u00a0 Are They Compatible?\u2019 (Demokrasi ve Eurozone Mali Pakt\u0131: Birbirleri ile uyumlu mu?) konferans\u0131na dikkatinizi \u00e7ekmek istiyoruz. Tarih: 16 Nisan 2012 Saat: 18.00-20.00 Yer: National Liberal Club, Whitehall Place Londra SW1A 2HE, Birle\u015fik Krall\u0131k Konferans G\u00fcndemi: [&hellip;]<\/p>\n","protected":false},"author":184,"featured_media":7754,"comment_status":"open","ping_status":"open","sticky":false,"template":"","format":"standard","meta":{"footnotes":""},"categories":[213],"tags":[283],"_links":{"self":[{"href":"https:\/\/www.researchturkey.org\/tr\/wp-json\/wp\/v2\/posts\/7554"}],"collection":[{"href":"https:\/\/www.researchturkey.org\/tr\/wp-json\/wp\/v2\/posts"}],"about":[{"href":"https:\/\/www.researchturkey.org\/tr\/wp-json\/wp\/v2\/types\/post"}],"author":[{"embeddable":true,"href":"https:\/\/www.researchturkey.org\/tr\/wp-json\/wp\/v2\/users\/184"}],"replies":[{"embeddable":true,"href":"https:\/\/www.researchturkey.org\/tr\/wp-json\/wp\/v2\/comments?post=7554"}],"version-history":[{"count":2,"href":"https:\/\/www.researchturkey.org\/tr\/wp-json\/wp\/v2\/posts\/7554\/revisions"}],"predecessor-version":[{"id":9325,"href":"https:\/\/www.researchturkey.org\/tr\/wp-json\/wp\/v2\/posts\/7554\/revisions\/9325"}],"wp:featuredmedia":[{"embeddable":true,"href":"https:\/\/www.researchturkey.org\/tr\/wp-json\/wp\/v2\/media\/7754"}],"wp:attachment":[{"href":"https:\/\/www.researchturkey.org\/tr\/wp-json\/wp\/v2\/media?parent=7554"}],"wp:term":[{"taxonomy":"category","embeddable":true,"href":"https:\/\/www.researchturkey.org\/tr\/wp-json\/wp\/v2\/categories?post=7554"},{"taxonomy":"post_tag","embeddable":true,"href":"https:\/\/www.researchturkey.org\/tr\/wp-json\/wp\/v2\/tags?post=7554"}],"curies":[{"name":"wp","href":"https:\/\/api.w.org\/{rel}","templated":true}]}}