{"id":7557,"date":"2012-03-31T12:36:44","date_gmt":"2012-03-31T09:36:44","guid":{"rendered":"http:\/\/www.researchturkey.org\/?p=7557"},"modified":"2022-08-21T19:37:30","modified_gmt":"2022-08-21T16:37:30","slug":"the-ankara-conference-on-peacebuilding-conflict-resolution","status":"publish","type":"post","link":"https:\/\/www.researchturkey.org\/tr\/the-ankara-conference-on-peacebuilding-conflict-resolution\/","title":{"rendered":"The Ankara Conference on Peacebuilding &#038; Conflict Resolution"},"content":{"rendered":"<p><!--:en--><\/p>\n<p style=\"text-align: justify;\">Institute for Cultural Diplomacy\u2019nin d\u00fczenledi\u011fi &#8220;The Ankara Conference on Peacebuilding &amp; Conflict<\/p>\n<p style=\"text-align: justify;\">Resolution: Using Cultural Diplomacy as a Tool to Build Sustainable Peace\u201d (Bar\u0131\u015f ve \u00c7at\u0131\u015fma \u00c7\u00f6z\u00fcm\u00fc<br \/>\nAnkara Konferans\u0131: S\u00fcrd\u00fcr\u00fclebilir Bar\u0131\u015f \u0130n\u015fas\u0131 i\u00e7in K\u00fclt\u00fcrel Diplomasinin Kullan\u0131lmas\u0131) konferans\u0131na<br \/>\ndikkatinizi \u00e7ekmek istiyoruz.<\/p>\n<p style=\"text-align: justify;\">Tarih: 17-19 Nisan 2012<\/p>\n<p style=\"text-align: justify;\">Yer: T\u00fcrkiye Cumhuriyeti Maliye Bakanl\u0131\u011f\u0131 ve TOBB ETU \u00dcniversitesi, Ankara T\u00dcRK\u0130YE<\/p>\n<p style=\"text-align: justify;\">Konferans G\u00fcndemi: K\u00fclt\u00fcr\u00fcn toplumlar \u00fczerinde \u00f6nemli etkisi bulunmaktad\u0131r ve ulusal ve<br \/>\nuluslararas\u0131 sistemlerdeki yeni geli\u015fmeler ve de\u011fi\u015fimler i\u00e7in \u00f6nemli bir etken oldu\u011fu g\u00f6z \u00f6n\u00fcnde<br \/>\nbulundurulmal\u0131d\u0131r. Arap Bahar\u0131 \u00e7er\u00e7evesinde bar\u0131\u015f in\u015fas\u0131 ve \u00e7at\u0131\u015fma \u00e7\u00f6z\u00fcm\u00fcnde k\u00fclt\u00fcr ve politikan\u0131n<br \/>\nnas\u0131l dengelenmesi gerekti\u011fi konusunda Akdeniz b\u00f6lgesindeki bir\u00e7ok ulus farkl\u0131 modelleri g\u00f6zden<br \/>\nge\u00e7irmektedir. T\u00fcrkiye modeli bu konulardaki tart\u0131\u015fmalarda inceleme konusu oldu\u011fundan, Ankara<br \/>\nbu konferans icin etkileyeci bir yer olacakt\u0131r. Bu nedenle konferans\u0131n ana g\u00fcndemi g\u00fcn\u00fcm\u00fczde<br \/>\nAkdeniz\u2019de ortaya \u00e7\u0131kan yerel ve uluslararas\u0131 \u00f6nemli \u00e7at\u0131\u015fma ve de\u011fi\u015fimleri irdeleyecek ve \u00e7at\u0131\u015fma<br \/>\n\u00e7\u00f6z\u00fcm\u00fcnde k\u00fclt\u00fcrel diplomasinin bir ara\u00e7 olarak kullan\u0131lmas\u0131n\u0131n rol\u00fcn\u00fc tart\u0131\u015facakt\u0131r.<\/p>\n<p style=\"text-align: justify;\">Konferans, ICD YLF Ba\u015fkan\u0131, D\u0131\u015fi\u015fleri Eski Bakan\u0131 Say\u0131n Ya\u015far Yak\u0131\u015f\u2019\u0131n himayesi alt\u0131ndad\u0131r.<\/p>\n<p>Konferans ba\u015fvurusu akademisyenler, diplomatik ve siyasi temsilciler, sivil toplum \u00f6rg\u00fct\u00fc \u00e7al\u0131\u015fanlar\u0131,<br \/>\ngazeteciler, gen\u00e7 profesyoneller, \u00f6\u011frenciler ve Akdeniz b\u00f6lgesi, uluslararas\u0131 ili\u015fkiler, k\u00fclt\u00fcrel<br \/>\n\u00e7al\u0131smalar ve k\u00fcresel siyaset ile ilgilenen di\u011fer herkese a\u00e7\u0131kt\u0131r. Konferansa kat\u0131l\u0131m bedeli 195 Avrodur.<br \/>\nKat\u0131l\u0131mc\u0131lar, yapt\u0131klar\u0131 ba\u015fvurular\u0131n ard\u0131ndan konferansa kat\u0131lmaya hak kazand\u0131klar\u0131nda, kat\u0131l\u0131m<br \/>\n\u00fccretini \u00f6demeleri gerekmektedir.<br \/>\nBa\u015fvurular i\u00e7in l\u00fctfen <a href=\"http:\/\/www.culturaldiplomacy.org\/gphr\/index.php?en_acop-2012_applicationform\">http:\/\/www.culturaldiplomacy.org\/gphr\/index.php?en_acop-2012_applicationform<\/a>\u00a0linkini\u00a0t\u0131klay\u0131n\u0131z.<\/p>\n<p><!--:--><\/p>\n","protected":false},"excerpt":{"rendered":"<p>Institute for Cultural Diplomacy\u2019nin d\u00fczenledi\u011fi &#8220;The Ankara Conference on Peacebuilding &amp; Conflict Resolution: Using Cultural Diplomacy as a Tool to Build Sustainable Peace\u201d (Bar\u0131\u015f ve \u00c7at\u0131\u015fma \u00c7\u00f6z\u00fcm\u00fc Ankara Konferans\u0131: S\u00fcrd\u00fcr\u00fclebilir Bar\u0131\u015f \u0130n\u015fas\u0131 i\u00e7in K\u00fclt\u00fcrel Diplomasinin Kullan\u0131lmas\u0131) konferans\u0131na dikkatinizi \u00e7ekmek istiyoruz. Tarih: 17-19 Nisan 2012 Yer: T\u00fcrkiye Cumhuriyeti Maliye Bakanl\u0131\u011f\u0131 ve TOBB ETU \u00dcniversitesi, Ankara T\u00dcRK\u0130YE [&hellip;]<\/p>\n","protected":false},"author":184,"featured_media":7754,"comment_status":"open","ping_status":"open","sticky":false,"template":"","format":"standard","meta":{"footnotes":""},"categories":[213],"tags":[283],"_links":{"self":[{"href":"https:\/\/www.researchturkey.org\/tr\/wp-json\/wp\/v2\/posts\/7557"}],"collection":[{"href":"https:\/\/www.researchturkey.org\/tr\/wp-json\/wp\/v2\/posts"}],"about":[{"href":"https:\/\/www.researchturkey.org\/tr\/wp-json\/wp\/v2\/types\/post"}],"author":[{"embeddable":true,"href":"https:\/\/www.researchturkey.org\/tr\/wp-json\/wp\/v2\/users\/184"}],"replies":[{"embeddable":true,"href":"https:\/\/www.researchturkey.org\/tr\/wp-json\/wp\/v2\/comments?post=7557"}],"version-history":[{"count":2,"href":"https:\/\/www.researchturkey.org\/tr\/wp-json\/wp\/v2\/posts\/7557\/revisions"}],"predecessor-version":[{"id":9321,"href":"https:\/\/www.researchturkey.org\/tr\/wp-json\/wp\/v2\/posts\/7557\/revisions\/9321"}],"wp:featuredmedia":[{"embeddable":true,"href":"https:\/\/www.researchturkey.org\/tr\/wp-json\/wp\/v2\/media\/7754"}],"wp:attachment":[{"href":"https:\/\/www.researchturkey.org\/tr\/wp-json\/wp\/v2\/media?parent=7557"}],"wp:term":[{"taxonomy":"category","embeddable":true,"href":"https:\/\/www.researchturkey.org\/tr\/wp-json\/wp\/v2\/categories?post=7557"},{"taxonomy":"post_tag","embeddable":true,"href":"https:\/\/www.researchturkey.org\/tr\/wp-json\/wp\/v2\/tags?post=7557"}],"curies":[{"name":"wp","href":"https:\/\/api.w.org\/{rel}","templated":true}]}}