{"id":7558,"date":"2012-03-27T21:54:21","date_gmt":"2012-03-27T18:54:21","guid":{"rendered":"http:\/\/www.researchturkey.org\/?p=7558"},"modified":"2022-08-21T19:34:16","modified_gmt":"2022-08-21T16:34:16","slug":"glodem-foreign-policy-conference","status":"publish","type":"post","link":"https:\/\/www.researchturkey.org\/tr\/glodem-foreign-policy-conference\/","title":{"rendered":"GLODEM D\u0131\u015f Politika Konferans\u0131"},"content":{"rendered":"<p>&#8220;Turkish American Relations in A Volatile Region &#8211; Challenges and Opportunities\u201d (\u0130stikrars\u0131z Bir B\u00f6lgede Turkiye-ABD \u0130li\u015fkileri &#8211; Zorluklar ve F\u0131rsatlar) konferans\u0131na dikkatinizi \u00e7ekmek istiyoruz.<br \/>\nTarih: 29 Mart 2012 Per\u015fembe<br \/>\nYer: Kurucular Salonu, Ko\u00e7 \u00dcniversitesi, \u0130stanbul-T\u00dcRK\u0130YE<br \/>\nKonferans Program\u0131<br \/>\n9.30-10:00 Kay\u0131t<br \/>\n10:00-10:15 A\u00e7\u0131l\u0131\u015f Konu\u015fmas\u0131<br \/>\nProf. \u00dcmran \u0130nan<br \/>\nRekt\u00f6r,Ko\u00e7 \u00dcniversitesi<br \/>\n10:15-11:00 Ana Konu\u015fmac\u0131<br \/>\nB\u00fcy\u00fckel\u00e7i Francis Ricciardone<br \/>\nABD\u2019nin T\u00fcrkiye B\u00fcy\u00fckel\u00e7isi<br \/>\n11:15-12:00 Ana Konu\u015fmac\u0131<br \/>\nSuat K\u0131n\u0131kl\u0131o\u011flu<br \/>\nStartejik \u0130li\u015fkiler Merkezi (STRATIM) Ba\u015fkan\u0131, 23. D\u00f6nem Milletvekili<br \/>\n\u2018AKP Turkey and the United States: Partners in No One\u2019s World\u2019<br \/>\n12:00-13:30 \u00d6\u011fle Yeme\u011fi<br \/>\n13:30- 15:30 Panel I<br \/>\n\u2018Turkey-US and the Changing Dynamics of the Western Alliance<br \/>\nPanel\u2019<br \/>\nOturum Ba\u015fkan\u0131: Prof. Ziya \u00d6ni\u015f, GLODEM Ba\u015fkan\u0131, Ko\u00e7 \u00dcniversitesi<br \/>\nJoost Lagendijk, \u0130stanbul Politikalar Merkezi, T\u00fcrkiye<br \/>\nThe US and the EU on Iran: standing united or falling divided?<br \/>\nTar\u0131k O\u011fuzlu, Uluslararas\u0131 Antalya \u00dcniversitesi<br \/>\nTesting the strength of Turkish-American strategic relationship through NATO: Convergence or divergence within the Alliance?<br \/>\nTommy Steiner, Institute for Strategy and Policy, IDC Herzliya<br \/>\nTurkey-US and the Changing Dynamics of the Western Alliance: An Israeli Perspective<br \/>\nWilliam Hale, Londra SOAS, Emeritus<br \/>\nTurkish-Israeli relations and their impact on Turkey&#8217;s partnership with Washington<br \/>\nMustafa Kibaro\u011flu, Okan \u00dcniversitesi<br \/>\nTurkey&#8217;s place in the Missile Shield Project<br \/>\n15:45-17:15 Panel II<br \/>\nTurkey-US-Middle East Triangle in the Context of the Arab Spring<br \/>\nOturum Ba\u015fkan\u0131: \u015euhnaz Y\u0131lmaz, Ko\u00e7 \u00dcniversitesi<br \/>\nNur Bilge Criss, Bilkent \u00dcniversitesi<br \/>\nUS-Turkey-Middle East: Yesterday and Today<br \/>\nMeliha Altun\u0131\u015f\u0131k, Orta Do\u011fu Teknik \u00dcniversitesi<br \/>\nArab Uprisings and Regional Power Constellations: Impact on Turkey-US<br \/>\nRelations<br \/>\nLenore Martin, Emmanuel College and Harvard University<br \/>\nRecalibrating the US-Turkish Relationship in light of the Arab Spring<br \/>\nKemal Kiri\u015f\u00e7i, Bo\u011fazi\u00e7i \u00dcniversitesi<br \/>\nThe Arab Awakening and Completing Turkey&#8217;s regional integration: Challenges and Opportunities<br \/>\n17:30-18:30 Ana Konu\u015fmac\u0131<br \/>\nProf. Sabri Sayari, Bahcesehir Universitesi<br \/>\n\u2018New Directions in U.S-Turkey Relations\u2019<br \/>\n19:30 Konferans Ak\u015fam Yeme\u011fi<br \/>\nBu konferans \u00fccretsiz and halka a\u00e7\u0131kt\u0131r.<br \/>\nLCV:ayardimci@ku.edu.tr<\/p>\n","protected":false},"excerpt":{"rendered":"<p>&#8220;Turkish American Relations in A Volatile Region &#8211; Challenges and Opportunities\u201d (\u0130stikrars\u0131z Bir B\u00f6lgede Turkiye-ABD \u0130li\u015fkileri &#8211; Zorluklar ve F\u0131rsatlar) konferans\u0131na dikkatinizi \u00e7ekmek istiyoruz. Tarih: 29 Mart 2012 Per\u015fembe Yer: Kurucular Salonu, Ko\u00e7 \u00dcniversitesi, \u0130stanbul-T\u00dcRK\u0130YE Konferans Program\u0131 9.30-10:00 Kay\u0131t 10:00-10:15 A\u00e7\u0131l\u0131\u015f Konu\u015fmas\u0131 Prof. \u00dcmran \u0130nan Rekt\u00f6r,Ko\u00e7 \u00dcniversitesi 10:15-11:00 Ana Konu\u015fmac\u0131 B\u00fcy\u00fckel\u00e7i Francis Ricciardone ABD\u2019nin T\u00fcrkiye [&hellip;]<\/p>\n","protected":false},"author":184,"featured_media":7754,"comment_status":"open","ping_status":"open","sticky":false,"template":"","format":"standard","meta":{"footnotes":""},"categories":[213],"tags":[283],"_links":{"self":[{"href":"https:\/\/www.researchturkey.org\/tr\/wp-json\/wp\/v2\/posts\/7558"}],"collection":[{"href":"https:\/\/www.researchturkey.org\/tr\/wp-json\/wp\/v2\/posts"}],"about":[{"href":"https:\/\/www.researchturkey.org\/tr\/wp-json\/wp\/v2\/types\/post"}],"author":[{"embeddable":true,"href":"https:\/\/www.researchturkey.org\/tr\/wp-json\/wp\/v2\/users\/184"}],"replies":[{"embeddable":true,"href":"https:\/\/www.researchturkey.org\/tr\/wp-json\/wp\/v2\/comments?post=7558"}],"version-history":[{"count":2,"href":"https:\/\/www.researchturkey.org\/tr\/wp-json\/wp\/v2\/posts\/7558\/revisions"}],"predecessor-version":[{"id":9317,"href":"https:\/\/www.researchturkey.org\/tr\/wp-json\/wp\/v2\/posts\/7558\/revisions\/9317"}],"wp:featuredmedia":[{"embeddable":true,"href":"https:\/\/www.researchturkey.org\/tr\/wp-json\/wp\/v2\/media\/7754"}],"wp:attachment":[{"href":"https:\/\/www.researchturkey.org\/tr\/wp-json\/wp\/v2\/media?parent=7558"}],"wp:term":[{"taxonomy":"category","embeddable":true,"href":"https:\/\/www.researchturkey.org\/tr\/wp-json\/wp\/v2\/categories?post=7558"},{"taxonomy":"post_tag","embeddable":true,"href":"https:\/\/www.researchturkey.org\/tr\/wp-json\/wp\/v2\/tags?post=7558"}],"curies":[{"name":"wp","href":"https:\/\/api.w.org\/{rel}","templated":true}]}}