{"id":7560,"date":"2012-03-16T07:12:10","date_gmt":"2012-03-16T04:12:10","guid":{"rendered":"http:\/\/www.researchturkey.org\/?p=7560"},"modified":"2022-08-21T19:27:24","modified_gmt":"2022-08-21T16:27:24","slug":"competition-on-doctoral-dissertations-on-contemporary-turkey","status":"publish","type":"post","link":"https:\/\/www.researchturkey.org\/tr\/competition-on-doctoral-dissertations-on-contemporary-turkey\/","title":{"rendered":"\u00c7a\u011fda\u015f T\u00fcrkiye \u00fczerine Doktora Tezi Yar\u0131\u015fmas\u0131"},"content":{"rendered":"<p>&nbsp;<\/p>\n<p style=\"text-align: justify;\">London School of Economics and Political Science (LSE) \u00c7a\u011fda\u015f T\u00fcrkiye \u00c7al\u0131\u015fmalar\u0131 K\u00fcrs\u00fcs\u00fc&#8217;n\u00fcn d\u00fczenledi\u011fi, \u00e7a\u011fda\u015f T\u00fcrkiye \u00fczerine tamamlanm\u0131\u015f doktora tezi yar\u0131\u015fmas\u0131na dikkatinizi \u00e7ekmek istiyoruz.<\/p>\n<p>K\u00fcrs\u00fc&#8217;n\u00fcn duyurusunda, yar\u0131\u015fmaya \u0130kinci D\u00fcnya Sava\u015f\u0131 sonras\u0131 T\u00fcrkiye\u2019sini herhangi bir a\u00e7\u0131dan (siyasi, ekonomik, toplumsal, uluslar aras\u0131 ili\u015fkiler, k\u00fclt\u00fcrel vb.) ele alan \u0130ngilizce dilinde haz\u0131rlanm\u0131\u015f tezlerin kabul edilece\u011fi belirtiliyor. Bir b\u00f6l\u00fcm\u00fc daha \u00f6nceki d\u00f6nemleri de kapsayan tezler de yar\u0131\u015fmaya kat\u0131labilir. T\u00fcrkiye\u2019yi i\u00e7eren, kar\u015f\u0131la\u015ft\u0131rmal\u0131 tezler de yar\u0131\u015fma i\u00e7in g\u00f6nderilebilir.<br \/>\nDaha fazla bilgiyi a\u015fa\u011f\u0131daki web sitesinde bulabilirsiniz:<br \/>\n<a href=\"http:\/\/www2.lse.ac.uk\/europeanInstitute\/research\/ContemporaryTurkishStudies\/Doctoral%20Dissertation%20Competition.aspx\">http:\/\/www2.lse.ac.uk\/europeanInstitute\/research\/ContemporaryTurkishStudies\/Doctoral%20Dissertation%20Competition.aspx<\/a><\/p>\n","protected":false},"excerpt":{"rendered":"<p>&nbsp; London School of Economics and Political Science (LSE) \u00c7a\u011fda\u015f T\u00fcrkiye \u00c7al\u0131\u015fmalar\u0131 K\u00fcrs\u00fcs\u00fc&#8217;n\u00fcn d\u00fczenledi\u011fi, \u00e7a\u011fda\u015f T\u00fcrkiye \u00fczerine tamamlanm\u0131\u015f doktora tezi yar\u0131\u015fmas\u0131na dikkatinizi \u00e7ekmek istiyoruz. K\u00fcrs\u00fc&#8217;n\u00fcn duyurusunda, yar\u0131\u015fmaya \u0130kinci D\u00fcnya Sava\u015f\u0131 sonras\u0131 T\u00fcrkiye\u2019sini herhangi bir a\u00e7\u0131dan (siyasi, ekonomik, toplumsal, uluslar aras\u0131 ili\u015fkiler, k\u00fclt\u00fcrel vb.) ele alan \u0130ngilizce dilinde haz\u0131rlanm\u0131\u015f tezlerin kabul edilece\u011fi belirtiliyor. Bir b\u00f6l\u00fcm\u00fc daha [&hellip;]<\/p>\n","protected":false},"author":184,"featured_media":7754,"comment_status":"open","ping_status":"open","sticky":false,"template":"","format":"standard","meta":{"footnotes":""},"categories":[213],"tags":[289,283],"_links":{"self":[{"href":"https:\/\/www.researchturkey.org\/tr\/wp-json\/wp\/v2\/posts\/7560"}],"collection":[{"href":"https:\/\/www.researchturkey.org\/tr\/wp-json\/wp\/v2\/posts"}],"about":[{"href":"https:\/\/www.researchturkey.org\/tr\/wp-json\/wp\/v2\/types\/post"}],"author":[{"embeddable":true,"href":"https:\/\/www.researchturkey.org\/tr\/wp-json\/wp\/v2\/users\/184"}],"replies":[{"embeddable":true,"href":"https:\/\/www.researchturkey.org\/tr\/wp-json\/wp\/v2\/comments?post=7560"}],"version-history":[{"count":3,"href":"https:\/\/www.researchturkey.org\/tr\/wp-json\/wp\/v2\/posts\/7560\/revisions"}],"predecessor-version":[{"id":9309,"href":"https:\/\/www.researchturkey.org\/tr\/wp-json\/wp\/v2\/posts\/7560\/revisions\/9309"}],"wp:featuredmedia":[{"embeddable":true,"href":"https:\/\/www.researchturkey.org\/tr\/wp-json\/wp\/v2\/media\/7754"}],"wp:attachment":[{"href":"https:\/\/www.researchturkey.org\/tr\/wp-json\/wp\/v2\/media?parent=7560"}],"wp:term":[{"taxonomy":"category","embeddable":true,"href":"https:\/\/www.researchturkey.org\/tr\/wp-json\/wp\/v2\/categories?post=7560"},{"taxonomy":"post_tag","embeddable":true,"href":"https:\/\/www.researchturkey.org\/tr\/wp-json\/wp\/v2\/tags?post=7560"}],"curies":[{"name":"wp","href":"https:\/\/api.w.org\/{rel}","templated":true}]}}